{"id":101422,"date":"2019-10-16T14:32:20","date_gmt":"2019-10-16T17:32:20","guid":{"rendered":"http:\/\/www.hoymercedes.com.ar\/principal\/?p=101422"},"modified":"2019-10-16T12:33:45","modified_gmt":"2019-10-16T15:33:45","slug":"estudiantes-de-primario-realizaron-jornada-de-concientizacion-en-el-dia-del-baston-blanco","status":"publish","type":"post","link":"https:\/\/www.hoymercedes.com.ar\/principal\/2019\/10\/16\/estudiantes-de-primario-realizaron-jornada-de-concientizacion-en-el-dia-del-baston-blanco\/","title":{"rendered":"Estudiantes de primario realizaron jornada de concientizaci\u00f3n en el d\u00eda del Bast\u00f3n Blanco"},"content":{"rendered":"\n<p><em>En la plaza San Mart\u00edn, alumnos del 6\u00b0 a\u00f1o del Colegio San Jos\u00e9 realizaron juegos con los ojos tapados para concientizar sobre las vivencias de las personas ciegas. Tuvieron la oportunidad de hacerles consultas dos personas no videntes que contaron sus experiencias. <\/em><\/p>\n\n\n\n<figure class=\"wp-block-image\"><img loading=\"lazy\" decoding=\"async\" width=\"800\" height=\"534\" data-attachment-id=\"101419\" data-permalink=\"https:\/\/www.hoymercedes.com.ar\/principal\/2019\/10\/16\/all-boys-solidario-entrego-alimentos-a-comedores\/sanjoseciego-2\/#main\" data-orig-file=\"https:\/\/www.hoymercedes.com.ar\/principal\/wp-content\/uploads\/2019\/10\/SanjoseCiego-2.jpg\" data-orig-size=\"800,534\" data-comments-opened=\"0\" data-image-meta=\"{&quot;aperture&quot;:&quot;2&quot;,&quot;credit&quot;:&quot;&quot;,&quot;camera&quot;:&quot;Moto G (5S) Plus&quot;,&quot;caption&quot;:&quot;&quot;,&quot;created_timestamp&quot;:&quot;1571135769&quot;,&quot;copyright&quot;:&quot;&quot;,&quot;focal_length&quot;:&quot;3.59&quot;,&quot;iso&quot;:&quot;146&quot;,&quot;shutter_speed&quot;:&quot;0.02&quot;,&quot;title&quot;:&quot;&quot;,&quot;orientation&quot;:&quot;1&quot;}\" data-image-title=\"SanjoseCiego 2\" data-image-description=\"\" data-image-caption=\"\" data-large-file=\"https:\/\/www.hoymercedes.com.ar\/principal\/wp-content\/uploads\/2019\/10\/SanjoseCiego-2.jpg\" src=\"https:\/\/www.hoymercedes.com.ar\/principal\/wp-content\/uploads\/2019\/10\/SanjoseCiego-2.jpg\" alt=\"\" class=\"wp-image-101419\" srcset=\"https:\/\/www.hoymercedes.com.ar\/principal\/wp-content\/uploads\/2019\/10\/SanjoseCiego-2.jpg 800w, https:\/\/www.hoymercedes.com.ar\/principal\/wp-content\/uploads\/2019\/10\/SanjoseCiego-2-150x100.jpg 150w, https:\/\/www.hoymercedes.com.ar\/principal\/wp-content\/uploads\/2019\/10\/SanjoseCiego-2-630x421.jpg 630w\" sizes=\"auto, (max-width: 800px) 100vw, 800px\" \/><\/figure>\n\n\n\n<p>Una jornada de concientizaci\u00f3n e integraci\u00f3n llevaron\nadelante los alumnos del 6\u00b0 a\u00f1o del nivel primario del Colegio P\u00edo X de San\nJos\u00e9 en la ma\u00f1ana, lluviosa, del martes, D\u00eda del Bast\u00f3n Blanco. Instalados en\nla plaza San Mart\u00edn, los alumnos junto a su familia, las docentes Marina V\u00edtola\ny Vanina Vezzoso, junto a Patricio Defelippe, Carlos Aguilar y el maestro\nintegrador dependiente de la Escuela de Educaci\u00f3n Especial N\u00b0 503, Fernando\n\u00c1lvarez. <\/p>\n\n\n\n<p>\u201cLa propuesta fue concientizar a todos los mercedinos de los\nobst\u00e1culos que se les presentan a diario a las personas no videntes y c\u00f3mo\ncontrarrestar esa realidad. Tambi\u00e9n quer\u00edamos dar a conocer el trabajo que los\nalumnos vienen realizando desde el a\u00f1o pasado en el Colegio\u201d, explic\u00f3 Marina\nV\u00edtola, docente del Coelgio San Jos\u00e9. <\/p>\n\n\n\n<p>En las primeras horas de la ma\u00f1ana, cuando la lluvia no\nhab\u00eda ca\u00eddo a\u00fan, los alumnos del nivel primario instalaron juegos que debieron\nsortear con los ojos tapados. Uno de ellos consist\u00eda en poner botellas en el\npiso y con la ayuda de otra persona como gu\u00eda, esquivarlas. Tambi\u00e9n\naprovecharon la oportunidad para jugar al gallito ciego, que m\u00e1s all\u00e1 de la\npropuesta l\u00fadica en s\u00ed, se pens\u00f3 como una actividad para potenciar los cuatro\nsentidos restantes. <\/p>\n\n\n\n<p>Finalmente, los alumnos tuvieron la oportunidad de conversar\ncon Patricio Defelippe y Carlos Aguilar, dos vecinos&nbsp; de la ciudad que son ciegas y que en su vida\ncotidiana se afrontan a dificultades arquitect\u00f3nicas y sociales para circular\npor las calles de Mercedes. \u201cLos chicos aprovecharon a hablar con Patricio y\nCacho y plantearles inquietudes que ten\u00edan ellos. En esa charla intervino el\nmaestro del servicio agregado de ciegos, que facilit\u00f3 material como cuentos en\nbraile, mapas con texturas, entre otras cosas\u201d, cont\u00f3 la maestra Marina <\/p>\n\n\n\n<p>Es el segundo a\u00f1o que el mismo grupo de alumnos trabajan sobre las vivencias de las personas ciegas o disminuidas visuales. El a\u00f1o pasado, los estudiantes tuvieron la oportunidad de asistir a una funci\u00f3n del teatro ciego. \u201cLa respuesta de los alumnos fue muy positiva. As\u00ed que continuamos con el mismo proyecto. El proyecto institucional seguir\u00e1. Fernando, el maestro de educaci\u00f3n especial, ir\u00e1 de nuevo a la escuela para seguir haciendo actividades con los alumnos. Queremos aprovechar que est\u00e1n motivados para que los chicos sean agentes multiplicadores en la ciudad\u201d, agreg\u00f3 la docente de nivel primaria que agradeci\u00f3 a la comunidad educativa del Colegio P\u00edo X de San Jos\u00e9 por la participaci\u00f3n activa en la propuesta. <\/p>\n\n\n\n<figure class=\"wp-block-image\"><img loading=\"lazy\" decoding=\"async\" width=\"800\" height=\"534\" data-attachment-id=\"101418\" data-permalink=\"https:\/\/www.hoymercedes.com.ar\/principal\/2019\/10\/16\/all-boys-solidario-entrego-alimentos-a-comedores\/sanjoseciego-1\/#main\" data-orig-file=\"https:\/\/www.hoymercedes.com.ar\/principal\/wp-content\/uploads\/2019\/10\/SanjoseCiego-1.jpg\" data-orig-size=\"800,534\" data-comments-opened=\"0\" data-image-meta=\"{&quot;aperture&quot;:&quot;2&quot;,&quot;credit&quot;:&quot;&quot;,&quot;camera&quot;:&quot;Moto G (5S) Plus&quot;,&quot;caption&quot;:&quot;&quot;,&quot;created_timestamp&quot;:&quot;1571135867&quot;,&quot;copyright&quot;:&quot;&quot;,&quot;focal_length&quot;:&quot;3.59&quot;,&quot;iso&quot;:&quot;182&quot;,&quot;shutter_speed&quot;:&quot;0.01&quot;,&quot;title&quot;:&quot;&quot;,&quot;orientation&quot;:&quot;1&quot;}\" data-image-title=\"SanjoseCiego 1\" data-image-description=\"\" data-image-caption=\"\" data-large-file=\"https:\/\/www.hoymercedes.com.ar\/principal\/wp-content\/uploads\/2019\/10\/SanjoseCiego-1.jpg\" src=\"https:\/\/www.hoymercedes.com.ar\/principal\/wp-content\/uploads\/2019\/10\/SanjoseCiego-1.jpg\" alt=\"\" class=\"wp-image-101418\" srcset=\"https:\/\/www.hoymercedes.com.ar\/principal\/wp-content\/uploads\/2019\/10\/SanjoseCiego-1.jpg 800w, https:\/\/www.hoymercedes.com.ar\/principal\/wp-content\/uploads\/2019\/10\/SanjoseCiego-1-150x100.jpg 150w, https:\/\/www.hoymercedes.com.ar\/principal\/wp-content\/uploads\/2019\/10\/SanjoseCiego-1-630x421.jpg 630w\" sizes=\"auto, (max-width: 800px) 100vw, 800px\" \/><\/figure>\n\n\n\n<p>A modo de consejos, los alumnos entregaban a los vecinos que\ncirculaban por la plaza un folleto con sugerencias para ayudar a una persona\nciega. Es as\u00ed que aconsejan que al cruzarse con una persona ciega en una\nesquina, consultarle si necesita ayuda. S\u00ed es as\u00ed, orientarlo, ofrecer el brazo\nu el hombro para que camine detr\u00e1s suyo. Si espera un transporte p\u00fablico,\npreguntarle cu\u00e1l desea tomar y ayudarlo a subir si es necesario, colocando su\nmano en el pasamanos. <\/p>\n\n\n\n<p>Adem\u00e1s, aconsejan que, en caso de que se lo encuentre en un\nmedio de transporte, acercarle su mano en el asiento que desee utilizar. Si en\nese contexto, se encuentran con una escalera, indicarle si la misma sube o baja\nen caso de ser mec\u00e1nica. <br>\n\u201cPara orientar a una persona ciega, no hay que utilizar se\u00f1as, ni gestos, ni\npalabras como \u2018all\u00e1\u2019 o \u2018ah\u00ed\u2019. No podr\u00e1n comprender esa referencia. Hay que usar\npalabras como \u2018izquierda\u2019, \u2018derecha\u2019, \u2018atr\u00e1s\u2019 o \u2018adelante\u2019. Hay que hablarle\ndirectamente a ella, no a trav\u00e9s de terceros\u201d, explican en su folleto y\nrecuerdan que las personas con discapacidad visual pueden manejarse con\nindependencia como cualquier otra persona. S\u00f3lo requiere ayuda en momentos\npuntuales. <\/p>\n","protected":false},"excerpt":{"rendered":"<p>En la plaza San Mart\u00edn, alumnos del 6\u00b0 a\u00f1o del Colegio San Jos\u00e9 realizaron juegos con los ojos tapados para &#8230; <a title=\"Estudiantes de primario realizaron jornada de concientizaci\u00f3n en el d\u00eda del Bast\u00f3n Blanco\" class=\"read-more\" href=\"https:\/\/www.hoymercedes.com.ar\/principal\/2019\/10\/16\/estudiantes-de-primario-realizaron-jornada-de-concientizacion-en-el-dia-del-baston-blanco\/\" aria-label=\"Leer m\u00e1s sobre Estudiantes de primario realizaron jornada de concientizaci\u00f3n en el d\u00eda del Bast\u00f3n Blanco\">Leer m\u00e1s<\/a><\/p>\n","protected":false},"author":1,"featured_media":101418,"comment_status":"closed","ping_status":"open","sticky":false,"template":"","format":"standard","meta":{"_monsterinsights_skip_tracking":false,"_monsterinsights_sitenote_active":false,"_monsterinsights_sitenote_note":"","_monsterinsights_sitenote_category":0,"jetpack_post_was_ever_published":false,"_jetpack_newsletter_access":"","_jetpack_dont_email_post_to_subs":false,"_jetpack_newsletter_tier_id":0,"_jetpack_memberships_contains_paywalled_content":false,"_jetpack_memberships_contains_paid_content":false,"footnotes":"","jetpack_publicize_message":"","jetpack_publicize_feature_enabled":true,"jetpack_social_post_already_shared":true,"jetpack_social_options":{"image_generator_settings":{"template":"highway","default_image_id":0,"font":"","enabled":false},"version":2},"_wpas_customize_per_network":false},"categories":[23],"tags":[],"class_list":["post-101422","post","type-post","status-publish","format-standard","has-post-thumbnail","hentry","category-educacion","generate-columns","tablet-grid-50","mobile-grid-100","grid-parent","grid-50"],"jetpack_publicize_connections":[],"jetpack_featured_media_url":"https:\/\/www.hoymercedes.com.ar\/principal\/wp-content\/uploads\/2019\/10\/SanjoseCiego-1.jpg","wps_subtitle":"En la ma\u00f1ana del martes","jetpack_sharing_enabled":true,"_links":{"self":[{"href":"https:\/\/www.hoymercedes.com.ar\/principal\/wp-json\/wp\/v2\/posts\/101422","targetHints":{"allow":["GET"]}}],"collection":[{"href":"https:\/\/www.hoymercedes.com.ar\/principal\/wp-json\/wp\/v2\/posts"}],"about":[{"href":"https:\/\/www.hoymercedes.com.ar\/principal\/wp-json\/wp\/v2\/types\/post"}],"author":[{"embeddable":true,"href":"https:\/\/www.hoymercedes.com.ar\/principal\/wp-json\/wp\/v2\/users\/1"}],"replies":[{"embeddable":true,"href":"https:\/\/www.hoymercedes.com.ar\/principal\/wp-json\/wp\/v2\/comments?post=101422"}],"version-history":[{"count":0,"href":"https:\/\/www.hoymercedes.com.ar\/principal\/wp-json\/wp\/v2\/posts\/101422\/revisions"}],"wp:featuredmedia":[{"embeddable":true,"href":"https:\/\/www.hoymercedes.com.ar\/principal\/wp-json\/wp\/v2\/media\/101418"}],"wp:attachment":[{"href":"https:\/\/www.hoymercedes.com.ar\/principal\/wp-json\/wp\/v2\/media?parent=101422"}],"wp:term":[{"taxonomy":"category","embeddable":true,"href":"https:\/\/www.hoymercedes.com.ar\/principal\/wp-json\/wp\/v2\/categories?post=101422"},{"taxonomy":"post_tag","embeddable":true,"href":"https:\/\/www.hoymercedes.com.ar\/principal\/wp-json\/wp\/v2\/tags?post=101422"}],"curies":[{"name":"wp","href":"https:\/\/api.w.org\/{rel}","templated":true}]}}