{"id":101482,"date":"2019-10-17T17:09:06","date_gmt":"2019-10-17T20:09:06","guid":{"rendered":"http:\/\/www.hoymercedes.com.ar\/principal\/?p=101482"},"modified":"2019-10-17T17:09:12","modified_gmt":"2019-10-17T20:09:12","slug":"jovenes-y-memoria-reflexiones-sobre-dictadura-y-democracia","status":"publish","type":"post","link":"https:\/\/www.hoymercedes.com.ar\/principal\/2019\/10\/17\/jovenes-y-memoria-reflexiones-sobre-dictadura-y-democracia\/","title":{"rendered":"J\u00f3venes y Memoria: reflexiones sobre Dictadura y Democracia"},"content":{"rendered":"\n<figure class=\"wp-block-image\"><img loading=\"lazy\" decoding=\"async\" width=\"1024\" height=\"786\" data-attachment-id=\"101483\" data-permalink=\"https:\/\/www.hoymercedes.com.ar\/principal\/2019\/10\/17\/jovenes-y-memoria-reflexiones-sobre-dictadura-y-democracia\/charla-jovenes-y-memoria-1\/#main\" data-orig-file=\"https:\/\/www.hoymercedes.com.ar\/principal\/wp-content\/uploads\/2019\/10\/Charla-J\u00f3venes-y-Memoria-1.jpg\" data-orig-size=\"1035,794\" data-comments-opened=\"0\" data-image-meta=\"{&quot;aperture&quot;:&quot;0&quot;,&quot;credit&quot;:&quot;Picasa&quot;,&quot;camera&quot;:&quot;&quot;,&quot;caption&quot;:&quot;&quot;,&quot;created_timestamp&quot;:&quot;1570736435&quot;,&quot;copyright&quot;:&quot;&quot;,&quot;focal_length&quot;:&quot;0&quot;,&quot;iso&quot;:&quot;0&quot;,&quot;shutter_speed&quot;:&quot;0&quot;,&quot;title&quot;:&quot;&quot;,&quot;orientation&quot;:&quot;0&quot;}\" data-image-title=\"Charla-J\u00f3venes-y-Memoria-1\" data-image-description=\"\" data-image-caption=\"\" data-large-file=\"https:\/\/www.hoymercedes.com.ar\/principal\/wp-content\/uploads\/2019\/10\/Charla-J\u00f3venes-y-Memoria-1-1024x786.jpg\" src=\"https:\/\/www.hoymercedes.com.ar\/principal\/wp-content\/uploads\/2019\/10\/Charla-J\u00f3venes-y-Memoria-1-1024x786.jpg\" alt=\"\" class=\"wp-image-101483\" srcset=\"https:\/\/www.hoymercedes.com.ar\/principal\/wp-content\/uploads\/2019\/10\/Charla-J\u00f3venes-y-Memoria-1-1024x786.jpg 1024w, https:\/\/www.hoymercedes.com.ar\/principal\/wp-content\/uploads\/2019\/10\/Charla-J\u00f3venes-y-Memoria-1-150x115.jpg 150w, https:\/\/www.hoymercedes.com.ar\/principal\/wp-content\/uploads\/2019\/10\/Charla-J\u00f3venes-y-Memoria-1-630x483.jpg 630w, https:\/\/www.hoymercedes.com.ar\/principal\/wp-content\/uploads\/2019\/10\/Charla-J\u00f3venes-y-Memoria-1.jpg 1035w\" sizes=\"auto, (max-width: 1024px) 100vw, 1024px\" \/><\/figure>\n\n\n\n<p>Por Oscar Dinova<\/p>\n\n\n\n<p style=\"text-align:right\"><em>Recordar es f\u00e1cil para quien tiene memoria,<\/em><em>Olvidar es dif\u00edcil para quien tiene coraz\u00f3n <\/em><\/p>\n\n\n\n<p><strong><em>(G. Garc\u00eda Marquez)<\/em><\/strong><\/p>\n\n\n\n<p><strong>La Prof. Carolina BROVIA y el docente Pablo\nSCHAFRIK <\/strong>me invitaron, el viernes 4, a <strong>un\nEncuentro en el Marco del Proyecto J\u00d3VENES Y MEMORIA, con el 6to a\u00f1o de la\nEscuela N<sup>ro<\/sup> 14.<\/strong> Fue un bello y emotivo encuentro donde\npude, -en total libertad- testimoniar sobre los a\u00f1os `70, nuestros a\u00f1os de\nmilitancia, el contexto pol\u00edtico de la \u00e9poca, la p\u00e9rdida de la democracia y sus\ndram\u00e1ticas consecuencias. En un relato pleno de agridulces recuerdos volvieron\nlos a\u00f1os de sue\u00f1os e ideales, el compromiso adoptado por toda una generaci\u00f3n\nsin intereses personales, los errores cometidos y las p\u00e9rdidas de incontables\nvidas que una sociedad debe lamentar hasta nuestros d\u00edas.<\/p>\n\n\n\n<p><strong>Aprendizajes hechos a fuerza de dolor y\nreflexiones y la valoraci\u00f3n del sistema democr\u00e1tico<\/strong>, fueron algunos de los\nconceptos vertidos y acompa\u00f1ados de tramos de textos de mis libros. As\u00ed, los\nj\u00f3venes alumnos pudieron conocer a los protagonistas de organizaciones\njuveniles en Cuentos como Quince Minutos, o el exilio en el Alma del Diablo y\nBulul\u00fa Theatre. Luego, la posibilidad de reinsertarse en la Patria nuevamente\nen Tizas en el And\u00e9n. Todo qued\u00f3 documentado y ser\u00e1 la base de un documental\nque ellos presentar\u00e1n a Nivel Nacional.<\/p>\n\n\n\n<p><strong>Debo agradecer nuevamente a los docentes\nque trabajan con tanta sinceridad y empe\u00f1o<\/strong> estos duros tramos de la\nhistoria argentina, la oportunidad de transmitir nuestras vivencias, el clima\nde respeto y participaci\u00f3n de los alumnos y la oportunidad de remarcar, -una\nvez m\u00e1s y siempre- el mensaje que <strong>Nunca\nM\u00e1s debemos transitar los tiempos de una Dictadura y entre todos los ciudadanos\nser celosos guardianes del sistema democr\u00e1tico.<\/strong><\/p>\n\n\n\n<p>Estar\u00e9 siempre\ndisponible para cuando ustedes necesiten estas charlas y las estimen\nnecesarias.<\/p>\n\n\n\n<p><strong>\u00a1Hasta la pr\u00f3xima!<\/strong><\/p>\n","protected":false},"excerpt":{"rendered":"<p>Por Oscar Dinova Recordar es f\u00e1cil para quien tiene memoria,Olvidar es dif\u00edcil para quien tiene coraz\u00f3n (G. Garc\u00eda Marquez) La &#8230; <a title=\"J\u00f3venes y Memoria: reflexiones sobre Dictadura y Democracia\" class=\"read-more\" href=\"https:\/\/www.hoymercedes.com.ar\/principal\/2019\/10\/17\/jovenes-y-memoria-reflexiones-sobre-dictadura-y-democracia\/\" aria-label=\"Leer m\u00e1s sobre J\u00f3venes y Memoria: reflexiones sobre Dictadura y Democracia\">Leer m\u00e1s<\/a><\/p>\n","protected":false},"author":1,"featured_media":101483,"comment_status":"closed","ping_status":"open","sticky":false,"template":"","format":"standard","meta":{"_monsterinsights_skip_tracking":false,"_monsterinsights_sitenote_active":false,"_monsterinsights_sitenote_note":"","_monsterinsights_sitenote_category":0,"jetpack_post_was_ever_published":false,"_jetpack_newsletter_access":"","_jetpack_dont_email_post_to_subs":false,"_jetpack_newsletter_tier_id":0,"_jetpack_memberships_contains_paywalled_content":false,"_jetpack_memberships_contains_paid_content":false,"footnotes":"","jetpack_publicize_message":"","jetpack_publicize_feature_enabled":true,"jetpack_social_post_already_shared":true,"jetpack_social_options":{"image_generator_settings":{"template":"highway","default_image_id":0,"font":"","enabled":false},"version":2},"_wpas_customize_per_network":false},"categories":[8],"tags":[1288],"class_list":["post-101482","post","type-post","status-publish","format-standard","has-post-thumbnail","hentry","category-sociedad","tag-oscar-dinova","generate-columns","tablet-grid-50","mobile-grid-100","grid-parent","grid-50"],"jetpack_publicize_connections":[],"jetpack_featured_media_url":"https:\/\/www.hoymercedes.com.ar\/principal\/wp-content\/uploads\/2019\/10\/Charla-J\u00f3venes-y-Memoria-1.jpg","wps_subtitle":"Educaci\u00f3n y Cultura ","jetpack_sharing_enabled":true,"_links":{"self":[{"href":"https:\/\/www.hoymercedes.com.ar\/principal\/wp-json\/wp\/v2\/posts\/101482","targetHints":{"allow":["GET"]}}],"collection":[{"href":"https:\/\/www.hoymercedes.com.ar\/principal\/wp-json\/wp\/v2\/posts"}],"about":[{"href":"https:\/\/www.hoymercedes.com.ar\/principal\/wp-json\/wp\/v2\/types\/post"}],"author":[{"embeddable":true,"href":"https:\/\/www.hoymercedes.com.ar\/principal\/wp-json\/wp\/v2\/users\/1"}],"replies":[{"embeddable":true,"href":"https:\/\/www.hoymercedes.com.ar\/principal\/wp-json\/wp\/v2\/comments?post=101482"}],"version-history":[{"count":0,"href":"https:\/\/www.hoymercedes.com.ar\/principal\/wp-json\/wp\/v2\/posts\/101482\/revisions"}],"wp:featuredmedia":[{"embeddable":true,"href":"https:\/\/www.hoymercedes.com.ar\/principal\/wp-json\/wp\/v2\/media\/101483"}],"wp:attachment":[{"href":"https:\/\/www.hoymercedes.com.ar\/principal\/wp-json\/wp\/v2\/media?parent=101482"}],"wp:term":[{"taxonomy":"category","embeddable":true,"href":"https:\/\/www.hoymercedes.com.ar\/principal\/wp-json\/wp\/v2\/categories?post=101482"},{"taxonomy":"post_tag","embeddable":true,"href":"https:\/\/www.hoymercedes.com.ar\/principal\/wp-json\/wp\/v2\/tags?post=101482"}],"curies":[{"name":"wp","href":"https:\/\/api.w.org\/{rel}","templated":true}]}}