{"id":101486,"date":"2019-10-17T20:15:25","date_gmt":"2019-10-17T23:15:25","guid":{"rendered":"http:\/\/www.hoymercedes.com.ar\/principal\/?p=101486"},"modified":"2019-10-17T20:15:32","modified_gmt":"2019-10-17T23:15:32","slug":"la-lluvia-sigue-suspendiendo-partidos-en-la-liga-mercedina","status":"publish","type":"post","link":"https:\/\/www.hoymercedes.com.ar\/principal\/2019\/10\/17\/la-lluvia-sigue-suspendiendo-partidos-en-la-liga-mercedina\/","title":{"rendered":"La lluvia sigue suspendiendo partidos en la Liga Mercedina"},"content":{"rendered":"\n<p>Cuando parec\u00eda que el inicio de la Liguilla de Primera y Reserva de la Liga Mercedina de F\u00fatbol iba a empezar, la lluvia y el desborde del r\u00edo Luj\u00e1n obligaron a que los partidos pendientes y la \u00faltima fecha sufrieran varias postergaciones. Tal es el caso de Costa Brava Vs. AMEFIP, que ya tuvo tres reprogramaciones y por estas horas se conocer\u00e1 la cuarta.<\/p>\n\n\n\n<p>El otro encuentro que no se pudo jugar es el de Ateneo Vs. Talleres, al que todav\u00eda tiene 50 minutos por delante. Mientras se espera que el clima ayude a que se complete la fecha 28, la Liga anunci\u00f3 que los 16avos de final comenzar\u00e1n en Primera los d\u00edas 23 y 24 de octubre, mientras que los octavos se jugar\u00e1n entre el 26 y 28, quedando las semifinales y las finales para noviembre.<\/p>\n\n\n\n<p>Hasta el momento, la programaci\u00f3n es la siguiente<\/p>\n\n\n\n<p><em><strong>S\u00e1bado, cancha Liga Mercedina<\/strong><\/em><br>13:00 hs. Palometas Vs. El Tim\u00f3n<br>15:00 hs. V\u00e9lez Sarsfield Vs. Juventud<br>17:00 hs. Holanda Vs. La Diego Armando -A PUERTAS CERRADAS-<br>19:00 hs. Trocha Vs. Mercedes -A PUERTAS CERRADAS- <\/p>\n\n\n\n<blockquote class=\"wp-block-quote is-layout-flow wp-block-quote-is-layout-flow\"><p><strong>RESERVA<\/strong><\/p><\/blockquote>\n\n\n\n<p><em><strong>S\u00e1bado, cancha Los Carteros<\/strong><\/em><br>16:15 hs. Los Carteros Vs. Estudiantes<\/p>\n\n\n\n<p><em><strong>Domingo, cancha Col\u00f3n<\/strong><\/em><br>13:30 hs. Col\u00f3n Vs. Palometas FC<\/p>\n\n\n\n<p><em><strong>Domingo, cancha V\u00e9lez o Quilmes<\/strong><\/em><br>14:30 hs. La Diego Armando Vs. Defensores o Talleres<br>16:15 hs. AMEFIP Vs. Trocha<\/p>\n\n\n\n<p>El torneo de Reserva ya qued\u00f3 resuelto en cuanto a las clasificaciones y los puestos de cada equipo, mientras que el de Primera tiene poco por confirmar y los cuadros de la Liguilla quedaron de la siguiente manera:<\/p>\n\n\n\n<figure class=\"wp-block-image\"><img loading=\"lazy\" decoding=\"async\" width=\"849\" height=\"376\" data-attachment-id=\"101492\" data-permalink=\"https:\/\/www.hoymercedes.com.ar\/principal\/2019\/10\/17\/la-lluvia-sigue-suspendiendo-partidos-en-la-liga-mercedina\/liguilla-primera\/#main\" data-orig-file=\"https:\/\/www.hoymercedes.com.ar\/principal\/wp-content\/uploads\/2019\/10\/LIGUILLA-PRIMERA.png\" data-orig-size=\"849,376\" data-comments-opened=\"0\" data-image-meta=\"{&quot;aperture&quot;:&quot;0&quot;,&quot;credit&quot;:&quot;&quot;,&quot;camera&quot;:&quot;&quot;,&quot;caption&quot;:&quot;&quot;,&quot;created_timestamp&quot;:&quot;0&quot;,&quot;copyright&quot;:&quot;&quot;,&quot;focal_length&quot;:&quot;0&quot;,&quot;iso&quot;:&quot;0&quot;,&quot;shutter_speed&quot;:&quot;0&quot;,&quot;title&quot;:&quot;&quot;,&quot;orientation&quot;:&quot;0&quot;}\" data-image-title=\"LIGUILLA-PRIMERA\" data-image-description=\"\" data-image-caption=\"\" data-large-file=\"https:\/\/www.hoymercedes.com.ar\/principal\/wp-content\/uploads\/2019\/10\/LIGUILLA-PRIMERA.png\" src=\"https:\/\/www.hoymercedes.com.ar\/principal\/wp-content\/uploads\/2019\/10\/LIGUILLA-PRIMERA.png\" alt=\"\" class=\"wp-image-101492\" srcset=\"https:\/\/www.hoymercedes.com.ar\/principal\/wp-content\/uploads\/2019\/10\/LIGUILLA-PRIMERA.png 849w, https:\/\/www.hoymercedes.com.ar\/principal\/wp-content\/uploads\/2019\/10\/LIGUILLA-PRIMERA-150x66.png 150w, https:\/\/www.hoymercedes.com.ar\/principal\/wp-content\/uploads\/2019\/10\/LIGUILLA-PRIMERA-630x279.png 630w\" sizes=\"auto, (max-width: 849px) 100vw, 849px\" \/><\/figure>\n\n\n\n<figure class=\"wp-block-image\"><img loading=\"lazy\" decoding=\"async\" width=\"849\" height=\"375\" data-attachment-id=\"101493\" data-permalink=\"https:\/\/www.hoymercedes.com.ar\/principal\/2019\/10\/17\/la-lluvia-sigue-suspendiendo-partidos-en-la-liga-mercedina\/liguilla-reserva\/#main\" data-orig-file=\"https:\/\/www.hoymercedes.com.ar\/principal\/wp-content\/uploads\/2019\/10\/LIGUILLA-RESERVA.png\" data-orig-size=\"849,375\" data-comments-opened=\"0\" data-image-meta=\"{&quot;aperture&quot;:&quot;0&quot;,&quot;credit&quot;:&quot;&quot;,&quot;camera&quot;:&quot;&quot;,&quot;caption&quot;:&quot;&quot;,&quot;created_timestamp&quot;:&quot;0&quot;,&quot;copyright&quot;:&quot;&quot;,&quot;focal_length&quot;:&quot;0&quot;,&quot;iso&quot;:&quot;0&quot;,&quot;shutter_speed&quot;:&quot;0&quot;,&quot;title&quot;:&quot;&quot;,&quot;orientation&quot;:&quot;0&quot;}\" data-image-title=\"LIGUILLA-RESERVA\" data-image-description=\"\" data-image-caption=\"\" data-large-file=\"https:\/\/www.hoymercedes.com.ar\/principal\/wp-content\/uploads\/2019\/10\/LIGUILLA-RESERVA.png\" src=\"https:\/\/www.hoymercedes.com.ar\/principal\/wp-content\/uploads\/2019\/10\/LIGUILLA-RESERVA.png\" alt=\"\" class=\"wp-image-101493\" srcset=\"https:\/\/www.hoymercedes.com.ar\/principal\/wp-content\/uploads\/2019\/10\/LIGUILLA-RESERVA.png 849w, https:\/\/www.hoymercedes.com.ar\/principal\/wp-content\/uploads\/2019\/10\/LIGUILLA-RESERVA-150x66.png 150w, https:\/\/www.hoymercedes.com.ar\/principal\/wp-content\/uploads\/2019\/10\/LIGUILLA-RESERVA-630x278.png 630w\" sizes=\"auto, (max-width: 849px) 100vw, 849px\" \/><\/figure>\n","protected":false},"excerpt":{"rendered":"<p>Cuando parec\u00eda que el inicio de la Liguilla de Primera y Reserva de la Liga Mercedina de F\u00fatbol iba a &#8230; <a title=\"La lluvia sigue suspendiendo partidos en la Liga Mercedina\" class=\"read-more\" href=\"https:\/\/www.hoymercedes.com.ar\/principal\/2019\/10\/17\/la-lluvia-sigue-suspendiendo-partidos-en-la-liga-mercedina\/\" aria-label=\"Leer m\u00e1s sobre La lluvia sigue suspendiendo partidos en la Liga Mercedina\">Leer m\u00e1s<\/a><\/p>\n","protected":false},"author":1,"featured_media":101493,"comment_status":"closed","ping_status":"open","sticky":false,"template":"","format":"standard","meta":{"_monsterinsights_skip_tracking":false,"_monsterinsights_sitenote_active":false,"_monsterinsights_sitenote_note":"","_monsterinsights_sitenote_category":0,"jetpack_post_was_ever_published":false,"_jetpack_newsletter_access":"","_jetpack_dont_email_post_to_subs":false,"_jetpack_newsletter_tier_id":0,"_jetpack_memberships_contains_paywalled_content":false,"_jetpack_memberships_contains_paid_content":false,"footnotes":"","jetpack_publicize_message":"","jetpack_publicize_feature_enabled":true,"jetpack_social_post_already_shared":true,"jetpack_social_options":{"image_generator_settings":{"template":"highway","default_image_id":0,"font":"","enabled":false},"version":2},"_wpas_customize_per_network":false},"categories":[21],"tags":[9403,8775],"class_list":["post-101486","post","type-post","status-publish","format-standard","has-post-thumbnail","hentry","category-deportes","tag-liguilla","tag-reserva","generate-columns","tablet-grid-50","mobile-grid-100","grid-parent","grid-50"],"jetpack_publicize_connections":[],"jetpack_featured_media_url":"https:\/\/www.hoymercedes.com.ar\/principal\/wp-content\/uploads\/2019\/10\/LIGUILLA-RESERVA.png","wps_subtitle":"Liga Mercedina","jetpack_sharing_enabled":true,"_links":{"self":[{"href":"https:\/\/www.hoymercedes.com.ar\/principal\/wp-json\/wp\/v2\/posts\/101486","targetHints":{"allow":["GET"]}}],"collection":[{"href":"https:\/\/www.hoymercedes.com.ar\/principal\/wp-json\/wp\/v2\/posts"}],"about":[{"href":"https:\/\/www.hoymercedes.com.ar\/principal\/wp-json\/wp\/v2\/types\/post"}],"author":[{"embeddable":true,"href":"https:\/\/www.hoymercedes.com.ar\/principal\/wp-json\/wp\/v2\/users\/1"}],"replies":[{"embeddable":true,"href":"https:\/\/www.hoymercedes.com.ar\/principal\/wp-json\/wp\/v2\/comments?post=101486"}],"version-history":[{"count":0,"href":"https:\/\/www.hoymercedes.com.ar\/principal\/wp-json\/wp\/v2\/posts\/101486\/revisions"}],"wp:featuredmedia":[{"embeddable":true,"href":"https:\/\/www.hoymercedes.com.ar\/principal\/wp-json\/wp\/v2\/media\/101493"}],"wp:attachment":[{"href":"https:\/\/www.hoymercedes.com.ar\/principal\/wp-json\/wp\/v2\/media?parent=101486"}],"wp:term":[{"taxonomy":"category","embeddable":true,"href":"https:\/\/www.hoymercedes.com.ar\/principal\/wp-json\/wp\/v2\/categories?post=101486"},{"taxonomy":"post_tag","embeddable":true,"href":"https:\/\/www.hoymercedes.com.ar\/principal\/wp-json\/wp\/v2\/tags?post=101486"}],"curies":[{"name":"wp","href":"https:\/\/api.w.org\/{rel}","templated":true}]}}