{"id":101528,"date":"2019-10-18T10:22:02","date_gmt":"2019-10-18T13:22:02","guid":{"rendered":"http:\/\/www.hoymercedes.com.ar\/principal\/?p=101528"},"modified":"2019-10-18T13:23:37","modified_gmt":"2019-10-18T16:23:37","slug":"la-alimentacion-como-tema-central-de-actividades-en-la-sapec","status":"publish","type":"post","link":"https:\/\/www.hoymercedes.com.ar\/principal\/2019\/10\/18\/la-alimentacion-como-tema-central-de-actividades-en-la-sapec\/","title":{"rendered":"La alimentaci\u00f3n como tema central de actividades en la SAPEC"},"content":{"rendered":"\n<p>En el marco de la conmemoraci\u00f3n por el D\u00eda Mundial de la Alimentaci\u00f3n, la Sala de Atenci\u00f3n a Personas con Enfermedades cr\u00f3nicas (SAPEC) del Hospital Dubarry llev\u00f3 adelante una actividad abierta en la ma\u00f1ana de este jueves.\u00a0<\/p>\n\n\n\n<figure class=\"wp-block-image\"><img loading=\"lazy\" decoding=\"async\" width=\"800\" height=\"600\" data-attachment-id=\"101531\" data-permalink=\"https:\/\/www.hoymercedes.com.ar\/principal\/2019\/10\/18\/la-alimentacion-como-tema-central-de-actividades-en-la-sapec\/18-sapec-600\/#main\" data-orig-file=\"https:\/\/www.hoymercedes.com.ar\/principal\/wp-content\/uploads\/2019\/10\/18-sapec-600.jpg\" data-orig-size=\"800,600\" data-comments-opened=\"0\" data-image-meta=\"{&quot;aperture&quot;:&quot;0&quot;,&quot;credit&quot;:&quot;&quot;,&quot;camera&quot;:&quot;&quot;,&quot;caption&quot;:&quot;&quot;,&quot;created_timestamp&quot;:&quot;0&quot;,&quot;copyright&quot;:&quot;&quot;,&quot;focal_length&quot;:&quot;0&quot;,&quot;iso&quot;:&quot;0&quot;,&quot;shutter_speed&quot;:&quot;0&quot;,&quot;title&quot;:&quot;&quot;,&quot;orientation&quot;:&quot;0&quot;}\" data-image-title=\"18 sapec 600\" data-image-description=\"\" data-image-caption=\"\" data-large-file=\"https:\/\/www.hoymercedes.com.ar\/principal\/wp-content\/uploads\/2019\/10\/18-sapec-600.jpg\" src=\"https:\/\/www.hoymercedes.com.ar\/principal\/wp-content\/uploads\/2019\/10\/18-sapec-600.jpg\" alt=\"\" class=\"wp-image-101531\" srcset=\"https:\/\/www.hoymercedes.com.ar\/principal\/wp-content\/uploads\/2019\/10\/18-sapec-600.jpg 800w, https:\/\/www.hoymercedes.com.ar\/principal\/wp-content\/uploads\/2019\/10\/18-sapec-600-150x113.jpg 150w, https:\/\/www.hoymercedes.com.ar\/principal\/wp-content\/uploads\/2019\/10\/18-sapec-600-630x473.jpg 630w\" sizes=\"auto, (max-width: 800px) 100vw, 800px\" \/><\/figure>\n\n\n\n<p>La propuesta buscaba que los asistentes tomaran conciencia de buenas pr\u00e1cticas alimenticias. Es as\u00ed que se dividieron en cuatro grupos, cada uno estaba relacionado con los diferentes tipos de alimentos: grasas, frutas y verduras, sal y agua.&nbsp;<\/p>\n\n\n\n<p>Cada grupo realiz\u00f3 una rutina de ejercicios de movilidad generalizada, fortalecimiento muscular culminando con elongaciones.&nbsp;<\/p>\n\n\n\n<p>Tras la actividad f\u00edsica, los presentes participaron de una mesa redonda con el equipo interdisciplinario en donde se enfatiz\u00f3 en los factores de riesgo plausibles de modificarse. Enfatizando en los cambios de h\u00e1bitos y estilo de vida. Compartiendo un desayuno saludable con gelatina y frutas, la actividad concluy\u00f3 con la entrega de informaci\u00f3n en material gr\u00e1fico para que los asistentes puedan ser agentes multiplicadores.&nbsp;<\/p>\n\n\n\n<p>En el SAPEC que funciona en 37 y 10, los profesionales de la salud que all\u00ed trabajan agradecieron a quienes participaron y anticipan que la pr\u00f3xima actividad ser\u00e1 el 14 de noviembre, en e marco del D\u00eda Mundial de la Diabetes.\u00a0<\/p>\n\n\n\n<figure class=\"wp-block-image\"><img loading=\"lazy\" decoding=\"async\" width=\"800\" height=\"533\" data-attachment-id=\"101532\" data-permalink=\"https:\/\/www.hoymercedes.com.ar\/principal\/2019\/10\/18\/la-alimentacion-como-tema-central-de-actividades-en-la-sapec\/alimentacion-sapec-1-800x533-2\/#main\" data-orig-file=\"https:\/\/www.hoymercedes.com.ar\/principal\/wp-content\/uploads\/2019\/10\/alimentacion-SAPEC-1-800x533-1.jpg\" data-orig-size=\"800,533\" data-comments-opened=\"0\" data-image-meta=\"{&quot;aperture&quot;:&quot;0&quot;,&quot;credit&quot;:&quot;&quot;,&quot;camera&quot;:&quot;&quot;,&quot;caption&quot;:&quot;&quot;,&quot;created_timestamp&quot;:&quot;0&quot;,&quot;copyright&quot;:&quot;&quot;,&quot;focal_length&quot;:&quot;0&quot;,&quot;iso&quot;:&quot;0&quot;,&quot;shutter_speed&quot;:&quot;0&quot;,&quot;title&quot;:&quot;&quot;,&quot;orientation&quot;:&quot;0&quot;}\" data-image-title=\"alimentacion SAPEC 1-800&amp;#215;533\" data-image-description=\"\" data-image-caption=\"\" data-large-file=\"https:\/\/www.hoymercedes.com.ar\/principal\/wp-content\/uploads\/2019\/10\/alimentacion-SAPEC-1-800x533-1.jpg\" src=\"https:\/\/www.hoymercedes.com.ar\/principal\/wp-content\/uploads\/2019\/10\/alimentacion-SAPEC-1-800x533-1.jpg\" alt=\"\" class=\"wp-image-101532\" srcset=\"https:\/\/www.hoymercedes.com.ar\/principal\/wp-content\/uploads\/2019\/10\/alimentacion-SAPEC-1-800x533-1.jpg 800w, https:\/\/www.hoymercedes.com.ar\/principal\/wp-content\/uploads\/2019\/10\/alimentacion-SAPEC-1-800x533-1-150x100.jpg 150w, https:\/\/www.hoymercedes.com.ar\/principal\/wp-content\/uploads\/2019\/10\/alimentacion-SAPEC-1-800x533-1-630x420.jpg 630w, https:\/\/www.hoymercedes.com.ar\/principal\/wp-content\/uploads\/2019\/10\/alimentacion-SAPEC-1-800x533-1-700x465.jpg 700w\" sizes=\"auto, (max-width: 800px) 100vw, 800px\" \/><\/figure>\n\n\n\n<p><\/p>\n","protected":false},"excerpt":{"rendered":"<p>En el marco de la conmemoraci\u00f3n por el D\u00eda Mundial de la Alimentaci\u00f3n, la Sala de Atenci\u00f3n a Personas con &#8230; <a title=\"La alimentaci\u00f3n como tema central de actividades en la SAPEC\" class=\"read-more\" href=\"https:\/\/www.hoymercedes.com.ar\/principal\/2019\/10\/18\/la-alimentacion-como-tema-central-de-actividades-en-la-sapec\/\" aria-label=\"Leer m\u00e1s sobre La alimentaci\u00f3n como tema central de actividades en la SAPEC\">Leer m\u00e1s<\/a><\/p>\n","protected":false},"author":1,"featured_media":101532,"comment_status":"closed","ping_status":"open","sticky":false,"template":"","format":"standard","meta":{"_monsterinsights_skip_tracking":false,"_monsterinsights_sitenote_active":false,"_monsterinsights_sitenote_note":"","_monsterinsights_sitenote_category":0,"jetpack_post_was_ever_published":false,"_jetpack_newsletter_access":"","_jetpack_dont_email_post_to_subs":false,"_jetpack_newsletter_tier_id":0,"_jetpack_memberships_contains_paywalled_content":false,"_jetpack_memberships_contains_paid_content":false,"footnotes":"","jetpack_publicize_message":"","jetpack_publicize_feature_enabled":true,"jetpack_social_post_already_shared":true,"jetpack_social_options":{"image_generator_settings":{"template":"highway","default_image_id":0,"font":"","enabled":false},"version":2},"_wpas_customize_per_network":false},"categories":[9791],"tags":[],"class_list":["post-101528","post","type-post","status-publish","format-standard","has-post-thumbnail","hentry","category-salud","generate-columns","tablet-grid-50","mobile-grid-100","grid-parent","grid-50"],"jetpack_publicize_connections":[],"jetpack_featured_media_url":"https:\/\/www.hoymercedes.com.ar\/principal\/wp-content\/uploads\/2019\/10\/alimentacion-SAPEC-1-800x533-1.jpg","wps_subtitle":"Con pacientes de la sala","jetpack_sharing_enabled":true,"_links":{"self":[{"href":"https:\/\/www.hoymercedes.com.ar\/principal\/wp-json\/wp\/v2\/posts\/101528","targetHints":{"allow":["GET"]}}],"collection":[{"href":"https:\/\/www.hoymercedes.com.ar\/principal\/wp-json\/wp\/v2\/posts"}],"about":[{"href":"https:\/\/www.hoymercedes.com.ar\/principal\/wp-json\/wp\/v2\/types\/post"}],"author":[{"embeddable":true,"href":"https:\/\/www.hoymercedes.com.ar\/principal\/wp-json\/wp\/v2\/users\/1"}],"replies":[{"embeddable":true,"href":"https:\/\/www.hoymercedes.com.ar\/principal\/wp-json\/wp\/v2\/comments?post=101528"}],"version-history":[{"count":0,"href":"https:\/\/www.hoymercedes.com.ar\/principal\/wp-json\/wp\/v2\/posts\/101528\/revisions"}],"wp:featuredmedia":[{"embeddable":true,"href":"https:\/\/www.hoymercedes.com.ar\/principal\/wp-json\/wp\/v2\/media\/101532"}],"wp:attachment":[{"href":"https:\/\/www.hoymercedes.com.ar\/principal\/wp-json\/wp\/v2\/media?parent=101528"}],"wp:term":[{"taxonomy":"category","embeddable":true,"href":"https:\/\/www.hoymercedes.com.ar\/principal\/wp-json\/wp\/v2\/categories?post=101528"},{"taxonomy":"post_tag","embeddable":true,"href":"https:\/\/www.hoymercedes.com.ar\/principal\/wp-json\/wp\/v2\/tags?post=101528"}],"curies":[{"name":"wp","href":"https:\/\/api.w.org\/{rel}","templated":true}]}}