{"id":101571,"date":"2019-10-19T00:44:43","date_gmt":"2019-10-19T03:44:43","guid":{"rendered":"http:\/\/www.hoymercedes.com.ar\/principal\/?p=101571"},"modified":"2019-10-19T09:52:01","modified_gmt":"2019-10-19T12:52:01","slug":"101571","status":"publish","type":"post","link":"https:\/\/www.hoymercedes.com.ar\/principal\/2019\/10\/19\/101571\/","title":{"rendered":"\u00abEstaci\u00f3n Juego\u00bb: la novedosa propuesta recreativa en La Trocha"},"content":{"rendered":"\n<figure class=\"wp-block-image\"><img loading=\"lazy\" decoding=\"async\" width=\"1000\" height=\"486\" data-attachment-id=\"101572\" data-permalink=\"https:\/\/www.hoymercedes.com.ar\/principal\/2019\/10\/19\/101571\/estacionjuego6\/#main\" data-orig-file=\"https:\/\/www.hoymercedes.com.ar\/principal\/wp-content\/uploads\/2019\/10\/EstacionJuego6.jpg\" data-orig-size=\"1000,486\" data-comments-opened=\"0\" data-image-meta=\"{&quot;aperture&quot;:&quot;0&quot;,&quot;credit&quot;:&quot;&quot;,&quot;camera&quot;:&quot;&quot;,&quot;caption&quot;:&quot;&quot;,&quot;created_timestamp&quot;:&quot;0&quot;,&quot;copyright&quot;:&quot;&quot;,&quot;focal_length&quot;:&quot;0&quot;,&quot;iso&quot;:&quot;0&quot;,&quot;shutter_speed&quot;:&quot;0&quot;,&quot;title&quot;:&quot;&quot;,&quot;orientation&quot;:&quot;0&quot;}\" data-image-title=\"EstacionJuego6\" data-image-description=\"\" data-image-caption=\"\" data-large-file=\"https:\/\/www.hoymercedes.com.ar\/principal\/wp-content\/uploads\/2019\/10\/EstacionJuego6.jpg\" src=\"https:\/\/www.hoymercedes.com.ar\/principal\/wp-content\/uploads\/2019\/10\/EstacionJuego6.jpg\" alt=\"\" class=\"wp-image-101572\" srcset=\"https:\/\/www.hoymercedes.com.ar\/principal\/wp-content\/uploads\/2019\/10\/EstacionJuego6.jpg 1000w, https:\/\/www.hoymercedes.com.ar\/principal\/wp-content\/uploads\/2019\/10\/EstacionJuego6-150x73.jpg 150w, https:\/\/www.hoymercedes.com.ar\/principal\/wp-content\/uploads\/2019\/10\/EstacionJuego6-630x306.jpg 630w\" sizes=\"auto, (max-width: 1000px) 100vw, 1000px\" \/><\/figure>\n\n\n\n<p>La actividad propone un recorrido\nlibre a trav\u00e9s de diversas zonas tem\u00e1ticas de actividades compartidas: el Museo\nFerroviario, el Galp\u00f3n de las Artes Esc\u00e9nicas, el Galp\u00f3n de Arte, Ciencia y\nCreaci\u00f3n, la Plaza de los Mangrullos y el Pinar. All\u00ed el intendente Juan\nIgnacio Ustarroz estuvo recorriendo este espacio y dijo \u201ccreo que este es un\npaso transcendental para la ciudad en un lugar que ya ven\u00eda avanzando much\u00edsimo\ncomo espacio cultural, social, de encuentro de todos los mercedinos, y que\nahora contenga esta propuesta realmente representa un progreso enorme como\ncomunidad\u201d.<\/p>\n\n\n\n<p>Adem\u00e1s, estuvieron presentes la\nsecretaria de desarrollo social, Jorgelina Silva, directivos de instituciones educativas,\nni\u00f1os y ni\u00f1as y familias que le dieron un gran marco a este d\u00eda tan especial. <\/p>\n\n\n\n<figure class=\"wp-block-image\"><img loading=\"lazy\" decoding=\"async\" width=\"1000\" height=\"486\" data-attachment-id=\"101573\" data-permalink=\"https:\/\/www.hoymercedes.com.ar\/principal\/2019\/10\/19\/101571\/estacionjuego7\/#main\" data-orig-file=\"https:\/\/www.hoymercedes.com.ar\/principal\/wp-content\/uploads\/2019\/10\/EstacionJuego7.jpg\" data-orig-size=\"1000,486\" data-comments-opened=\"0\" data-image-meta=\"{&quot;aperture&quot;:&quot;0&quot;,&quot;credit&quot;:&quot;&quot;,&quot;camera&quot;:&quot;&quot;,&quot;caption&quot;:&quot;&quot;,&quot;created_timestamp&quot;:&quot;0&quot;,&quot;copyright&quot;:&quot;&quot;,&quot;focal_length&quot;:&quot;0&quot;,&quot;iso&quot;:&quot;0&quot;,&quot;shutter_speed&quot;:&quot;0&quot;,&quot;title&quot;:&quot;&quot;,&quot;orientation&quot;:&quot;0&quot;}\" data-image-title=\"EstacionJuego7\" data-image-description=\"\" data-image-caption=\"\" data-large-file=\"https:\/\/www.hoymercedes.com.ar\/principal\/wp-content\/uploads\/2019\/10\/EstacionJuego7.jpg\" src=\"https:\/\/www.hoymercedes.com.ar\/principal\/wp-content\/uploads\/2019\/10\/EstacionJuego7.jpg\" alt=\"\" class=\"wp-image-101573\" srcset=\"https:\/\/www.hoymercedes.com.ar\/principal\/wp-content\/uploads\/2019\/10\/EstacionJuego7.jpg 1000w, https:\/\/www.hoymercedes.com.ar\/principal\/wp-content\/uploads\/2019\/10\/EstacionJuego7-150x73.jpg 150w, https:\/\/www.hoymercedes.com.ar\/principal\/wp-content\/uploads\/2019\/10\/EstacionJuego7-630x306.jpg 630w\" sizes=\"auto, (max-width: 1000px) 100vw, 1000px\" \/><\/figure>\n\n\n\n<p>\u201cAc\u00e1 han trabajado artistas,\ndiferentes \u00e1reas del municipio quienes han impuesto su amor, el compromiso, la\nvocaci\u00f3n, este pensar colectivamente en funci\u00f3n de establecer realmente como\nuna prioridad la ni\u00f1ez y la familia\u201d subray\u00f3 el intendente Ustarroz.<\/p>\n\n\n\n<figure class=\"wp-block-image\"><img loading=\"lazy\" decoding=\"async\" width=\"1000\" height=\"486\" data-attachment-id=\"101578\" data-permalink=\"https:\/\/www.hoymercedes.com.ar\/principal\/2019\/10\/19\/101571\/estacionjuego1\/#main\" data-orig-file=\"https:\/\/www.hoymercedes.com.ar\/principal\/wp-content\/uploads\/2019\/10\/EstacionJuego1.jpg\" data-orig-size=\"1000,486\" data-comments-opened=\"0\" data-image-meta=\"{&quot;aperture&quot;:&quot;0&quot;,&quot;credit&quot;:&quot;&quot;,&quot;camera&quot;:&quot;&quot;,&quot;caption&quot;:&quot;&quot;,&quot;created_timestamp&quot;:&quot;0&quot;,&quot;copyright&quot;:&quot;&quot;,&quot;focal_length&quot;:&quot;0&quot;,&quot;iso&quot;:&quot;0&quot;,&quot;shutter_speed&quot;:&quot;0&quot;,&quot;title&quot;:&quot;&quot;,&quot;orientation&quot;:&quot;0&quot;}\" data-image-title=\"EstacionJuego1\" data-image-description=\"\" data-image-caption=\"\" data-large-file=\"https:\/\/www.hoymercedes.com.ar\/principal\/wp-content\/uploads\/2019\/10\/EstacionJuego1.jpg\" src=\"https:\/\/www.hoymercedes.com.ar\/principal\/wp-content\/uploads\/2019\/10\/EstacionJuego1.jpg\" alt=\"\" class=\"wp-image-101578\" srcset=\"https:\/\/www.hoymercedes.com.ar\/principal\/wp-content\/uploads\/2019\/10\/EstacionJuego1.jpg 1000w, https:\/\/www.hoymercedes.com.ar\/principal\/wp-content\/uploads\/2019\/10\/EstacionJuego1-150x73.jpg 150w, https:\/\/www.hoymercedes.com.ar\/principal\/wp-content\/uploads\/2019\/10\/EstacionJuego1-630x306.jpg 630w\" sizes=\"auto, (max-width: 1000px) 100vw, 1000px\" \/><\/figure>\n\n\n\n<p>A su vez, el Dr. Ustarroz\nmanifest\u00f3 \u201cpara nosotros evidentemente representa un avance enorme, porque lo\nque buscamos que el ni\u00f1o le pida a los padres poder venir a estos lugares de\nrecreaci\u00f3n, esparcimiento, aprendizaje, que sea totalmente gratuito y para\ntodos los mercedinos\u201d y a\u00f1adi\u00f3 \u201ccuando uno ve el concepto pedag\u00f3gico en cada\nuno de los juegos y el trabajo que se ha hecho verdaderamente me pone muy feliz\u201d.<\/p>\n\n\n\n<figure class=\"wp-block-image\"><img loading=\"lazy\" decoding=\"async\" width=\"1000\" height=\"486\" data-attachment-id=\"101574\" data-permalink=\"https:\/\/www.hoymercedes.com.ar\/principal\/2019\/10\/19\/101571\/estacionjuego12\/#main\" data-orig-file=\"https:\/\/www.hoymercedes.com.ar\/principal\/wp-content\/uploads\/2019\/10\/EstacionJuego12.jpg\" data-orig-size=\"1000,486\" data-comments-opened=\"0\" data-image-meta=\"{&quot;aperture&quot;:&quot;0&quot;,&quot;credit&quot;:&quot;&quot;,&quot;camera&quot;:&quot;&quot;,&quot;caption&quot;:&quot;&quot;,&quot;created_timestamp&quot;:&quot;0&quot;,&quot;copyright&quot;:&quot;&quot;,&quot;focal_length&quot;:&quot;0&quot;,&quot;iso&quot;:&quot;0&quot;,&quot;shutter_speed&quot;:&quot;0&quot;,&quot;title&quot;:&quot;&quot;,&quot;orientation&quot;:&quot;0&quot;}\" data-image-title=\"EstacionJuego12\" data-image-description=\"\" data-image-caption=\"\" data-large-file=\"https:\/\/www.hoymercedes.com.ar\/principal\/wp-content\/uploads\/2019\/10\/EstacionJuego12.jpg\" src=\"https:\/\/www.hoymercedes.com.ar\/principal\/wp-content\/uploads\/2019\/10\/EstacionJuego12.jpg\" alt=\"\" class=\"wp-image-101574\" srcset=\"https:\/\/www.hoymercedes.com.ar\/principal\/wp-content\/uploads\/2019\/10\/EstacionJuego12.jpg 1000w, https:\/\/www.hoymercedes.com.ar\/principal\/wp-content\/uploads\/2019\/10\/EstacionJuego12-150x73.jpg 150w, https:\/\/www.hoymercedes.com.ar\/principal\/wp-content\/uploads\/2019\/10\/EstacionJuego12-630x306.jpg 630w\" sizes=\"auto, (max-width: 1000px) 100vw, 1000px\" \/><\/figure>\n\n\n\n<p>\u201cEsto es un proceso colectivo y\nes una demostraci\u00f3n de que es posible y real hacer una ciudad entre todos, que\nes lo que necesitamos para seguir avanzando por una sociedad mejor\u201d recalc\u00f3 el\nintendente Juan Ignacio Ustarroz. <\/p>\n\n\n\n<p>Por su parte, la secretaria de\ndesarrollo social, Lic. Jorgelina Silva se\u00f1al\u00f3 \u201cestamos muy orgullosos de lo\nque surgi\u00f3, la idea es una intervenci\u00f3n entera de toda la Trocha, es una\npropuesta l\u00fadica y recreativa para ni\u00f1os, escuelas y familias\u201d.<\/p>\n\n\n\n<figure class=\"wp-block-image\"><img loading=\"lazy\" decoding=\"async\" width=\"1000\" height=\"486\" data-attachment-id=\"101575\" data-permalink=\"https:\/\/www.hoymercedes.com.ar\/principal\/2019\/10\/19\/101571\/estacionjuego11\/#main\" data-orig-file=\"https:\/\/www.hoymercedes.com.ar\/principal\/wp-content\/uploads\/2019\/10\/EstacionJuego11.jpg\" data-orig-size=\"1000,486\" data-comments-opened=\"0\" data-image-meta=\"{&quot;aperture&quot;:&quot;0&quot;,&quot;credit&quot;:&quot;&quot;,&quot;camera&quot;:&quot;&quot;,&quot;caption&quot;:&quot;&quot;,&quot;created_timestamp&quot;:&quot;0&quot;,&quot;copyright&quot;:&quot;&quot;,&quot;focal_length&quot;:&quot;0&quot;,&quot;iso&quot;:&quot;0&quot;,&quot;shutter_speed&quot;:&quot;0&quot;,&quot;title&quot;:&quot;&quot;,&quot;orientation&quot;:&quot;0&quot;}\" data-image-title=\"EstacionJuego11\" data-image-description=\"\" data-image-caption=\"\" data-large-file=\"https:\/\/www.hoymercedes.com.ar\/principal\/wp-content\/uploads\/2019\/10\/EstacionJuego11.jpg\" src=\"https:\/\/www.hoymercedes.com.ar\/principal\/wp-content\/uploads\/2019\/10\/EstacionJuego11.jpg\" alt=\"\" class=\"wp-image-101575\" srcset=\"https:\/\/www.hoymercedes.com.ar\/principal\/wp-content\/uploads\/2019\/10\/EstacionJuego11.jpg 1000w, https:\/\/www.hoymercedes.com.ar\/principal\/wp-content\/uploads\/2019\/10\/EstacionJuego11-150x73.jpg 150w, https:\/\/www.hoymercedes.com.ar\/principal\/wp-content\/uploads\/2019\/10\/EstacionJuego11-630x306.jpg 630w\" sizes=\"auto, (max-width: 1000px) 100vw, 1000px\" \/><\/figure>\n\n\n\n<p>\u201cLa consiga es \u201cquiero tiempo,\npero tiempo no apurado\u201d, con lo cual, la idea es venir a jugar, a sentarse a\ndisfrutar de cada uno de los juegos y aprender algo nuevo\u201d remarc\u00f3 Silva y\nagreg\u00f3 \u201cesta es una idea del intendente Ustarroz, que apunta, m\u00e1s all\u00e1 de estar\natravesados por la tecnolog\u00eda, que los chicos vengan y disfruten de esta\npropuesta l\u00fadica y de recreaci\u00f3n\u201d.<\/p>\n\n\n\n<figure class=\"wp-block-image\"><img loading=\"lazy\" decoding=\"async\" width=\"1000\" height=\"486\" data-attachment-id=\"101579\" data-permalink=\"https:\/\/www.hoymercedes.com.ar\/principal\/2019\/10\/19\/101571\/estacionjuego1-1\/#main\" data-orig-file=\"https:\/\/www.hoymercedes.com.ar\/principal\/wp-content\/uploads\/2019\/10\/EstacionJuego1-1.jpg\" data-orig-size=\"1000,486\" data-comments-opened=\"0\" data-image-meta=\"{&quot;aperture&quot;:&quot;0&quot;,&quot;credit&quot;:&quot;&quot;,&quot;camera&quot;:&quot;&quot;,&quot;caption&quot;:&quot;&quot;,&quot;created_timestamp&quot;:&quot;0&quot;,&quot;copyright&quot;:&quot;&quot;,&quot;focal_length&quot;:&quot;0&quot;,&quot;iso&quot;:&quot;0&quot;,&quot;shutter_speed&quot;:&quot;0&quot;,&quot;title&quot;:&quot;&quot;,&quot;orientation&quot;:&quot;0&quot;}\" data-image-title=\"EstacionJuego1-1\" data-image-description=\"\" data-image-caption=\"\" data-large-file=\"https:\/\/www.hoymercedes.com.ar\/principal\/wp-content\/uploads\/2019\/10\/EstacionJuego1-1.jpg\" src=\"https:\/\/www.hoymercedes.com.ar\/principal\/wp-content\/uploads\/2019\/10\/EstacionJuego1-1.jpg\" alt=\"\" class=\"wp-image-101579\" srcset=\"https:\/\/www.hoymercedes.com.ar\/principal\/wp-content\/uploads\/2019\/10\/EstacionJuego1-1.jpg 1000w, https:\/\/www.hoymercedes.com.ar\/principal\/wp-content\/uploads\/2019\/10\/EstacionJuego1-1-150x73.jpg 150w, https:\/\/www.hoymercedes.com.ar\/principal\/wp-content\/uploads\/2019\/10\/EstacionJuego1-1-630x306.jpg 630w\" sizes=\"auto, (max-width: 1000px) 100vw, 1000px\" \/><\/figure>\n\n\n\n<p>La Lic. Gabriela Olivella,\nDirectora de Ni\u00f1ez y Adolescencia indic\u00f3 \u201ctrabajamos mancomunadamente\ndiferentes \u00e1reas, entre ellas Desarrollo Social, Servicios p\u00fablicos, los juegos\ny montaje de los juegos se hicieron en el corral\u00f3n municipal, el \u00e1rea de cultura,\nes decir todos colaborando para que esto llegue a ser un espacio \u00fanico y una\npropuesta totalmente diferente en Mercedes\u201d.<\/p>\n\n\n\n<figure class=\"wp-block-image\"><img loading=\"lazy\" decoding=\"async\" width=\"1000\" height=\"667\" data-attachment-id=\"101576\" data-permalink=\"https:\/\/www.hoymercedes.com.ar\/principal\/2019\/10\/19\/101571\/estacionjuegodsc_0131\/#main\" data-orig-file=\"https:\/\/www.hoymercedes.com.ar\/principal\/wp-content\/uploads\/2019\/10\/EstacionJuegoDSC_0131.jpg\" data-orig-size=\"1000,667\" data-comments-opened=\"0\" data-image-meta=\"{&quot;aperture&quot;:&quot;0&quot;,&quot;credit&quot;:&quot;&quot;,&quot;camera&quot;:&quot;&quot;,&quot;caption&quot;:&quot;&quot;,&quot;created_timestamp&quot;:&quot;0&quot;,&quot;copyright&quot;:&quot;&quot;,&quot;focal_length&quot;:&quot;0&quot;,&quot;iso&quot;:&quot;0&quot;,&quot;shutter_speed&quot;:&quot;0&quot;,&quot;title&quot;:&quot;&quot;,&quot;orientation&quot;:&quot;0&quot;}\" data-image-title=\"EstacionJuegoDSC_0131\" data-image-description=\"\" data-image-caption=\"\" data-large-file=\"https:\/\/www.hoymercedes.com.ar\/principal\/wp-content\/uploads\/2019\/10\/EstacionJuegoDSC_0131.jpg\" src=\"https:\/\/www.hoymercedes.com.ar\/principal\/wp-content\/uploads\/2019\/10\/EstacionJuegoDSC_0131.jpg\" alt=\"\" class=\"wp-image-101576\" srcset=\"https:\/\/www.hoymercedes.com.ar\/principal\/wp-content\/uploads\/2019\/10\/EstacionJuegoDSC_0131.jpg 1000w, https:\/\/www.hoymercedes.com.ar\/principal\/wp-content\/uploads\/2019\/10\/EstacionJuegoDSC_0131-150x100.jpg 150w, https:\/\/www.hoymercedes.com.ar\/principal\/wp-content\/uploads\/2019\/10\/EstacionJuegoDSC_0131-630x420.jpg 630w\" sizes=\"auto, (max-width: 1000px) 100vw, 1000px\" \/><\/figure>\n\n\n\n<p>Andrea Moleres, una de las\npersonas a cargo del dise\u00f1o de este novedoso emplazamiento, &nbsp;se\u00f1al\u00f3 \u201cesto surge porque hay una gesti\u00f3n,\nencabezada por el Dr. Ustarroz, que prioriza sobre todo la ni\u00f1ez, sin una\ngesti\u00f3n as\u00ed esto no hubiera sido posible\u201d y asegur\u00f3 \u201cadem\u00e1s con esta necesidad\nde crear lugares alternativos a los tecnol\u00f3gicos, para que los ni\u00f1os tengan\nespacios de encuentro, aprendizaje, investigaci\u00f3n, creaci\u00f3n y expresi\u00f3n. En un\nentorno que tiene espacios o escenarios l\u00fadicos en lugares cerrados y al aire\nlibre\u201d. <\/p>\n\n\n\n<figure class=\"wp-block-image\"><img loading=\"lazy\" decoding=\"async\" width=\"1000\" height=\"667\" data-attachment-id=\"101577\" data-permalink=\"https:\/\/www.hoymercedes.com.ar\/principal\/2019\/10\/19\/101571\/estacionjuegodsc_0152\/#main\" data-orig-file=\"https:\/\/www.hoymercedes.com.ar\/principal\/wp-content\/uploads\/2019\/10\/EstacionJuegoDSC_0152.jpg\" data-orig-size=\"1000,667\" data-comments-opened=\"0\" data-image-meta=\"{&quot;aperture&quot;:&quot;0&quot;,&quot;credit&quot;:&quot;&quot;,&quot;camera&quot;:&quot;&quot;,&quot;caption&quot;:&quot;&quot;,&quot;created_timestamp&quot;:&quot;0&quot;,&quot;copyright&quot;:&quot;&quot;,&quot;focal_length&quot;:&quot;0&quot;,&quot;iso&quot;:&quot;0&quot;,&quot;shutter_speed&quot;:&quot;0&quot;,&quot;title&quot;:&quot;&quot;,&quot;orientation&quot;:&quot;0&quot;}\" data-image-title=\"EstacionJuegoDSC_0152\" data-image-description=\"\" data-image-caption=\"\" data-large-file=\"https:\/\/www.hoymercedes.com.ar\/principal\/wp-content\/uploads\/2019\/10\/EstacionJuegoDSC_0152.jpg\" src=\"https:\/\/www.hoymercedes.com.ar\/principal\/wp-content\/uploads\/2019\/10\/EstacionJuegoDSC_0152.jpg\" alt=\"\" class=\"wp-image-101577\" srcset=\"https:\/\/www.hoymercedes.com.ar\/principal\/wp-content\/uploads\/2019\/10\/EstacionJuegoDSC_0152.jpg 1000w, https:\/\/www.hoymercedes.com.ar\/principal\/wp-content\/uploads\/2019\/10\/EstacionJuegoDSC_0152-150x100.jpg 150w, https:\/\/www.hoymercedes.com.ar\/principal\/wp-content\/uploads\/2019\/10\/EstacionJuegoDSC_0152-630x420.jpg 630w\" sizes=\"auto, (max-width: 1000px) 100vw, 1000px\" \/><\/figure>\n\n\n\n<p>Con esta nueva propuesta, nacida desde Desarrollo Social, pero que incluy\u00f3 el trabajo de Cultura, Servicios P\u00fablicos, Planificaci\u00f3n, entre otras \u00e1reas, la comuna busca promover el derecho de los ni\u00f1os al juego y el esparcimiento. Todo el paseo a trav\u00e9s de \u201cEstaci\u00f3n Juego\u201d es gratuito y abre sus puertas cada 15 d\u00edas (los viernes para las escuelas y los s\u00e1bados para toda la comunidad).\u00a0\u00a0\u00a0\u00a0\u00a0 <\/p>\n\n\n\n<p>Info: Desarrollo Social <\/p>\n","protected":false},"excerpt":{"rendered":"<p>La actividad propone un recorrido libre a trav\u00e9s de diversas zonas tem\u00e1ticas de actividades compartidas: el Museo Ferroviario, el Galp\u00f3n &#8230; <a title=\"\u00abEstaci\u00f3n Juego\u00bb: la novedosa propuesta recreativa en La Trocha\" class=\"read-more\" href=\"https:\/\/www.hoymercedes.com.ar\/principal\/2019\/10\/19\/101571\/\" aria-label=\"Leer m\u00e1s sobre \u00abEstaci\u00f3n Juego\u00bb: la novedosa propuesta recreativa en La Trocha\">Leer m\u00e1s<\/a><\/p>\n","protected":false},"author":1,"featured_media":101574,"comment_status":"closed","ping_status":"open","sticky":false,"template":"","format":"standard","meta":{"_monsterinsights_skip_tracking":false,"_monsterinsights_sitenote_active":false,"_monsterinsights_sitenote_note":"","_monsterinsights_sitenote_category":0,"jetpack_post_was_ever_published":false,"_jetpack_newsletter_access":"","_jetpack_dont_email_post_to_subs":false,"_jetpack_newsletter_tier_id":0,"_jetpack_memberships_contains_paywalled_content":false,"_jetpack_memberships_contains_paid_content":false,"footnotes":"","jetpack_publicize_message":"","jetpack_publicize_feature_enabled":true,"jetpack_social_post_already_shared":true,"jetpack_social_options":{"image_generator_settings":{"template":"highway","default_image_id":0,"font":"","enabled":false},"version":2},"_wpas_customize_per_network":false},"categories":[30],"tags":[870,15848,3959],"class_list":["post-101571","post","type-post","status-publish","format-standard","has-post-thumbnail","hentry","category-municipio","tag-desarrollo-social","tag-estacion-juego","tag-la-trocha","generate-columns","tablet-grid-50","mobile-grid-100","grid-parent","grid-50"],"jetpack_publicize_connections":[],"jetpack_featured_media_url":"https:\/\/www.hoymercedes.com.ar\/principal\/wp-content\/uploads\/2019\/10\/EstacionJuego12.jpg","wps_subtitle":"Ni\u00f1ez, cultura y entretenimiento","jetpack_sharing_enabled":true,"_links":{"self":[{"href":"https:\/\/www.hoymercedes.com.ar\/principal\/wp-json\/wp\/v2\/posts\/101571","targetHints":{"allow":["GET"]}}],"collection":[{"href":"https:\/\/www.hoymercedes.com.ar\/principal\/wp-json\/wp\/v2\/posts"}],"about":[{"href":"https:\/\/www.hoymercedes.com.ar\/principal\/wp-json\/wp\/v2\/types\/post"}],"author":[{"embeddable":true,"href":"https:\/\/www.hoymercedes.com.ar\/principal\/wp-json\/wp\/v2\/users\/1"}],"replies":[{"embeddable":true,"href":"https:\/\/www.hoymercedes.com.ar\/principal\/wp-json\/wp\/v2\/comments?post=101571"}],"version-history":[{"count":0,"href":"https:\/\/www.hoymercedes.com.ar\/principal\/wp-json\/wp\/v2\/posts\/101571\/revisions"}],"wp:featuredmedia":[{"embeddable":true,"href":"https:\/\/www.hoymercedes.com.ar\/principal\/wp-json\/wp\/v2\/media\/101574"}],"wp:attachment":[{"href":"https:\/\/www.hoymercedes.com.ar\/principal\/wp-json\/wp\/v2\/media?parent=101571"}],"wp:term":[{"taxonomy":"category","embeddable":true,"href":"https:\/\/www.hoymercedes.com.ar\/principal\/wp-json\/wp\/v2\/categories?post=101571"},{"taxonomy":"post_tag","embeddable":true,"href":"https:\/\/www.hoymercedes.com.ar\/principal\/wp-json\/wp\/v2\/tags?post=101571"}],"curies":[{"name":"wp","href":"https:\/\/api.w.org\/{rel}","templated":true}]}}