{"id":101603,"date":"2019-10-19T18:03:12","date_gmt":"2019-10-19T21:03:12","guid":{"rendered":"http:\/\/www.hoymercedes.com.ar\/principal\/?p=101603"},"modified":"2019-10-19T18:04:05","modified_gmt":"2019-10-19T21:04:05","slug":"belladonna-ofrecio-musica-al-plato","status":"publish","type":"post","link":"https:\/\/www.hoymercedes.com.ar\/principal\/2019\/10\/19\/belladonna-ofrecio-musica-al-plato\/","title":{"rendered":"Belladonna ofreci\u00f3 m\u00fasica al plato"},"content":{"rendered":"\n<p>Una vez m\u00e1s el Teatro Argentino recibi\u00f3 artistas mercedinos bajo una gran asistencia que colm\u00f3 sus instalaciones. El Ciclo \u201cM\u00fasica al plato\u201d ratifica su \u00e9xito. En la noche del viernes Belladona realiz\u00f3 su presentaci\u00f3n.<\/p>\n\n\n\n<figure class=\"wp-block-image\"><img loading=\"lazy\" decoding=\"async\" width=\"800\" height=\"533\" data-attachment-id=\"101605\" data-permalink=\"https:\/\/www.hoymercedes.com.ar\/principal\/2019\/10\/19\/belladonna-ofrecio-musica-al-plato\/19-beladona-533\/#main\" data-orig-file=\"https:\/\/www.hoymercedes.com.ar\/principal\/wp-content\/uploads\/2019\/10\/19-beladona-533.jpg\" data-orig-size=\"800,533\" data-comments-opened=\"0\" data-image-meta=\"{&quot;aperture&quot;:&quot;0&quot;,&quot;credit&quot;:&quot;&quot;,&quot;camera&quot;:&quot;&quot;,&quot;caption&quot;:&quot;&quot;,&quot;created_timestamp&quot;:&quot;0&quot;,&quot;copyright&quot;:&quot;&quot;,&quot;focal_length&quot;:&quot;0&quot;,&quot;iso&quot;:&quot;0&quot;,&quot;shutter_speed&quot;:&quot;0&quot;,&quot;title&quot;:&quot;&quot;,&quot;orientation&quot;:&quot;0&quot;}\" data-image-title=\"19 beladona 533\" data-image-description=\"\" data-image-caption=\"\" data-large-file=\"https:\/\/www.hoymercedes.com.ar\/principal\/wp-content\/uploads\/2019\/10\/19-beladona-533.jpg\" src=\"https:\/\/www.hoymercedes.com.ar\/principal\/wp-content\/uploads\/2019\/10\/19-beladona-533.jpg\" alt=\"\" class=\"wp-image-101605\" srcset=\"https:\/\/www.hoymercedes.com.ar\/principal\/wp-content\/uploads\/2019\/10\/19-beladona-533.jpg 800w, https:\/\/www.hoymercedes.com.ar\/principal\/wp-content\/uploads\/2019\/10\/19-beladona-533-150x100.jpg 150w, https:\/\/www.hoymercedes.com.ar\/principal\/wp-content\/uploads\/2019\/10\/19-beladona-533-630x420.jpg 630w, https:\/\/www.hoymercedes.com.ar\/principal\/wp-content\/uploads\/2019\/10\/19-beladona-533-700x465.jpg 700w\" sizes=\"auto, (max-width: 800px) 100vw, 800px\" \/><\/figure>\n\n\n\n<p>Belladona, formada en mayo del 2001 e integrada actualmente por Rober Boccacci en la voz, Carlos La Regina en guitarras, Martin Boffi en bajo y Martin Visconti en bater\u00eda. Su estilo que se nutre principalmente del rock, el pop y el rythm and blues, con influencias de Led Zeppelin, The Beatles, U2, Pearl Jam, Red Hot Chili Peppers, The Black Crowes, entre otros.<\/p>\n\n\n\n<p>Han sido parte de ciclos como el Quilmes Rock, Pepsi Music, fiestas nacionales mercedinas, han actuado en el ND Ateneo en canales de tv como Fox Sport, entre otros grandes espacios y escenarios, siendo la noche del viernes un gran reconocimiento de todos los mercedinos a su m\u00fasica y trayectoria colmando las instalaciones del Teatro Argentino.<\/p>\n\n\n\n<p>El ciclo, adem\u00e1s, genera y apoya al comercio local dado que un restaurante de la ciudad es el que brinda el servicio de comida. En esta ocasi\u00f3n fue \u201cLa recova\u201d.<\/p>\n\n\n\n<figure class=\"wp-block-image\"><img loading=\"lazy\" decoding=\"async\" width=\"800\" height=\"533\" data-attachment-id=\"101604\" data-permalink=\"https:\/\/www.hoymercedes.com.ar\/principal\/2019\/10\/19\/belladonna-ofrecio-musica-al-plato\/19-beladonna-x533\/#main\" data-orig-file=\"https:\/\/www.hoymercedes.com.ar\/principal\/wp-content\/uploads\/2019\/10\/19-beladonna-x533.jpg\" data-orig-size=\"800,533\" data-comments-opened=\"0\" data-image-meta=\"{&quot;aperture&quot;:&quot;0&quot;,&quot;credit&quot;:&quot;&quot;,&quot;camera&quot;:&quot;&quot;,&quot;caption&quot;:&quot;&quot;,&quot;created_timestamp&quot;:&quot;0&quot;,&quot;copyright&quot;:&quot;&quot;,&quot;focal_length&quot;:&quot;0&quot;,&quot;iso&quot;:&quot;0&quot;,&quot;shutter_speed&quot;:&quot;0&quot;,&quot;title&quot;:&quot;&quot;,&quot;orientation&quot;:&quot;0&quot;}\" data-image-title=\"19 beladonna x533\" data-image-description=\"\" data-image-caption=\"\" data-large-file=\"https:\/\/www.hoymercedes.com.ar\/principal\/wp-content\/uploads\/2019\/10\/19-beladonna-x533.jpg\" src=\"https:\/\/www.hoymercedes.com.ar\/principal\/wp-content\/uploads\/2019\/10\/19-beladonna-x533.jpg\" alt=\"\" class=\"wp-image-101604\" srcset=\"https:\/\/www.hoymercedes.com.ar\/principal\/wp-content\/uploads\/2019\/10\/19-beladonna-x533.jpg 800w, https:\/\/www.hoymercedes.com.ar\/principal\/wp-content\/uploads\/2019\/10\/19-beladonna-x533-150x100.jpg 150w, https:\/\/www.hoymercedes.com.ar\/principal\/wp-content\/uploads\/2019\/10\/19-beladonna-x533-630x420.jpg 630w, https:\/\/www.hoymercedes.com.ar\/principal\/wp-content\/uploads\/2019\/10\/19-beladonna-x533-700x465.jpg 700w\" sizes=\"auto, (max-width: 800px) 100vw, 800px\" \/><\/figure>\n\n\n\n<p>Mat\u00edas Dematei, el diputado Santiago R\u00e9vora y el responsable del teatro Francisco Dinova fueron los encargados de entregar un plato recordartorio y en reconocimiento a la banda mercedina presente. \u201cPor su trayectoria y aporte a la cultura local\u201d destacaron en reconocimiento a la banda.<\/p>\n\n\n\n<p>Por su parte, desde la Direcci\u00f3n de Cultura, \u201cComequechu Villalba\u201d cont\u00f3 que \u201cEs la segunda edici\u00f3n que hacemos, deseamos este ciclo contin\u00fae y siga siendo el \u00e9xito que se vieron en las dos presentaciones realizadas\u201d afirm\u00f3 entre otros conceptos<\/p>\n\n\n\n<p>La Directora de Cultura, Luc\u00eda Capaccio, agradeci\u00f3 a la banda, a todos los presentes y a los trabajadores municipales por el constante esfuerzo y dedicaci\u00f3n que permiten seguir brindando estos excelentes espect\u00e1culos a los mercedinos en una sala principal del teatro especialmente acondicionada.<\/p>\n\n\n\n<p><\/p>\n\n\n\n<p>Fuente: prensa municipal<\/p>\n","protected":false},"excerpt":{"rendered":"<p>Una vez m\u00e1s el Teatro Argentino recibi\u00f3 artistas mercedinos bajo una gran asistencia que colm\u00f3 sus instalaciones. El Ciclo \u201cM\u00fasica &#8230; <a title=\"Belladonna ofreci\u00f3 m\u00fasica al plato\" class=\"read-more\" href=\"https:\/\/www.hoymercedes.com.ar\/principal\/2019\/10\/19\/belladonna-ofrecio-musica-al-plato\/\" aria-label=\"Leer m\u00e1s sobre Belladonna ofreci\u00f3 m\u00fasica al plato\">Leer m\u00e1s<\/a><\/p>\n","protected":false},"author":1,"featured_media":101604,"comment_status":"closed","ping_status":"open","sticky":false,"template":"","format":"standard","meta":{"_monsterinsights_skip_tracking":false,"_monsterinsights_sitenote_active":false,"_monsterinsights_sitenote_note":"","_monsterinsights_sitenote_category":0,"jetpack_post_was_ever_published":false,"_jetpack_newsletter_access":"","_jetpack_dont_email_post_to_subs":false,"_jetpack_newsletter_tier_id":0,"_jetpack_memberships_contains_paywalled_content":false,"_jetpack_memberships_contains_paid_content":false,"footnotes":"","jetpack_publicize_message":"","jetpack_publicize_feature_enabled":true,"jetpack_social_post_already_shared":true,"jetpack_social_options":{"image_generator_settings":{"template":"highway","default_image_id":0,"font":"","enabled":false},"version":2},"_wpas_customize_per_network":false},"categories":[8],"tags":[],"class_list":["post-101603","post","type-post","status-publish","format-standard","has-post-thumbnail","hentry","category-sociedad","generate-columns","tablet-grid-50","mobile-grid-100","grid-parent","grid-50"],"jetpack_publicize_connections":[],"jetpack_featured_media_url":"https:\/\/www.hoymercedes.com.ar\/principal\/wp-content\/uploads\/2019\/10\/19-beladonna-x533.jpg","wps_subtitle":"Viernes a la noche","jetpack_sharing_enabled":true,"_links":{"self":[{"href":"https:\/\/www.hoymercedes.com.ar\/principal\/wp-json\/wp\/v2\/posts\/101603","targetHints":{"allow":["GET"]}}],"collection":[{"href":"https:\/\/www.hoymercedes.com.ar\/principal\/wp-json\/wp\/v2\/posts"}],"about":[{"href":"https:\/\/www.hoymercedes.com.ar\/principal\/wp-json\/wp\/v2\/types\/post"}],"author":[{"embeddable":true,"href":"https:\/\/www.hoymercedes.com.ar\/principal\/wp-json\/wp\/v2\/users\/1"}],"replies":[{"embeddable":true,"href":"https:\/\/www.hoymercedes.com.ar\/principal\/wp-json\/wp\/v2\/comments?post=101603"}],"version-history":[{"count":0,"href":"https:\/\/www.hoymercedes.com.ar\/principal\/wp-json\/wp\/v2\/posts\/101603\/revisions"}],"wp:featuredmedia":[{"embeddable":true,"href":"https:\/\/www.hoymercedes.com.ar\/principal\/wp-json\/wp\/v2\/media\/101604"}],"wp:attachment":[{"href":"https:\/\/www.hoymercedes.com.ar\/principal\/wp-json\/wp\/v2\/media?parent=101603"}],"wp:term":[{"taxonomy":"category","embeddable":true,"href":"https:\/\/www.hoymercedes.com.ar\/principal\/wp-json\/wp\/v2\/categories?post=101603"},{"taxonomy":"post_tag","embeddable":true,"href":"https:\/\/www.hoymercedes.com.ar\/principal\/wp-json\/wp\/v2\/tags?post=101603"}],"curies":[{"name":"wp","href":"https:\/\/api.w.org\/{rel}","templated":true}]}}