{"id":101670,"date":"2019-10-22T19:06:31","date_gmt":"2019-10-22T22:06:31","guid":{"rendered":"http:\/\/www.hoymercedes.com.ar\/principal\/?p=101670"},"modified":"2019-10-22T19:06:38","modified_gmt":"2019-10-22T22:06:38","slug":"director-del-cept-4-tuvimos-un-gran-vinculo-con-el-municipio-que-nos-ayudo-a-crecer-como-institucion","status":"publish","type":"post","link":"https:\/\/www.hoymercedes.com.ar\/principal\/2019\/10\/22\/director-del-cept-4-tuvimos-un-gran-vinculo-con-el-municipio-que-nos-ayudo-a-crecer-como-institucion\/","title":{"rendered":"Director del CEPT 4: \u201cTuvimos un gran v\u00ednculo con el municipio que nos ayud\u00f3 a crecer como instituci\u00f3n\u201d"},"content":{"rendered":"\n<figure class=\"wp-block-image\"><img loading=\"lazy\" decoding=\"async\" width=\"1024\" height=\"498\" data-attachment-id=\"101671\" data-permalink=\"https:\/\/www.hoymercedes.com.ar\/principal\/2019\/10\/22\/director-del-cept-4-tuvimos-un-gran-vinculo-con-el-municipio-que-nos-ayudo-a-crecer-como-institucion\/113-2\/#main\" data-orig-file=\"https:\/\/www.hoymercedes.com.ar\/principal\/wp-content\/uploads\/2019\/10\/113.jpeg\" data-orig-size=\"1280,622\" data-comments-opened=\"0\" data-image-meta=\"{&quot;aperture&quot;:&quot;0&quot;,&quot;credit&quot;:&quot;&quot;,&quot;camera&quot;:&quot;&quot;,&quot;caption&quot;:&quot;&quot;,&quot;created_timestamp&quot;:&quot;0&quot;,&quot;copyright&quot;:&quot;&quot;,&quot;focal_length&quot;:&quot;0&quot;,&quot;iso&quot;:&quot;0&quot;,&quot;shutter_speed&quot;:&quot;0&quot;,&quot;title&quot;:&quot;&quot;,&quot;orientation&quot;:&quot;0&quot;}\" data-image-title=\"113\" data-image-description=\"\" data-image-caption=\"\" data-large-file=\"https:\/\/www.hoymercedes.com.ar\/principal\/wp-content\/uploads\/2019\/10\/113-1024x498.jpeg\" src=\"https:\/\/www.hoymercedes.com.ar\/principal\/wp-content\/uploads\/2019\/10\/113-1024x498.jpeg\" alt=\"\" class=\"wp-image-101671\" srcset=\"https:\/\/www.hoymercedes.com.ar\/principal\/wp-content\/uploads\/2019\/10\/113-1024x498.jpeg 1024w, https:\/\/www.hoymercedes.com.ar\/principal\/wp-content\/uploads\/2019\/10\/113-150x73.jpeg 150w, https:\/\/www.hoymercedes.com.ar\/principal\/wp-content\/uploads\/2019\/10\/113-630x306.jpeg 630w, https:\/\/www.hoymercedes.com.ar\/principal\/wp-content\/uploads\/2019\/10\/113.jpeg 1280w\" sizes=\"auto, (max-width: 1024px) 100vw, 1024px\" \/><figcaption>Reuni\u00f3n en Centro Educativo<\/figcaption><\/figure>\n\n\n\n<p>\nEl\n intendente municipal Juan Ustarroz visit\u00f3 el Centro Educativo para la \nProducci\u00f3n Total N\u00b0 4 para la firma de un convenio de trabajo que \nbeneficiar\u00e1 a un grupo de tamberos.<\/p>\n\n\n\n<p>\nLa\n gesti\u00f3n municipal lleg\u00f3 tambi\u00e9n a las instituciones educativas rurales \ndurante estos a\u00f1os y uno de los establecimientos beneficiados con esta \nmedida fue el CEPT N\u00b0 4, una escuela secundaria\n rural de alternancia ubicada en el Cuartel XV. \u201cEstablecimos un v\u00ednculo\n extraordinario con el municipio en estos cuatro a\u00f1os y esto nos hizo \ncrecer y poner en marcha muchos proyectos\u201d, cont\u00f3 el director del \nestablecimiento Fabi\u00e1n Rodr\u00edguez.<\/p>\n\n\n\n<p>\nEl\n intendente pas\u00f3 esta semana por el CEPT y present\u00f3 ante alumnos, \nprofesores y miembros de la comunidad la firma de un convenio por \n923.000 pesos para beneficiar la actividad de peque\u00f1os\n tamberos vinculados con la escuela. \u201cEsta inversi\u00f3n servir\u00e1 para la \ncomprar de pasturas y trabajo de alambrados en los campos donde realizan\n actividades estos peque\u00f1os productores, enmarcados en la agricultura \nfamiliar, un eje al cual decidimos ayudar desde\n siempre. Adem\u00e1s estamos proyectando a futuro un trabajo m\u00e1s ambicioso \ncomo es la compra de una ensachetadora y poder comercializar la leche a \nprecios m\u00e1s m\u00f3dicos para los vecinos\u201d, dijo el intendente Ustarroz.<\/p>\n\n\n\n<figure class=\"wp-block-image\"><img loading=\"lazy\" decoding=\"async\" width=\"1024\" height=\"358\" data-attachment-id=\"101672\" data-permalink=\"https:\/\/www.hoymercedes.com.ar\/principal\/2019\/10\/22\/director-del-cept-4-tuvimos-un-gran-vinculo-con-el-municipio-que-nos-ayudo-a-crecer-como-institucion\/attachment\/112\/#main\" data-orig-file=\"https:\/\/www.hoymercedes.com.ar\/principal\/wp-content\/uploads\/2019\/10\/112.jpeg\" data-orig-size=\"1280,448\" data-comments-opened=\"0\" data-image-meta=\"{&quot;aperture&quot;:&quot;0&quot;,&quot;credit&quot;:&quot;&quot;,&quot;camera&quot;:&quot;&quot;,&quot;caption&quot;:&quot;&quot;,&quot;created_timestamp&quot;:&quot;0&quot;,&quot;copyright&quot;:&quot;&quot;,&quot;focal_length&quot;:&quot;0&quot;,&quot;iso&quot;:&quot;0&quot;,&quot;shutter_speed&quot;:&quot;0&quot;,&quot;title&quot;:&quot;&quot;,&quot;orientation&quot;:&quot;0&quot;}\" data-image-title=\"112\" data-image-description=\"\" data-image-caption=\"\" data-large-file=\"https:\/\/www.hoymercedes.com.ar\/principal\/wp-content\/uploads\/2019\/10\/112-1024x358.jpeg\" src=\"https:\/\/www.hoymercedes.com.ar\/principal\/wp-content\/uploads\/2019\/10\/112-1024x358.jpeg\" alt=\"\" class=\"wp-image-101672\" srcset=\"https:\/\/www.hoymercedes.com.ar\/principal\/wp-content\/uploads\/2019\/10\/112-1024x358.jpeg 1024w, https:\/\/www.hoymercedes.com.ar\/principal\/wp-content\/uploads\/2019\/10\/112-150x53.jpeg 150w, https:\/\/www.hoymercedes.com.ar\/principal\/wp-content\/uploads\/2019\/10\/112-630x221.jpeg 630w, https:\/\/www.hoymercedes.com.ar\/principal\/wp-content\/uploads\/2019\/10\/112.jpeg 1280w\" sizes=\"auto, (max-width: 1024px) 100vw, 1024px\" \/><figcaption>Estudiantes, directivos, intendente y funcionarios<\/figcaption><\/figure>\n\n\n\n<p>\nEste\n es uno de los proyectos que se concretan con esta instituci\u00f3n, pero son\n varios los que se han llevado adelante en estos a\u00f1os. \u201cEn este tiempo, \ntrabajando en conjunto con el municipio,\n hemos logrados ser parte del Mercado Sustentable en La Trocha, donde \nnuestros productores pueden vender sus producciones. Tambi\u00e9n nos lleg\u00f3 \nla posibilidad de tener una incubadora de huevos y trabajar en mejorar \nla actividad en las familias de nuestros alumnos.\n Realizamos varios cursos y capacitaciones orientadas desde la \nMunicipalidad y tambi\u00e9n nos convocaron para llevar adelante la cantina \nen la \u00faltima jineteada en el Parque Municipal, lo cual nos signific\u00f3 una\n importante entrada de dinero que reinvertiremos en\n proyectos que tenemos previstos desde hace tiempo\u201d, cont\u00f3 el director \ndel CEPT sobre algunos de los alcances de las pol\u00edticas municipales.<\/p>\n\n\n\n<p>\nAdem\u00e1s\n de estas novedades, tambi\u00e9n han destacado la posibilidad de ser parte \ndel Presupuesto Participativo. \u201cEs bueno cuando encontr\u00e1s eco para \ntrabajar con la comunidad. Es parte de un\n v\u00ednculo que hemos logrado en la relaci\u00f3n que establecimos con las \ninstituciones de la ciudad, que confiaron y pusieron todo de ellas para \nconcretar distintos proyectos. Con el CEPT trabajamos particularmente el\n Presupuesto Participativo que tiene como finalidad\n la mejora estructural del camino que lleva a la instituci\u00f3n, que tiene \ncasi 4 kil\u00f3metros de tierra y tambi\u00e9n se pudo trabajar con el \nPresupuesto Participativo Joven\u201d, dijo Ustarroz.<\/p>\n\n\n\n<p>\n\u201cPara\n nosotros fue muy positivo trabajar en conjunto con la actual gesti\u00f3n. \nJuani siempre fue muy receptivo a nuestras propuestas y se mostr\u00f3 \nabierto para que podamos concretarlas\u201d, termin\u00f3\n diciendo el director del CEPT 4 Fabi\u00e1n Rodr\u00edguez.<\/p>\n","protected":false},"excerpt":{"rendered":"<p>El intendente municipal Juan Ustarroz visit\u00f3 el Centro Educativo para la Producci\u00f3n Total N\u00b0 4 para la firma de un &#8230; <a title=\"Director del CEPT 4: \u201cTuvimos un gran v\u00ednculo con el municipio que nos ayud\u00f3 a crecer como instituci\u00f3n\u201d\" class=\"read-more\" href=\"https:\/\/www.hoymercedes.com.ar\/principal\/2019\/10\/22\/director-del-cept-4-tuvimos-un-gran-vinculo-con-el-municipio-que-nos-ayudo-a-crecer-como-institucion\/\" aria-label=\"Leer m\u00e1s sobre Director del CEPT 4: \u201cTuvimos un gran v\u00ednculo con el municipio que nos ayud\u00f3 a crecer como instituci\u00f3n\u201d\">Leer m\u00e1s<\/a><\/p>\n","protected":false},"author":1,"featured_media":101671,"comment_status":"closed","ping_status":"open","sticky":false,"template":"","format":"standard","meta":{"_monsterinsights_skip_tracking":false,"_monsterinsights_sitenote_active":false,"_monsterinsights_sitenote_note":"","_monsterinsights_sitenote_category":0,"jetpack_post_was_ever_published":false,"_jetpack_newsletter_access":"","_jetpack_dont_email_post_to_subs":false,"_jetpack_newsletter_tier_id":0,"_jetpack_memberships_contains_paywalled_content":false,"_jetpack_memberships_contains_paid_content":false,"footnotes":"","jetpack_publicize_message":"","jetpack_publicize_feature_enabled":true,"jetpack_social_post_already_shared":true,"jetpack_social_options":{"image_generator_settings":{"template":"highway","default_image_id":0,"font":"","enabled":false},"version":2},"_wpas_customize_per_network":false},"categories":[23],"tags":[424],"class_list":["post-101670","post","type-post","status-publish","format-standard","has-post-thumbnail","hentry","category-educacion","tag-ustarroz","generate-columns","tablet-grid-50","mobile-grid-100","grid-parent","grid-50"],"jetpack_publicize_connections":[],"jetpack_featured_media_url":"https:\/\/www.hoymercedes.com.ar\/principal\/wp-content\/uploads\/2019\/10\/113.jpeg","wps_subtitle":"Apoyo educativo y productivo","jetpack_sharing_enabled":true,"_links":{"self":[{"href":"https:\/\/www.hoymercedes.com.ar\/principal\/wp-json\/wp\/v2\/posts\/101670","targetHints":{"allow":["GET"]}}],"collection":[{"href":"https:\/\/www.hoymercedes.com.ar\/principal\/wp-json\/wp\/v2\/posts"}],"about":[{"href":"https:\/\/www.hoymercedes.com.ar\/principal\/wp-json\/wp\/v2\/types\/post"}],"author":[{"embeddable":true,"href":"https:\/\/www.hoymercedes.com.ar\/principal\/wp-json\/wp\/v2\/users\/1"}],"replies":[{"embeddable":true,"href":"https:\/\/www.hoymercedes.com.ar\/principal\/wp-json\/wp\/v2\/comments?post=101670"}],"version-history":[{"count":0,"href":"https:\/\/www.hoymercedes.com.ar\/principal\/wp-json\/wp\/v2\/posts\/101670\/revisions"}],"wp:featuredmedia":[{"embeddable":true,"href":"https:\/\/www.hoymercedes.com.ar\/principal\/wp-json\/wp\/v2\/media\/101671"}],"wp:attachment":[{"href":"https:\/\/www.hoymercedes.com.ar\/principal\/wp-json\/wp\/v2\/media?parent=101670"}],"wp:term":[{"taxonomy":"category","embeddable":true,"href":"https:\/\/www.hoymercedes.com.ar\/principal\/wp-json\/wp\/v2\/categories?post=101670"},{"taxonomy":"post_tag","embeddable":true,"href":"https:\/\/www.hoymercedes.com.ar\/principal\/wp-json\/wp\/v2\/tags?post=101670"}],"curies":[{"name":"wp","href":"https:\/\/api.w.org\/{rel}","templated":true}]}}