{"id":101681,"date":"2019-10-23T08:00:47","date_gmt":"2019-10-23T11:00:47","guid":{"rendered":"http:\/\/www.hoymercedes.com.ar\/principal\/?p=101681"},"modified":"2019-10-22T21:41:42","modified_gmt":"2019-10-23T00:41:42","slug":"avanza-la-primera-cancha-de-hockey-sintetico-realizada-entre-ateneo-y-el-municipio","status":"publish","type":"post","link":"https:\/\/www.hoymercedes.com.ar\/principal\/2019\/10\/23\/avanza-la-primera-cancha-de-hockey-sintetico-realizada-entre-ateneo-y-el-municipio\/","title":{"rendered":"Avanza la primera cancha de hockey sint\u00e9tico realizada entre Ateneo y el Municipio"},"content":{"rendered":"\n<figure class=\"wp-block-image is-resized\"><img loading=\"lazy\" decoding=\"async\" data-attachment-id=\"101682\" data-permalink=\"https:\/\/www.hoymercedes.com.ar\/principal\/2019\/10\/23\/avanza-la-primera-cancha-de-hockey-sintetico-realizada-entre-ateneo-y-el-municipio\/ateneo1\/#main\" data-orig-file=\"https:\/\/www.hoymercedes.com.ar\/principal\/wp-content\/uploads\/2019\/10\/Ateneo1.jpeg\" data-orig-size=\"581,545\" data-comments-opened=\"0\" data-image-meta=\"{&quot;aperture&quot;:&quot;0&quot;,&quot;credit&quot;:&quot;&quot;,&quot;camera&quot;:&quot;&quot;,&quot;caption&quot;:&quot;&quot;,&quot;created_timestamp&quot;:&quot;0&quot;,&quot;copyright&quot;:&quot;&quot;,&quot;focal_length&quot;:&quot;0&quot;,&quot;iso&quot;:&quot;0&quot;,&quot;shutter_speed&quot;:&quot;0&quot;,&quot;title&quot;:&quot;&quot;,&quot;orientation&quot;:&quot;0&quot;}\" data-image-title=\"Ateneo1\" data-image-description=\"\" data-image-caption=\"\" data-large-file=\"https:\/\/www.hoymercedes.com.ar\/principal\/wp-content\/uploads\/2019\/10\/Ateneo1.jpeg\" src=\"https:\/\/www.hoymercedes.com.ar\/principal\/wp-content\/uploads\/2019\/10\/Ateneo1.jpeg\" alt=\"\" class=\"wp-image-101682\" width=\"920\" height=\"863\" srcset=\"https:\/\/www.hoymercedes.com.ar\/principal\/wp-content\/uploads\/2019\/10\/Ateneo1.jpeg 581w, https:\/\/www.hoymercedes.com.ar\/principal\/wp-content\/uploads\/2019\/10\/Ateneo1-150x141.jpeg 150w\" sizes=\"auto, (max-width: 920px) 100vw, 920px\" \/><figcaption>Preparaci\u00f3n del terreno<\/figcaption><\/figure>\n\n\n\n<p>El Municipio de Mercedes contin\u00faa\ntrabajando de manera mancomunada con las diferentes instituciones, y en este\ncaso en post de una actividad deportiva que viene creciendo a\u00f1o a a\u00f1o, como lo\nes el hockey. De esta manera, se est\u00e1 realizando la primera cancha de c\u00e9sped\nsint\u00e9tico en la ciudad, algo que beneficiar\u00e1 a todos los clubes de Mercedes. La\nmisma estar\u00e1 dispuesta en el complejo deportivo del club Ateneo de la Juventud.\n<\/p>\n\n\n\n<p>La &nbsp;importante estructura deportiva ser\u00e1 utilizada\npor todos los deportistas mercedinos que practiquen este deporte. \u201cEstamos muy\ncontentos y orgullosos de acompa\u00f1ar a este gran grupo humano que se compromete\ncon el deporte para entre todos poder hacer algo nuevo, profesional y que permitir\u00e1\nque el hockey siga creciendo\u201d, afirm\u00f3 el jefe comunal Dr. Ustarroz.<\/p>\n\n\n\n<p><strong>Visi\u00f3n y compromiso<\/strong><\/p>\n\n\n\n<p>En ese sentido, Ustarroz expres\u00f3\n\u201cpara m\u00ed lo m\u00e1s importante y lo primero que quiero remarcar es la visi\u00f3n que\ntuvo la gente de la comisi\u00f3n del club Ateneo de la Juventud porque pens\u00f3 en la\nciudad, no pens\u00f3 en su club\u201d y agreg\u00f3 \u201ces algo muy lindo que se piense en el\nconjunto de la ciudad, verdaderamente algo destacable\u201d.<\/p>\n\n\n\n<p>Por otro lado, el Dr. Ustarroz\nse\u00f1al\u00f3 \u201choy se est\u00e1 trabajando en concreto para armar La Liga Mercedina de\nHockey, est\u00e1 ser\u00e1 una cancha para toda la ciudad\u201d e indic\u00f3 \u201chemos recibido la\nsesi\u00f3n por parte del club del espacio, vamos a tener una cancha profesional de\nc\u00e9sped sint\u00e9tico que beneficiar\u00e1 a una gran cantidad de chicas y chicos que\npractican este deporte\u201d. <\/p>\n\n\n\n<p><strong>Obra<\/strong><\/p>\n\n\n\n<p>Junto a directivo de la\ninstituci\u00f3n el intendente Ustarroz se\u00f1al\u00f3 \u201cestamos muy contentos con el avance\nde obras, vemos que viene todo muy bien, hoy estuvimos certificando con la\nempresa que va a poner el c\u00e9sped sint\u00e9tico todo el trabajo del movimiento de\nsuelo\u201d y dijo \u201ctener una cancha en las mejores condiciones para que el deporte\nsiga creciendo es el desaf\u00edo de toda una comunidad, donde el Municipio apoya a\nlos clubes y estos denodadamente trabajan para que esto suceda\u201d.&nbsp;&nbsp; <\/p>\n\n\n\n<p><strong>Proyecto<\/strong><\/p>\n\n\n\n<p>Oscar \u201cRuso\u201d Pont\u00f3n quien es\nparte de la Comisi\u00f3n Municipal de Hockey manifest\u00f3 \u201cesta cancha va a ser para\ntodos los clubes de la ciudad de Mercedes con los cuales ya estamos trabajando\npara poder llevar todo esto adelante\u201d y a\u00f1adi\u00f3 \u201cla idea es que participen los\nclubes a nivel local y despu\u00e9s poder armar un equipo ciudad de Mercedes que\nrepresente a todos los clubes y participar a nivel nacional\u201d.<\/p>\n\n\n\n<p>Desde el \u00e1rea de deporte municipal, Pablo Massa, se\u00f1al\u00f3 \u201cesto es algo que venimos trabajando hace mucho, es un proyecto muy ambicioso en lo que va a ser la primera cancha de hockey de c\u00e9sped sint\u00e9tico de la ciudad para todos los mercedinos\u201d y agreg\u00f3 \u201cya podemos observar los primeros avances, algo que nos pone muy felices y es un camino que est\u00e1 pronto a concretarse\u201d.<\/p>\n\n\n\n<p>Info:Dir. Deportes<\/p>\n","protected":false},"excerpt":{"rendered":"<p>El Municipio de Mercedes contin\u00faa trabajando de manera mancomunada con las diferentes instituciones, y en este caso en post de &#8230; <a title=\"Avanza la primera cancha de hockey sint\u00e9tico realizada entre Ateneo y el Municipio\" class=\"read-more\" href=\"https:\/\/www.hoymercedes.com.ar\/principal\/2019\/10\/23\/avanza-la-primera-cancha-de-hockey-sintetico-realizada-entre-ateneo-y-el-municipio\/\" aria-label=\"Leer m\u00e1s sobre Avanza la primera cancha de hockey sint\u00e9tico realizada entre Ateneo y el Municipio\">Leer m\u00e1s<\/a><\/p>\n","protected":false},"author":1,"featured_media":101682,"comment_status":"closed","ping_status":"open","sticky":false,"template":"","format":"standard","meta":{"_monsterinsights_skip_tracking":false,"_monsterinsights_sitenote_active":false,"_monsterinsights_sitenote_note":"","_monsterinsights_sitenote_category":0,"jetpack_post_was_ever_published":false,"_jetpack_newsletter_access":"","_jetpack_dont_email_post_to_subs":false,"_jetpack_newsletter_tier_id":0,"_jetpack_memberships_contains_paywalled_content":false,"_jetpack_memberships_contains_paid_content":false,"footnotes":"","jetpack_publicize_message":"","jetpack_publicize_feature_enabled":true,"jetpack_social_post_already_shared":true,"jetpack_social_options":{"image_generator_settings":{"template":"highway","default_image_id":0,"font":"","enabled":false},"version":2},"_wpas_customize_per_network":false},"categories":[21],"tags":[8522],"class_list":["post-101681","post","type-post","status-publish","format-standard","has-post-thumbnail","hentry","category-deportes","tag-hockey","generate-columns","tablet-grid-50","mobile-grid-100","grid-parent","grid-50"],"jetpack_publicize_connections":[],"jetpack_featured_media_url":"https:\/\/www.hoymercedes.com.ar\/principal\/wp-content\/uploads\/2019\/10\/Ateneo1.jpeg","wps_subtitle":"Apoyo institucional","jetpack_sharing_enabled":true,"_links":{"self":[{"href":"https:\/\/www.hoymercedes.com.ar\/principal\/wp-json\/wp\/v2\/posts\/101681","targetHints":{"allow":["GET"]}}],"collection":[{"href":"https:\/\/www.hoymercedes.com.ar\/principal\/wp-json\/wp\/v2\/posts"}],"about":[{"href":"https:\/\/www.hoymercedes.com.ar\/principal\/wp-json\/wp\/v2\/types\/post"}],"author":[{"embeddable":true,"href":"https:\/\/www.hoymercedes.com.ar\/principal\/wp-json\/wp\/v2\/users\/1"}],"replies":[{"embeddable":true,"href":"https:\/\/www.hoymercedes.com.ar\/principal\/wp-json\/wp\/v2\/comments?post=101681"}],"version-history":[{"count":0,"href":"https:\/\/www.hoymercedes.com.ar\/principal\/wp-json\/wp\/v2\/posts\/101681\/revisions"}],"wp:featuredmedia":[{"embeddable":true,"href":"https:\/\/www.hoymercedes.com.ar\/principal\/wp-json\/wp\/v2\/media\/101682"}],"wp:attachment":[{"href":"https:\/\/www.hoymercedes.com.ar\/principal\/wp-json\/wp\/v2\/media?parent=101681"}],"wp:term":[{"taxonomy":"category","embeddable":true,"href":"https:\/\/www.hoymercedes.com.ar\/principal\/wp-json\/wp\/v2\/categories?post=101681"},{"taxonomy":"post_tag","embeddable":true,"href":"https:\/\/www.hoymercedes.com.ar\/principal\/wp-json\/wp\/v2\/tags?post=101681"}],"curies":[{"name":"wp","href":"https:\/\/api.w.org\/{rel}","templated":true}]}}