{"id":101689,"date":"2019-10-22T23:35:03","date_gmt":"2019-10-23T02:35:03","guid":{"rendered":"http:\/\/www.hoymercedes.com.ar\/principal\/?p=101689"},"modified":"2019-10-22T23:35:07","modified_gmt":"2019-10-23T02:35:07","slug":"desarrollo-social-inicio-nuevo-curso-de-manipulacion-de-alimentos","status":"publish","type":"post","link":"https:\/\/www.hoymercedes.com.ar\/principal\/2019\/10\/22\/desarrollo-social-inicio-nuevo-curso-de-manipulacion-de-alimentos\/","title":{"rendered":"Desarrollo Social inici\u00f3 nuevo curso de manipulaci\u00f3n de alimentos"},"content":{"rendered":"\n<figure class=\"wp-block-image\"><img loading=\"lazy\" decoding=\"async\" width=\"1024\" height=\"768\" data-attachment-id=\"101690\" data-permalink=\"https:\/\/www.hoymercedes.com.ar\/principal\/2019\/10\/22\/desarrollo-social-inicio-nuevo-curso-de-manipulacion-de-alimentos\/curso-manipulacion-alimentos-desarrollo-social\/#main\" data-orig-file=\"https:\/\/www.hoymercedes.com.ar\/principal\/wp-content\/uploads\/2019\/10\/Curso-Manipulacion-Alimentos-Desarrollo-Social.jpeg\" data-orig-size=\"1280,960\" data-comments-opened=\"0\" data-image-meta=\"{&quot;aperture&quot;:&quot;0&quot;,&quot;credit&quot;:&quot;&quot;,&quot;camera&quot;:&quot;&quot;,&quot;caption&quot;:&quot;&quot;,&quot;created_timestamp&quot;:&quot;0&quot;,&quot;copyright&quot;:&quot;&quot;,&quot;focal_length&quot;:&quot;0&quot;,&quot;iso&quot;:&quot;0&quot;,&quot;shutter_speed&quot;:&quot;0&quot;,&quot;title&quot;:&quot;&quot;,&quot;orientation&quot;:&quot;0&quot;}\" data-image-title=\"Curso-Manipulacion-Alimentos-Desarrollo-Social\" data-image-description=\"\" data-image-caption=\"\" data-large-file=\"https:\/\/www.hoymercedes.com.ar\/principal\/wp-content\/uploads\/2019\/10\/Curso-Manipulacion-Alimentos-Desarrollo-Social-1024x768.jpeg\" src=\"https:\/\/www.hoymercedes.com.ar\/principal\/wp-content\/uploads\/2019\/10\/Curso-Manipulacion-Alimentos-Desarrollo-Social-1024x768.jpeg\" alt=\"\" class=\"wp-image-101690\" srcset=\"https:\/\/www.hoymercedes.com.ar\/principal\/wp-content\/uploads\/2019\/10\/Curso-Manipulacion-Alimentos-Desarrollo-Social-1024x768.jpeg 1024w, https:\/\/www.hoymercedes.com.ar\/principal\/wp-content\/uploads\/2019\/10\/Curso-Manipulacion-Alimentos-Desarrollo-Social-150x113.jpeg 150w, https:\/\/www.hoymercedes.com.ar\/principal\/wp-content\/uploads\/2019\/10\/Curso-Manipulacion-Alimentos-Desarrollo-Social-630x473.jpeg 630w, https:\/\/www.hoymercedes.com.ar\/principal\/wp-content\/uploads\/2019\/10\/Curso-Manipulacion-Alimentos-Desarrollo-Social.jpeg 1280w\" sizes=\"auto, (max-width: 1024px) 100vw, 1024px\" \/><figcaption>Orientado a trabajadores y comedores. <\/figcaption><\/figure>\n\n\n\n<p>Desde la Secretar\u00eda de Desarrollo\nSocial se inici\u00f3 un nuevo curso de manipulaci\u00f3n de alimentos para todo el\npersonal involucrado en el Programa Alimentario Municipal. \u201cLa capacitaci\u00f3n\nconstante y actualizaci\u00f3n de saberes para nosotros es muy importante\u201d destac\u00f3\nla responsable de la cartera social, Lic. Jorgelina Silva.<\/p>\n\n\n\n<p>\u201cTambi\u00e9n brindamos la oportunidad\nde participar a los referentes de comedores y merenderos de los distintos\nbarrios de la ciudad, con el fin de garantizar el acceso a alimentos saludables\ny seguros\u201d inform\u00f3.<\/p>\n\n\n\n<p>Vale recordar que la entrega de\nalimentos se ha multiplicado exponencialmente en el \u00faltimo tiempo dada la\ncrisis econ\u00f3mica y social que vive la provincia y el pa\u00eds, siendo el municipio\nun soporte importante para instituciones, comedores y familias. <\/p>\n\n\n\n<p>El curso se brinda en las\ninstalaciones del Centro Universitario Regional Mercedes. <\/p>\n","protected":false},"excerpt":{"rendered":"<p>Desde la Secretar\u00eda de Desarrollo Social se inici\u00f3 un nuevo curso de manipulaci\u00f3n de alimentos para todo el personal involucrado &#8230; <a title=\"Desarrollo Social inici\u00f3 nuevo curso de manipulaci\u00f3n de alimentos\" class=\"read-more\" href=\"https:\/\/www.hoymercedes.com.ar\/principal\/2019\/10\/22\/desarrollo-social-inicio-nuevo-curso-de-manipulacion-de-alimentos\/\" aria-label=\"Leer m\u00e1s sobre Desarrollo Social inici\u00f3 nuevo curso de manipulaci\u00f3n de alimentos\">Leer m\u00e1s<\/a><\/p>\n","protected":false},"author":1,"featured_media":101690,"comment_status":"closed","ping_status":"open","sticky":false,"template":"","format":"standard","meta":{"_monsterinsights_skip_tracking":false,"_monsterinsights_sitenote_active":false,"_monsterinsights_sitenote_note":"","_monsterinsights_sitenote_category":0,"jetpack_post_was_ever_published":false,"_jetpack_newsletter_access":"","_jetpack_dont_email_post_to_subs":false,"_jetpack_newsletter_tier_id":0,"_jetpack_memberships_contains_paywalled_content":false,"_jetpack_memberships_contains_paid_content":false,"footnotes":"","jetpack_publicize_message":"","jetpack_publicize_feature_enabled":true,"jetpack_social_post_already_shared":true,"jetpack_social_options":{"image_generator_settings":{"template":"highway","default_image_id":0,"font":"","enabled":false},"version":2},"_wpas_customize_per_network":false},"categories":[30],"tags":[5473],"class_list":["post-101689","post","type-post","status-publish","format-standard","has-post-thumbnail","hentry","category-municipio","tag-jorgelina-silva","generate-columns","tablet-grid-50","mobile-grid-100","grid-parent","grid-50"],"jetpack_publicize_connections":[],"jetpack_featured_media_url":"https:\/\/www.hoymercedes.com.ar\/principal\/wp-content\/uploads\/2019\/10\/Curso-Manipulacion-Alimentos-Desarrollo-Social.jpeg","wps_subtitle":"Saberes pr\u00e1ctivos y te\u00f3ricos","jetpack_sharing_enabled":true,"_links":{"self":[{"href":"https:\/\/www.hoymercedes.com.ar\/principal\/wp-json\/wp\/v2\/posts\/101689","targetHints":{"allow":["GET"]}}],"collection":[{"href":"https:\/\/www.hoymercedes.com.ar\/principal\/wp-json\/wp\/v2\/posts"}],"about":[{"href":"https:\/\/www.hoymercedes.com.ar\/principal\/wp-json\/wp\/v2\/types\/post"}],"author":[{"embeddable":true,"href":"https:\/\/www.hoymercedes.com.ar\/principal\/wp-json\/wp\/v2\/users\/1"}],"replies":[{"embeddable":true,"href":"https:\/\/www.hoymercedes.com.ar\/principal\/wp-json\/wp\/v2\/comments?post=101689"}],"version-history":[{"count":0,"href":"https:\/\/www.hoymercedes.com.ar\/principal\/wp-json\/wp\/v2\/posts\/101689\/revisions"}],"wp:featuredmedia":[{"embeddable":true,"href":"https:\/\/www.hoymercedes.com.ar\/principal\/wp-json\/wp\/v2\/media\/101690"}],"wp:attachment":[{"href":"https:\/\/www.hoymercedes.com.ar\/principal\/wp-json\/wp\/v2\/media?parent=101689"}],"wp:term":[{"taxonomy":"category","embeddable":true,"href":"https:\/\/www.hoymercedes.com.ar\/principal\/wp-json\/wp\/v2\/categories?post=101689"},{"taxonomy":"post_tag","embeddable":true,"href":"https:\/\/www.hoymercedes.com.ar\/principal\/wp-json\/wp\/v2\/tags?post=101689"}],"curies":[{"name":"wp","href":"https:\/\/api.w.org\/{rel}","templated":true}]}}