{"id":101700,"date":"2019-10-23T22:21:23","date_gmt":"2019-10-24T01:21:23","guid":{"rendered":"http:\/\/www.hoymercedes.com.ar\/principal\/?p=101700"},"modified":"2019-10-23T22:21:29","modified_gmt":"2019-10-24T01:21:29","slug":"estacion-juego-abierto-para-instituciones-educativas-y-familias","status":"publish","type":"post","link":"https:\/\/www.hoymercedes.com.ar\/principal\/2019\/10\/23\/estacion-juego-abierto-para-instituciones-educativas-y-familias\/","title":{"rendered":"\u201cEstaci\u00f3n Juego\u201d abierto para instituciones educativas y familias"},"content":{"rendered":"\n<figure class=\"wp-block-image\"><img loading=\"lazy\" decoding=\"async\" width=\"1000\" height=\"486\" data-attachment-id=\"101574\" data-permalink=\"https:\/\/www.hoymercedes.com.ar\/principal\/2019\/10\/19\/101571\/estacionjuego12\/#main\" data-orig-file=\"https:\/\/www.hoymercedes.com.ar\/principal\/wp-content\/uploads\/2019\/10\/EstacionJuego12.jpg\" data-orig-size=\"1000,486\" data-comments-opened=\"0\" data-image-meta=\"{&quot;aperture&quot;:&quot;0&quot;,&quot;credit&quot;:&quot;&quot;,&quot;camera&quot;:&quot;&quot;,&quot;caption&quot;:&quot;&quot;,&quot;created_timestamp&quot;:&quot;0&quot;,&quot;copyright&quot;:&quot;&quot;,&quot;focal_length&quot;:&quot;0&quot;,&quot;iso&quot;:&quot;0&quot;,&quot;shutter_speed&quot;:&quot;0&quot;,&quot;title&quot;:&quot;&quot;,&quot;orientation&quot;:&quot;0&quot;}\" data-image-title=\"EstacionJuego12\" data-image-description=\"\" data-image-caption=\"\" data-large-file=\"https:\/\/www.hoymercedes.com.ar\/principal\/wp-content\/uploads\/2019\/10\/EstacionJuego12.jpg\" src=\"https:\/\/www.hoymercedes.com.ar\/principal\/wp-content\/uploads\/2019\/10\/EstacionJuego12.jpg\" alt=\"\" class=\"wp-image-101574\" srcset=\"https:\/\/www.hoymercedes.com.ar\/principal\/wp-content\/uploads\/2019\/10\/EstacionJuego12.jpg 1000w, https:\/\/www.hoymercedes.com.ar\/principal\/wp-content\/uploads\/2019\/10\/EstacionJuego12-150x73.jpg 150w, https:\/\/www.hoymercedes.com.ar\/principal\/wp-content\/uploads\/2019\/10\/EstacionJuego12-630x306.jpg 630w\" sizes=\"auto, (max-width: 1000px) 100vw, 1000px\" \/><\/figure>\n\n\n\n<p>El espacio recreativo y educativo\npuesto en funciones por la Municipalidad de Mercedes recibir\u00e1 esta semana el\nprimer grupo de estudiantes de la ciudad. El proyecto encabezado por la\nSecretar\u00eda de Desarrollo Social permite un recorrido por distintas \u00e1reas tem\u00e1ticas,\nsiendo las mismas el Museo Ferroviario, el Galp\u00f3n de las Artes Esc\u00e9nicas, el\nGalp\u00f3n de Arte, Ciencia y Creaci\u00f3n, la Plaza de los Mangrullos y el Pinar.<\/p>\n\n\n\n<p>\u201cLa idea del espacio es que los\nni\u00f1os y ni\u00f1as puedan recrearse, jugar, aprender, sin depender de las\ntecnolog\u00edas, socializando y llev\u00e1ndose algo para continuar con la experiencia\nen la escuela y en las casas\u201d coment\u00f3 la Lic. Jorgelina Silva, secretaria de\nDesarrollo Social.<\/p>\n\n\n\n<p>M\u00e1s adelante afirm\u00f3 que \u201cel\nintendente Ustarroz siempre nos inst\u00f3 a crear espacio que duren, que sean\npensado m\u00e1s all\u00e1 de las elecciones, que perduren en el tiempo y entendemos este\nproyecto integrador e inclusivo es una muestra de un trabajo con la ni\u00f1ez\n\u00fanico\u201d mencion\u00f3.<\/p>\n\n\n\n<p>El viernes ser\u00e1 el turno de las\nprimeras instituciones educativas mientras que el s\u00e1bado ya podr\u00e1 ser visitado\ny disfrutado por el p\u00fablico en general.<\/p>\n\n\n\n<figure class=\"wp-block-image\"><img loading=\"lazy\" decoding=\"async\" width=\"1000\" height=\"486\" data-attachment-id=\"101578\" data-permalink=\"https:\/\/www.hoymercedes.com.ar\/principal\/2019\/10\/19\/101571\/estacionjuego1\/#main\" data-orig-file=\"https:\/\/www.hoymercedes.com.ar\/principal\/wp-content\/uploads\/2019\/10\/EstacionJuego1.jpg\" data-orig-size=\"1000,486\" data-comments-opened=\"0\" data-image-meta=\"{&quot;aperture&quot;:&quot;0&quot;,&quot;credit&quot;:&quot;&quot;,&quot;camera&quot;:&quot;&quot;,&quot;caption&quot;:&quot;&quot;,&quot;created_timestamp&quot;:&quot;0&quot;,&quot;copyright&quot;:&quot;&quot;,&quot;focal_length&quot;:&quot;0&quot;,&quot;iso&quot;:&quot;0&quot;,&quot;shutter_speed&quot;:&quot;0&quot;,&quot;title&quot;:&quot;&quot;,&quot;orientation&quot;:&quot;0&quot;}\" data-image-title=\"EstacionJuego1\" data-image-description=\"\" data-image-caption=\"\" data-large-file=\"https:\/\/www.hoymercedes.com.ar\/principal\/wp-content\/uploads\/2019\/10\/EstacionJuego1.jpg\" src=\"https:\/\/www.hoymercedes.com.ar\/principal\/wp-content\/uploads\/2019\/10\/EstacionJuego1.jpg\" alt=\"\" class=\"wp-image-101578\" srcset=\"https:\/\/www.hoymercedes.com.ar\/principal\/wp-content\/uploads\/2019\/10\/EstacionJuego1.jpg 1000w, https:\/\/www.hoymercedes.com.ar\/principal\/wp-content\/uploads\/2019\/10\/EstacionJuego1-150x73.jpg 150w, https:\/\/www.hoymercedes.com.ar\/principal\/wp-content\/uploads\/2019\/10\/EstacionJuego1-630x306.jpg 630w\" sizes=\"auto, (max-width: 1000px) 100vw, 1000px\" \/><\/figure>\n\n\n\n<p>La consiga es \u201cquiero tiempo,\npero tiempo no apurado\u201d, con lo cual la idea central es jugar, aprender, pero\ncon el tiempo de los ni\u00f1os y ni\u00f1as, sabiendo ellos son lo m\u00e1s importante. <\/p>\n\n\n\n<p>Ustarroz destac\u00f3 que \u201cestamos muy\norgullosos de esta propuesta. Tal como lo dijimos d\u00edas atr\u00e1s, es un proyecto\npedag\u00f3gico integral, para ni\u00f1os, ni\u00f1as y las familias, vinculando escuelas,\ninstituciones, historia, ciencia, recreaci\u00f3n, es verdaderamente muy valioso\nesta iniciativa\u201d afirm\u00f3 entre otros conceptos.<\/p>\n\n\n\n<p>Estaci\u00f3n Juegos el viernes\nrecibir\u00e1 en doble turno a escuelas mientras que el s\u00e1bado desde las 14hs ser\u00e1\npara las familias. <\/p>\n","protected":false},"excerpt":{"rendered":"<p>El espacio recreativo y educativo puesto en funciones por la Municipalidad de Mercedes recibir\u00e1 esta semana el primer grupo de &#8230; <a title=\"\u201cEstaci\u00f3n Juego\u201d abierto para instituciones educativas y familias\" class=\"read-more\" href=\"https:\/\/www.hoymercedes.com.ar\/principal\/2019\/10\/23\/estacion-juego-abierto-para-instituciones-educativas-y-familias\/\" aria-label=\"Leer m\u00e1s sobre \u201cEstaci\u00f3n Juego\u201d abierto para instituciones educativas y familias\">Leer m\u00e1s<\/a><\/p>\n","protected":false},"author":1,"featured_media":101578,"comment_status":"closed","ping_status":"open","sticky":false,"template":"","format":"standard","meta":{"_monsterinsights_skip_tracking":false,"_monsterinsights_sitenote_active":false,"_monsterinsights_sitenote_note":"","_monsterinsights_sitenote_category":0,"jetpack_post_was_ever_published":false,"_jetpack_newsletter_access":"","_jetpack_dont_email_post_to_subs":false,"_jetpack_newsletter_tier_id":0,"_jetpack_memberships_contains_paywalled_content":false,"_jetpack_memberships_contains_paid_content":false,"footnotes":"","jetpack_publicize_message":"","jetpack_publicize_feature_enabled":true,"jetpack_social_post_already_shared":true,"jetpack_social_options":{"image_generator_settings":{"template":"highway","default_image_id":0,"font":"","enabled":false},"version":2},"_wpas_customize_per_network":false},"categories":[30],"tags":[15848,5473],"class_list":["post-101700","post","type-post","status-publish","format-standard","has-post-thumbnail","hentry","category-municipio","tag-estacion-juego","tag-jorgelina-silva","generate-columns","tablet-grid-50","mobile-grid-100","grid-parent","grid-50"],"jetpack_publicize_connections":[],"jetpack_featured_media_url":"https:\/\/www.hoymercedes.com.ar\/principal\/wp-content\/uploads\/2019\/10\/EstacionJuego1.jpg","wps_subtitle":"","jetpack_sharing_enabled":true,"_links":{"self":[{"href":"https:\/\/www.hoymercedes.com.ar\/principal\/wp-json\/wp\/v2\/posts\/101700","targetHints":{"allow":["GET"]}}],"collection":[{"href":"https:\/\/www.hoymercedes.com.ar\/principal\/wp-json\/wp\/v2\/posts"}],"about":[{"href":"https:\/\/www.hoymercedes.com.ar\/principal\/wp-json\/wp\/v2\/types\/post"}],"author":[{"embeddable":true,"href":"https:\/\/www.hoymercedes.com.ar\/principal\/wp-json\/wp\/v2\/users\/1"}],"replies":[{"embeddable":true,"href":"https:\/\/www.hoymercedes.com.ar\/principal\/wp-json\/wp\/v2\/comments?post=101700"}],"version-history":[{"count":0,"href":"https:\/\/www.hoymercedes.com.ar\/principal\/wp-json\/wp\/v2\/posts\/101700\/revisions"}],"wp:featuredmedia":[{"embeddable":true,"href":"https:\/\/www.hoymercedes.com.ar\/principal\/wp-json\/wp\/v2\/media\/101578"}],"wp:attachment":[{"href":"https:\/\/www.hoymercedes.com.ar\/principal\/wp-json\/wp\/v2\/media?parent=101700"}],"wp:term":[{"taxonomy":"category","embeddable":true,"href":"https:\/\/www.hoymercedes.com.ar\/principal\/wp-json\/wp\/v2\/categories?post=101700"},{"taxonomy":"post_tag","embeddable":true,"href":"https:\/\/www.hoymercedes.com.ar\/principal\/wp-json\/wp\/v2\/tags?post=101700"}],"curies":[{"name":"wp","href":"https:\/\/api.w.org\/{rel}","templated":true}]}}