{"id":10171,"date":"2012-01-03T12:29:22","date_gmt":"2012-01-03T12:29:22","guid":{"rendered":"http:\/\/www.hoymercedes.com.ar\/principal\/?p=10171"},"modified":"2012-01-03T12:29:22","modified_gmt":"2012-01-03T12:29:22","slug":"selva-la-gran-decepcion-del-ano-fue-no-terminar-el-plan-federal-de-viviendas","status":"publish","type":"post","link":"https:\/\/www.hoymercedes.com.ar\/principal\/2012\/01\/03\/selva-la-gran-decepcion-del-ano-fue-no-terminar-el-plan-federal-de-viviendas\/","title":{"rendered":"Selva: \u201cLa gran decepci\u00f3n del a\u00f1o fue no terminar el Plan Federal de Viviendas\u201d"},"content":{"rendered":"<p>El mandatario comunal sostuvo \u201cel tema vivienda es muy importante para mi,. Me duele ver a setenta familias esperando con tantas expectativas, es realmente la materia pendiente que tengo\u201d<\/p>\n<p>El intendente Carlos Selva sostuvo ayer que el tema de no haber podido definir como quer\u00eda la concreci\u00f3n del Plan Federal de Viviendas en el Barrio Favaloro era el que m\u00e1s lo hab\u00eda decepcionado en forma personal a lo largo del a\u00f1o que concluye.<\/p>\n<p>El mandatario comunal sostuvo \u201chay cosas que realmente cuesta entender el porque no se han podido concretar y en tal sentido seguramente lo relacionado con la finalizaci\u00f3n del Plan de Viviendas, un tema por cierto muy fuerte para mi, es lo que mas ciento, lo que m\u00e1s me defrauda como gesti\u00f3n, la materia verdaderamente pendiente que tengo, es decir el hecho de no haber podido concretar la terminaci\u00f3n de las viviendas me duele por todo lo que significa para cada una de las familias que resultaron beneficiadas con la adjudicaci\u00f3n de una unidad.<\/p>\n<p>Por supuesto que nunca hemos dejado de trabajar para ver de que manera se pod\u00edan destrabar las cosas sobre todo por esas setenta familias que como es l\u00f3gico tienen una gran expectativa contenida.<\/p>\n<p>Entonces si me piden que elija algo que no pude cumplir y me duele no haberlo hecho, es eso, pero debo reconocer que generalmente siempre quedan metas incumplidas en una gesti\u00f3n y por ellas vamos a trabajar con mucha m\u00e1s fuerza durante el 2012\u201d.<\/p>\n<p>Posteriormente el mandatario sostuvo \u201ccada a\u00f1o que uno comienza lo hace generando una nueva expectativa y todos queremos con el deseo sincero que el mismo nos encuentre con nuestros seres querido a nuestro lado, es decir con nuestra familia, con trabajo, salud, aspi que vaya para la totalidad de los vecinos de Mercedes mi m\u00e1s grande deseo de prosperidad, felicidad y bienestar trabajando siempre como ciudadanos de bien por una sociedad m\u00e1s justa\u201d.<\/p>\n","protected":false},"excerpt":{"rendered":"<p>El mandatario comunal sostuvo \u201cel tema vivienda es muy importante para mi,. Me duele ver a setenta familias esperando con &#8230; <a title=\"Selva: \u201cLa gran decepci\u00f3n del a\u00f1o fue no terminar el Plan Federal de Viviendas\u201d\" class=\"read-more\" href=\"https:\/\/www.hoymercedes.com.ar\/principal\/2012\/01\/03\/selva-la-gran-decepcion-del-ano-fue-no-terminar-el-plan-federal-de-viviendas\/\" aria-label=\"Leer m\u00e1s sobre Selva: \u201cLa gran decepci\u00f3n del a\u00f1o fue no terminar el Plan Federal de Viviendas\u201d\">Leer m\u00e1s<\/a><\/p>\n","protected":false},"author":1,"featured_media":0,"comment_status":"open","ping_status":"open","sticky":false,"template":"","format":"standard","meta":{"_monsterinsights_skip_tracking":false,"_monsterinsights_sitenote_active":false,"_monsterinsights_sitenote_note":"","_monsterinsights_sitenote_category":0,"jetpack_post_was_ever_published":false,"_jetpack_newsletter_access":"","_jetpack_dont_email_post_to_subs":false,"_jetpack_newsletter_tier_id":0,"_jetpack_memberships_contains_paywalled_content":false,"_jetpack_memberships_contains_paid_content":false,"footnotes":"","jetpack_publicize_message":"","jetpack_publicize_feature_enabled":true,"jetpack_social_post_already_shared":false,"jetpack_social_options":{"image_generator_settings":{"template":"highway","default_image_id":0,"font":"","enabled":false},"version":2},"_wpas_customize_per_network":false},"categories":[5],"tags":[10,1758,18],"class_list":["post-10171","post","type-post","status-publish","format-standard","hentry","category-politica","tag-mercedes","tag-plan-federal-de-vivienda","tag-selva","generate-columns","tablet-grid-50","mobile-grid-100","grid-parent","grid-50"],"jetpack_publicize_connections":[],"jetpack_featured_media_url":"","wps_subtitle":"","jetpack_sharing_enabled":true,"_links":{"self":[{"href":"https:\/\/www.hoymercedes.com.ar\/principal\/wp-json\/wp\/v2\/posts\/10171","targetHints":{"allow":["GET"]}}],"collection":[{"href":"https:\/\/www.hoymercedes.com.ar\/principal\/wp-json\/wp\/v2\/posts"}],"about":[{"href":"https:\/\/www.hoymercedes.com.ar\/principal\/wp-json\/wp\/v2\/types\/post"}],"author":[{"embeddable":true,"href":"https:\/\/www.hoymercedes.com.ar\/principal\/wp-json\/wp\/v2\/users\/1"}],"replies":[{"embeddable":true,"href":"https:\/\/www.hoymercedes.com.ar\/principal\/wp-json\/wp\/v2\/comments?post=10171"}],"version-history":[{"count":0,"href":"https:\/\/www.hoymercedes.com.ar\/principal\/wp-json\/wp\/v2\/posts\/10171\/revisions"}],"wp:attachment":[{"href":"https:\/\/www.hoymercedes.com.ar\/principal\/wp-json\/wp\/v2\/media?parent=10171"}],"wp:term":[{"taxonomy":"category","embeddable":true,"href":"https:\/\/www.hoymercedes.com.ar\/principal\/wp-json\/wp\/v2\/categories?post=10171"},{"taxonomy":"post_tag","embeddable":true,"href":"https:\/\/www.hoymercedes.com.ar\/principal\/wp-json\/wp\/v2\/tags?post=10171"}],"curies":[{"name":"wp","href":"https:\/\/api.w.org\/{rel}","templated":true}]}}