{"id":101712,"date":"2019-10-24T08:00:42","date_gmt":"2019-10-24T11:00:42","guid":{"rendered":"http:\/\/www.hoymercedes.com.ar\/principal\/?p=101712"},"modified":"2019-10-23T23:27:36","modified_gmt":"2019-10-24T02:27:36","slug":"depatamento-de-ambiente-continua-enviando-materiales-a-reciclar","status":"publish","type":"post","link":"https:\/\/www.hoymercedes.com.ar\/principal\/2019\/10\/24\/depatamento-de-ambiente-continua-enviando-materiales-a-reciclar\/","title":{"rendered":"Depatamento de ambiente contin\u00faa enviando materiales a reciclar"},"content":{"rendered":"\n<p><br><\/p>\n\n\n\n<figure class=\"wp-block-image is-resized\"><img loading=\"lazy\" decoding=\"async\" data-attachment-id=\"101713\" data-permalink=\"https:\/\/www.hoymercedes.com.ar\/principal\/2019\/10\/24\/depatamento-de-ambiente-continua-enviando-materiales-a-reciclar\/reciclaje-2-3\/#main\" data-orig-file=\"https:\/\/www.hoymercedes.com.ar\/principal\/wp-content\/uploads\/2019\/10\/Reciclaje.2.png\" data-orig-size=\"720,613\" data-comments-opened=\"0\" data-image-meta=\"{&quot;aperture&quot;:&quot;0&quot;,&quot;credit&quot;:&quot;&quot;,&quot;camera&quot;:&quot;&quot;,&quot;caption&quot;:&quot;&quot;,&quot;created_timestamp&quot;:&quot;0&quot;,&quot;copyright&quot;:&quot;&quot;,&quot;focal_length&quot;:&quot;0&quot;,&quot;iso&quot;:&quot;0&quot;,&quot;shutter_speed&quot;:&quot;0&quot;,&quot;title&quot;:&quot;&quot;,&quot;orientation&quot;:&quot;0&quot;}\" data-image-title=\"Reciclaje.2\" data-image-description=\"\" data-image-caption=\"\" data-large-file=\"https:\/\/www.hoymercedes.com.ar\/principal\/wp-content\/uploads\/2019\/10\/Reciclaje.2.png\" src=\"https:\/\/www.hoymercedes.com.ar\/principal\/wp-content\/uploads\/2019\/10\/Reciclaje.2.png\" alt=\"\" class=\"wp-image-101713\" width=\"772\" height=\"657\" srcset=\"https:\/\/www.hoymercedes.com.ar\/principal\/wp-content\/uploads\/2019\/10\/Reciclaje.2.png 720w, https:\/\/www.hoymercedes.com.ar\/principal\/wp-content\/uploads\/2019\/10\/Reciclaje.2-150x128.png 150w, https:\/\/www.hoymercedes.com.ar\/principal\/wp-content\/uploads\/2019\/10\/Reciclaje.2-630x536.png 630w\" sizes=\"auto, (max-width: 772px) 100vw, 772px\" \/><figcaption>Env\u00edo de vidrios a reciclar<\/figcaption><\/figure>\n\n\n\n<p>El programa de saneamiento y\ncuidado del ambiente contin\u00faa. En esta ocasi\u00f3n con un nuevo env\u00edo de materiales\na ser reciclados que desde el Departamento de Ambiente se lograron retirar del\nespacio p\u00fablico y privado&nbsp; generando m\u00e1s limpieza urbana y cuidados.<\/p>\n\n\n\n<p>\u201cEn los \u00faltimos d\u00edas llevamos m\u00e1s de 6 toneladas de vidrios, recuperados por\nlos vecinos, a la cooperativa MadreSelvas en la ciudad de Buenos Aires\u201d narraron\ndesde Ambiente.<\/p>\n\n\n\n<p>\u201cSeis toneladas menos de residuos en la ciudad. Seis toneladas que se transforman\nen recurso econ\u00f3mico\u201d destac\u00f3 Mend\u00eda. <\/p>\n\n\n\n<p>Por \u00faltimo, destac\u00f3 que \u201cagradecemos a toda la comunidad por su colaboraci\u00f3n\u201d<\/p>\n\n\n\n<p>Vale recordar que ya se han\nretirado del espacio p\u00fablico y de las familias y reciclados 15 toneladas de\nresiduos electr\u00f3nicos, siendo uno de los problemas m\u00e1s grandes para,\nespecialmente, las familias, dado que se acumulan, desde lavarropas,\nmicroondas, termotanques, computadoras viejas, tablets, etc. <\/p>\n","protected":false},"excerpt":{"rendered":"<p>El programa de saneamiento y cuidado del ambiente contin\u00faa. En esta ocasi\u00f3n con un nuevo env\u00edo de materiales a ser &#8230; <a title=\"Depatamento de ambiente contin\u00faa enviando materiales a reciclar\" class=\"read-more\" href=\"https:\/\/www.hoymercedes.com.ar\/principal\/2019\/10\/24\/depatamento-de-ambiente-continua-enviando-materiales-a-reciclar\/\" aria-label=\"Leer m\u00e1s sobre Depatamento de ambiente contin\u00faa enviando materiales a reciclar\">Leer m\u00e1s<\/a><\/p>\n","protected":false},"author":1,"featured_media":101713,"comment_status":"closed","ping_status":"open","sticky":false,"template":"","format":"standard","meta":{"_monsterinsights_skip_tracking":false,"_monsterinsights_sitenote_active":false,"_monsterinsights_sitenote_note":"","_monsterinsights_sitenote_category":0,"jetpack_post_was_ever_published":false,"_jetpack_newsletter_access":"","_jetpack_dont_email_post_to_subs":false,"_jetpack_newsletter_tier_id":0,"_jetpack_memberships_contains_paywalled_content":false,"_jetpack_memberships_contains_paid_content":false,"footnotes":"","jetpack_publicize_message":"","jetpack_publicize_feature_enabled":true,"jetpack_social_post_already_shared":true,"jetpack_social_options":{"image_generator_settings":{"template":"highway","default_image_id":0,"font":"","enabled":false},"version":2},"_wpas_customize_per_network":false},"categories":[30],"tags":[15369,13261],"class_list":["post-101712","post","type-post","status-publish","format-standard","has-post-thumbnail","hentry","category-municipio","tag-departamento-de-ambiente","tag-reciclaje","generate-columns","tablet-grid-50","mobile-grid-100","grid-parent","grid-50"],"jetpack_publicize_connections":[],"jetpack_featured_media_url":"https:\/\/www.hoymercedes.com.ar\/principal\/wp-content\/uploads\/2019\/10\/Reciclaje.2.png","wps_subtitle":"Cuidado ambiental ","jetpack_sharing_enabled":true,"_links":{"self":[{"href":"https:\/\/www.hoymercedes.com.ar\/principal\/wp-json\/wp\/v2\/posts\/101712","targetHints":{"allow":["GET"]}}],"collection":[{"href":"https:\/\/www.hoymercedes.com.ar\/principal\/wp-json\/wp\/v2\/posts"}],"about":[{"href":"https:\/\/www.hoymercedes.com.ar\/principal\/wp-json\/wp\/v2\/types\/post"}],"author":[{"embeddable":true,"href":"https:\/\/www.hoymercedes.com.ar\/principal\/wp-json\/wp\/v2\/users\/1"}],"replies":[{"embeddable":true,"href":"https:\/\/www.hoymercedes.com.ar\/principal\/wp-json\/wp\/v2\/comments?post=101712"}],"version-history":[{"count":0,"href":"https:\/\/www.hoymercedes.com.ar\/principal\/wp-json\/wp\/v2\/posts\/101712\/revisions"}],"wp:featuredmedia":[{"embeddable":true,"href":"https:\/\/www.hoymercedes.com.ar\/principal\/wp-json\/wp\/v2\/media\/101713"}],"wp:attachment":[{"href":"https:\/\/www.hoymercedes.com.ar\/principal\/wp-json\/wp\/v2\/media?parent=101712"}],"wp:term":[{"taxonomy":"category","embeddable":true,"href":"https:\/\/www.hoymercedes.com.ar\/principal\/wp-json\/wp\/v2\/categories?post=101712"},{"taxonomy":"post_tag","embeddable":true,"href":"https:\/\/www.hoymercedes.com.ar\/principal\/wp-json\/wp\/v2\/tags?post=101712"}],"curies":[{"name":"wp","href":"https:\/\/api.w.org\/{rel}","templated":true}]}}