{"id":101727,"date":"2019-10-24T20:37:15","date_gmt":"2019-10-24T23:37:15","guid":{"rendered":"http:\/\/www.hoymercedes.com.ar\/principal\/?p=101727"},"modified":"2019-10-24T20:37:17","modified_gmt":"2019-10-24T23:37:17","slug":"mercedes-se-pinta-nueva-propueta-de-muralismo-y-embellecimiento-de-la-ciudad","status":"publish","type":"post","link":"https:\/\/www.hoymercedes.com.ar\/principal\/2019\/10\/24\/mercedes-se-pinta-nueva-propueta-de-muralismo-y-embellecimiento-de-la-ciudad\/","title":{"rendered":"\u00abMercedes se pinta\u00bb nueva propueta de muralismo y embellecimiento de la ciudad"},"content":{"rendered":"\n<figure class=\"wp-block-image\"><img loading=\"lazy\" decoding=\"async\" width=\"1024\" height=\"576\" data-attachment-id=\"101729\" data-permalink=\"https:\/\/www.hoymercedes.com.ar\/principal\/2019\/10\/24\/mercedes-se-pinta-nueva-propueta-de-muralismo-y-embellecimiento-de-la-ciudad\/attachment\/251\/#main\" data-orig-file=\"https:\/\/www.hoymercedes.com.ar\/principal\/wp-content\/uploads\/2019\/10\/251.jpeg\" data-orig-size=\"1052,592\" data-comments-opened=\"0\" data-image-meta=\"{&quot;aperture&quot;:&quot;0&quot;,&quot;credit&quot;:&quot;&quot;,&quot;camera&quot;:&quot;&quot;,&quot;caption&quot;:&quot;&quot;,&quot;created_timestamp&quot;:&quot;0&quot;,&quot;copyright&quot;:&quot;&quot;,&quot;focal_length&quot;:&quot;0&quot;,&quot;iso&quot;:&quot;0&quot;,&quot;shutter_speed&quot;:&quot;0&quot;,&quot;title&quot;:&quot;&quot;,&quot;orientation&quot;:&quot;0&quot;}\" data-image-title=\"251\" data-image-description=\"\" data-image-caption=\"\" data-large-file=\"https:\/\/www.hoymercedes.com.ar\/principal\/wp-content\/uploads\/2019\/10\/251-1024x576.jpeg\" src=\"https:\/\/www.hoymercedes.com.ar\/principal\/wp-content\/uploads\/2019\/10\/251-1024x576.jpeg\" alt=\"\" class=\"wp-image-101729\" srcset=\"https:\/\/www.hoymercedes.com.ar\/principal\/wp-content\/uploads\/2019\/10\/251-1024x576.jpeg 1024w, https:\/\/www.hoymercedes.com.ar\/principal\/wp-content\/uploads\/2019\/10\/251-150x84.jpeg 150w, https:\/\/www.hoymercedes.com.ar\/principal\/wp-content\/uploads\/2019\/10\/251-630x355.jpeg 630w, https:\/\/www.hoymercedes.com.ar\/principal\/wp-content\/uploads\/2019\/10\/251.jpeg 1052w\" sizes=\"auto, (max-width: 1024px) 100vw, 1024px\" \/><figcaption>Proyesto de muralistas y direcci\u00f3n de cultura <\/figcaption><\/figure>\n\n\n\n<p>Desde el Complejo Cultural La\nTrocha, el Municipio de Mercedes a trav\u00e9s de la Direcci\u00f3n de Cultura lanz\u00f3 la\npropuesta art\u00edstica \u201cMercedes se Pinta\u201d. Este encuentro de muralismo se llevar\u00e1\nadelante una vez m\u00e1s en la ciudad en el mes de noviembre. Este camino de\nmurales que se realizar\u00e1 en diferentes puntos de la ciudad estar\u00e1 a cargo de\nm\u00e1s de 15 artistas pl\u00e1sticos y muralistas. <\/p>\n\n\n\n<p>\u201cLa idea es embellecer la ciudad\ny crear conciencia sobre diferentes tem\u00e1ticas que le interesan a la sociedad\u201d\nse\u00f1al\u00f3 Lucia Capaccio, directora de cultura. <\/p>\n\n\n\n<p>Asimismo, Capaccio indic\u00f3 \u201cquiero\nfelicitar a los artistas por todo este trabajo que fue una iniciativa de ellos,\nal intendente Ustarroz por el apoyo y a los vecinos que donan sus paredes para\npoder hacer sus murales\u201d y agreg\u00f3 \u201ctambi\u00e9n a Mustoni por colaborar con las\nherramientas que se necesitan, al corral\u00f3n y al equipo de Desarrollo social por\ntrabajar mancomunadamente juntos a todos nosotros para llevar adelante esta\npropuesta\u201d. <\/p>\n\n\n\n<p>Adem\u00e1s, desde la Direcci\u00f3n de\nCultura se inform\u00f3 que esta actividad, que conllevar\u00e1 todo el mes de noviembre,\ntiene como punto final una bicicleteada que recorrer\u00e1 los diferentes murales. <\/p>\n\n\n\n<p>Conjuntamente Jorge Blanco,\nreconocido artista de nuestra ciudad expres\u00f3 \u201cestamos muy contentos y celebro\nque los artistas pl\u00e1sticos nos podamos juntar, es un m\u00e9rito que logramos entre todos,\nartistas, la Direcci\u00f3n de Cultura y el apoyo incondicional del Dr. Ustarroz\u201d.<\/p>\n\n\n\n<figure class=\"wp-block-image\"><img loading=\"lazy\" decoding=\"async\" width=\"1000\" height=\"1000\" data-attachment-id=\"101730\" data-permalink=\"https:\/\/www.hoymercedes.com.ar\/principal\/2019\/10\/24\/mercedes-se-pinta-nueva-propueta-de-muralismo-y-embellecimiento-de-la-ciudad\/muralismo-mercedes\/#main\" data-orig-file=\"https:\/\/www.hoymercedes.com.ar\/principal\/wp-content\/uploads\/2019\/10\/muralismo.mercedes.jpeg\" data-orig-size=\"1000,1000\" data-comments-opened=\"0\" data-image-meta=\"{&quot;aperture&quot;:&quot;0&quot;,&quot;credit&quot;:&quot;&quot;,&quot;camera&quot;:&quot;&quot;,&quot;caption&quot;:&quot;&quot;,&quot;created_timestamp&quot;:&quot;0&quot;,&quot;copyright&quot;:&quot;&quot;,&quot;focal_length&quot;:&quot;0&quot;,&quot;iso&quot;:&quot;0&quot;,&quot;shutter_speed&quot;:&quot;0&quot;,&quot;title&quot;:&quot;&quot;,&quot;orientation&quot;:&quot;0&quot;}\" data-image-title=\"muralismo.mercedes\" data-image-description=\"\" data-image-caption=\"\" data-large-file=\"https:\/\/www.hoymercedes.com.ar\/principal\/wp-content\/uploads\/2019\/10\/muralismo.mercedes.jpeg\" src=\"https:\/\/www.hoymercedes.com.ar\/principal\/wp-content\/uploads\/2019\/10\/muralismo.mercedes.jpeg\" alt=\"\" class=\"wp-image-101730\" srcset=\"https:\/\/www.hoymercedes.com.ar\/principal\/wp-content\/uploads\/2019\/10\/muralismo.mercedes.jpeg 1000w, https:\/\/www.hoymercedes.com.ar\/principal\/wp-content\/uploads\/2019\/10\/muralismo.mercedes-150x150.jpeg 150w, https:\/\/www.hoymercedes.com.ar\/principal\/wp-content\/uploads\/2019\/10\/muralismo.mercedes-620x620.jpeg 620w\" sizes=\"auto, (max-width: 1000px) 100vw, 1000px\" \/><figcaption>Logo del proyecto<\/figcaption><\/figure>\n\n\n\n<p>\u201cYo me siento muy feliz, me\ngustar\u00eda que esto se repita y que sea el comienzo de una actividad cultural, de\nlas tantas que se han iniciado durante esta gesti\u00f3n\u201d afirm\u00f3 Blanco. <\/p>\n\n\n\n<p>El ilustrador Pablo Blasberg manifest\u00f3\n\u201ces de celebrar que el Municipio no s\u00f3lo se encargue de las necesidades b\u00e1sicas\nde la gente, sino que el arte y la cultura salga del museo y pase a estar en\nlas calles es muy gratificante\u201d y remarc\u00f3 \u201cmuy contento que la gesti\u00f3n del Dr.\nUstarroz apoye una vez m\u00e1s a la cultura\u201d.<\/p>\n\n\n\n<p>El Municipio de Mercedes\nentregar\u00e1 todos los elementos que los artistas necesiten, como as\u00ed tambi\u00e9n le\npagar\u00e1 un cachet por el trabajo realizado \u201cesto no es un concurso sino que\njuntamos y contratamos a una gran cantidad de artistas para que desarrollen y\ndesplieguen todo su arte\u201d destac\u00f3 la Directora de Cultura. <\/p>\n","protected":false},"excerpt":{"rendered":"<p>Desde el Complejo Cultural La Trocha, el Municipio de Mercedes a trav\u00e9s de la Direcci\u00f3n de Cultura lanz\u00f3 la propuesta &#8230; <a title=\"\u00abMercedes se pinta\u00bb nueva propueta de muralismo y embellecimiento de la ciudad\" class=\"read-more\" href=\"https:\/\/www.hoymercedes.com.ar\/principal\/2019\/10\/24\/mercedes-se-pinta-nueva-propueta-de-muralismo-y-embellecimiento-de-la-ciudad\/\" aria-label=\"Leer m\u00e1s sobre \u00abMercedes se pinta\u00bb nueva propueta de muralismo y embellecimiento de la ciudad\">Leer m\u00e1s<\/a><\/p>\n","protected":false},"author":1,"featured_media":101730,"comment_status":"closed","ping_status":"open","sticky":false,"template":"","format":"standard","meta":{"_monsterinsights_skip_tracking":false,"_monsterinsights_sitenote_active":false,"_monsterinsights_sitenote_note":"","_monsterinsights_sitenote_category":0,"jetpack_post_was_ever_published":false,"_jetpack_newsletter_access":"","_jetpack_dont_email_post_to_subs":false,"_jetpack_newsletter_tier_id":0,"_jetpack_memberships_contains_paywalled_content":false,"_jetpack_memberships_contains_paid_content":false,"footnotes":"","jetpack_publicize_message":"","jetpack_publicize_feature_enabled":true,"jetpack_social_post_already_shared":true,"jetpack_social_options":{"image_generator_settings":{"template":"highway","default_image_id":0,"font":"","enabled":false},"version":2},"_wpas_customize_per_network":false},"categories":[30],"tags":[8589,15851],"class_list":["post-101727","post","type-post","status-publish","format-standard","has-post-thumbnail","hentry","category-municipio","tag-lucia-capaccio","tag-muralismo","generate-columns","tablet-grid-50","mobile-grid-100","grid-parent","grid-50"],"jetpack_publicize_connections":[],"jetpack_featured_media_url":"https:\/\/www.hoymercedes.com.ar\/principal\/wp-content\/uploads\/2019\/10\/muralismo.mercedes.jpeg","wps_subtitle":"Proyecto cultural ","jetpack_sharing_enabled":true,"_links":{"self":[{"href":"https:\/\/www.hoymercedes.com.ar\/principal\/wp-json\/wp\/v2\/posts\/101727","targetHints":{"allow":["GET"]}}],"collection":[{"href":"https:\/\/www.hoymercedes.com.ar\/principal\/wp-json\/wp\/v2\/posts"}],"about":[{"href":"https:\/\/www.hoymercedes.com.ar\/principal\/wp-json\/wp\/v2\/types\/post"}],"author":[{"embeddable":true,"href":"https:\/\/www.hoymercedes.com.ar\/principal\/wp-json\/wp\/v2\/users\/1"}],"replies":[{"embeddable":true,"href":"https:\/\/www.hoymercedes.com.ar\/principal\/wp-json\/wp\/v2\/comments?post=101727"}],"version-history":[{"count":0,"href":"https:\/\/www.hoymercedes.com.ar\/principal\/wp-json\/wp\/v2\/posts\/101727\/revisions"}],"wp:featuredmedia":[{"embeddable":true,"href":"https:\/\/www.hoymercedes.com.ar\/principal\/wp-json\/wp\/v2\/media\/101730"}],"wp:attachment":[{"href":"https:\/\/www.hoymercedes.com.ar\/principal\/wp-json\/wp\/v2\/media?parent=101727"}],"wp:term":[{"taxonomy":"category","embeddable":true,"href":"https:\/\/www.hoymercedes.com.ar\/principal\/wp-json\/wp\/v2\/categories?post=101727"},{"taxonomy":"post_tag","embeddable":true,"href":"https:\/\/www.hoymercedes.com.ar\/principal\/wp-json\/wp\/v2\/tags?post=101727"}],"curies":[{"name":"wp","href":"https:\/\/api.w.org\/{rel}","templated":true}]}}