{"id":101780,"date":"2019-10-27T11:09:43","date_gmt":"2019-10-27T14:09:43","guid":{"rendered":"http:\/\/www.hoymercedes.com.ar\/principal\/?p=101780"},"modified":"2019-10-27T11:09:51","modified_gmt":"2019-10-27T14:09:51","slug":"siempre-celebramos-la-posibilidad-de-fortalecer-la-democracia-dijo-revora","status":"publish","type":"post","link":"https:\/\/www.hoymercedes.com.ar\/principal\/2019\/10\/27\/siempre-celebramos-la-posibilidad-de-fortalecer-la-democracia-dijo-revora\/","title":{"rendered":"\u00abSiempre celebramos la posibilidad de fortalecer la democracia\u00bb, dijo R\u00e9vora"},"content":{"rendered":"\n<figure class=\"wp-block-image\"><img loading=\"lazy\" decoding=\"async\" width=\"768\" height=\"1024\" data-attachment-id=\"101781\" data-permalink=\"https:\/\/www.hoymercedes.com.ar\/principal\/2019\/10\/27\/siempre-celebramos-la-posibilidad-de-fortalecer-la-democracia-dijo-revora\/img-20191027-wa0035\/#main\" data-orig-file=\"https:\/\/www.hoymercedes.com.ar\/principal\/wp-content\/uploads\/2019\/10\/IMG-20191027-WA0035.jpg\" data-orig-size=\"774,1032\" data-comments-opened=\"0\" data-image-meta=\"{&quot;aperture&quot;:&quot;0&quot;,&quot;credit&quot;:&quot;&quot;,&quot;camera&quot;:&quot;&quot;,&quot;caption&quot;:&quot;&quot;,&quot;created_timestamp&quot;:&quot;0&quot;,&quot;copyright&quot;:&quot;&quot;,&quot;focal_length&quot;:&quot;0&quot;,&quot;iso&quot;:&quot;0&quot;,&quot;shutter_speed&quot;:&quot;0&quot;,&quot;title&quot;:&quot;&quot;,&quot;orientation&quot;:&quot;0&quot;}\" data-image-title=\"IMG-20191027-WA0035\" data-image-description=\"\" data-image-caption=\"\" data-large-file=\"https:\/\/www.hoymercedes.com.ar\/principal\/wp-content\/uploads\/2019\/10\/IMG-20191027-WA0035-768x1024.jpg\" src=\"https:\/\/www.hoymercedes.com.ar\/principal\/wp-content\/uploads\/2019\/10\/IMG-20191027-WA0035-768x1024.jpg\" alt=\"\" class=\"wp-image-101781\" srcset=\"https:\/\/www.hoymercedes.com.ar\/principal\/wp-content\/uploads\/2019\/10\/IMG-20191027-WA0035-768x1024.jpg 768w, https:\/\/www.hoymercedes.com.ar\/principal\/wp-content\/uploads\/2019\/10\/IMG-20191027-WA0035-113x150.jpg 113w, https:\/\/www.hoymercedes.com.ar\/principal\/wp-content\/uploads\/2019\/10\/IMG-20191027-WA0035-465x620.jpg 465w, https:\/\/www.hoymercedes.com.ar\/principal\/wp-content\/uploads\/2019\/10\/IMG-20191027-WA0035.jpg 774w\" sizes=\"auto, (max-width: 768px) 100vw, 768px\" \/><\/figure>\n\n\n\n<p>El diputado provincial Santiago R\u00e9vora celebr\u00f3 la posibilidad de tener una nueva jornada electoral para \u00abfortalecer la democracia\u00bb y mostr\u00f3 su expectativa de que sea \u00abun domingo importante\u00bb.<br>\n\u00abVenir a votar siempre es un motivo para celebrar. Podemos fortalecer esta democracia que a los argentinos tanto nos cost\u00f3 construir. Por eso hay que estar contentos, votar con alegr\u00eda m\u00e1s all\u00e1 del resultado\u00bb, manifest\u00f3.<br>\nR\u00e9vora, aconpa\u00f1ado por sus hijos, emiti\u00f3 su voto esta ma\u00f1ana en la mesa 57 del Colegio San Patricio.<br>\n\u00abEstuve hablando con los fiscales y por suerte est\u00e1 todo tranquilo. Ojal\u00e1 que siga as\u00ed y que el clima acompa\u00f1e despu\u00e9s de la lluvia\u00bb, expres\u00f6.<br>\nEl diputado mercedino consider\u00f3 tambi\u00e9n que un domingo de elecciones \u00absiempre es una jornada particular\u00bb y se ilusion\u00f3 con que sea \u00abun domingo importante\u00bb.<br>\nFinalmente, R\u00e9vora adelant\u00f3 que se quedar\u00e1 en Mercedes a la espera del resultado de las elecciones, para los que tiene \u00ablas mejores expectativas\u00bb.<\/p>\n","protected":false},"excerpt":{"rendered":"<p>El diputado provincial Santiago R\u00e9vora celebr\u00f3 la posibilidad de tener una nueva jornada electoral para \u00abfortalecer la democracia\u00bb y mostr\u00f3 &#8230; <a title=\"\u00abSiempre celebramos la posibilidad de fortalecer la democracia\u00bb, dijo R\u00e9vora\" class=\"read-more\" href=\"https:\/\/www.hoymercedes.com.ar\/principal\/2019\/10\/27\/siempre-celebramos-la-posibilidad-de-fortalecer-la-democracia-dijo-revora\/\" aria-label=\"Leer m\u00e1s sobre \u00abSiempre celebramos la posibilidad de fortalecer la democracia\u00bb, dijo R\u00e9vora\">Leer m\u00e1s<\/a><\/p>\n","protected":false},"author":1,"featured_media":101781,"comment_status":"closed","ping_status":"open","sticky":false,"template":"","format":"standard","meta":{"_monsterinsights_skip_tracking":false,"_monsterinsights_sitenote_active":false,"_monsterinsights_sitenote_note":"","_monsterinsights_sitenote_category":0,"jetpack_post_was_ever_published":false,"_jetpack_newsletter_access":"","_jetpack_dont_email_post_to_subs":false,"_jetpack_newsletter_tier_id":0,"_jetpack_memberships_contains_paywalled_content":false,"_jetpack_memberships_contains_paid_content":false,"footnotes":"","jetpack_publicize_message":"","jetpack_publicize_feature_enabled":true,"jetpack_social_post_already_shared":true,"jetpack_social_options":{"image_generator_settings":{"template":"highway","default_image_id":0,"font":"","enabled":false},"version":2},"_wpas_customize_per_network":false},"categories":[8],"tags":[],"class_list":["post-101780","post","type-post","status-publish","format-standard","has-post-thumbnail","hentry","category-sociedad","generate-columns","tablet-grid-50","mobile-grid-100","grid-parent","grid-50"],"jetpack_publicize_connections":[],"jetpack_featured_media_url":"https:\/\/www.hoymercedes.com.ar\/principal\/wp-content\/uploads\/2019\/10\/IMG-20191027-WA0035.jpg","wps_subtitle":"Elecciones 2019","jetpack_sharing_enabled":true,"_links":{"self":[{"href":"https:\/\/www.hoymercedes.com.ar\/principal\/wp-json\/wp\/v2\/posts\/101780","targetHints":{"allow":["GET"]}}],"collection":[{"href":"https:\/\/www.hoymercedes.com.ar\/principal\/wp-json\/wp\/v2\/posts"}],"about":[{"href":"https:\/\/www.hoymercedes.com.ar\/principal\/wp-json\/wp\/v2\/types\/post"}],"author":[{"embeddable":true,"href":"https:\/\/www.hoymercedes.com.ar\/principal\/wp-json\/wp\/v2\/users\/1"}],"replies":[{"embeddable":true,"href":"https:\/\/www.hoymercedes.com.ar\/principal\/wp-json\/wp\/v2\/comments?post=101780"}],"version-history":[{"count":0,"href":"https:\/\/www.hoymercedes.com.ar\/principal\/wp-json\/wp\/v2\/posts\/101780\/revisions"}],"wp:featuredmedia":[{"embeddable":true,"href":"https:\/\/www.hoymercedes.com.ar\/principal\/wp-json\/wp\/v2\/media\/101781"}],"wp:attachment":[{"href":"https:\/\/www.hoymercedes.com.ar\/principal\/wp-json\/wp\/v2\/media?parent=101780"}],"wp:term":[{"taxonomy":"category","embeddable":true,"href":"https:\/\/www.hoymercedes.com.ar\/principal\/wp-json\/wp\/v2\/categories?post=101780"},{"taxonomy":"post_tag","embeddable":true,"href":"https:\/\/www.hoymercedes.com.ar\/principal\/wp-json\/wp\/v2\/tags?post=101780"}],"curies":[{"name":"wp","href":"https:\/\/api.w.org\/{rel}","templated":true}]}}