{"id":101789,"date":"2019-10-27T12:52:54","date_gmt":"2019-10-27T15:52:54","guid":{"rendered":"http:\/\/www.hoymercedes.com.ar\/principal\/?p=101789"},"modified":"2019-10-27T12:53:01","modified_gmt":"2019-10-27T15:53:01","slug":"comsena-julia-es-una-gran-candidata","status":"publish","type":"post","link":"https:\/\/www.hoymercedes.com.ar\/principal\/2019\/10\/27\/comsena-julia-es-una-gran-candidata\/","title":{"rendered":"Comse\u00f1a \u00abJulia es una gran candidata\u00bb"},"content":{"rendered":"\n<figure class=\"wp-block-image\"><img loading=\"lazy\" decoding=\"async\" width=\"853\" height=\"508\" data-attachment-id=\"101790\" data-permalink=\"https:\/\/www.hoymercedes.com.ar\/principal\/2019\/10\/27\/comsena-julia-es-una-gran-candidata\/sesoncomesana\/#main\" data-orig-file=\"https:\/\/www.hoymercedes.com.ar\/principal\/wp-content\/uploads\/2019\/10\/SesonComesa\u00f1a.png\" data-orig-size=\"853,508\" data-comments-opened=\"0\" data-image-meta=\"{&quot;aperture&quot;:&quot;0&quot;,&quot;credit&quot;:&quot;&quot;,&quot;camera&quot;:&quot;&quot;,&quot;caption&quot;:&quot;&quot;,&quot;created_timestamp&quot;:&quot;0&quot;,&quot;copyright&quot;:&quot;&quot;,&quot;focal_length&quot;:&quot;0&quot;,&quot;iso&quot;:&quot;0&quot;,&quot;shutter_speed&quot;:&quot;0&quot;,&quot;title&quot;:&quot;&quot;,&quot;orientation&quot;:&quot;0&quot;}\" data-image-title=\"SesonComesa\u00f1a\" data-image-description=\"\" data-image-caption=\"\" data-large-file=\"https:\/\/www.hoymercedes.com.ar\/principal\/wp-content\/uploads\/2019\/10\/SesonComesa\u00f1a.png\" src=\"https:\/\/www.hoymercedes.com.ar\/principal\/wp-content\/uploads\/2019\/10\/SesonComesa\u00f1a.png\" alt=\"\" class=\"wp-image-101790\" srcset=\"https:\/\/www.hoymercedes.com.ar\/principal\/wp-content\/uploads\/2019\/10\/SesonComesa\u00f1a.png 853w, https:\/\/www.hoymercedes.com.ar\/principal\/wp-content\/uploads\/2019\/10\/SesonComesa\u00f1a-150x89.png 150w, https:\/\/www.hoymercedes.com.ar\/principal\/wp-content\/uploads\/2019\/10\/SesonComesa\u00f1a-630x375.png 630w, https:\/\/www.hoymercedes.com.ar\/principal\/wp-content\/uploads\/2019\/10\/SesonComesa\u00f1a-445x265.png 445w\" sizes=\"auto, (max-width: 853px) 100vw, 853px\" \/><figcaption>Ses\u00f3nComesa\u00f1a<\/figcaption><\/figure>\n\n\n\n<p>\u00abConsidero qu\u00e9 ha habido una reacci\u00f3n por parte de Cambiemos despu\u00e9s de las PASO y tengo expectativas qu\u00e9 se pueda dar vuelta y sino llegase a ser as\u00ed para mi ha sido un sacud\u00f3n qu\u00e9 nos unio, hizo crear y modificar y llegado el caso seremos una fuerza de oposici\u00f3n importante y no desunida, sino unida\u00bb afirm\u00f3 el candidato a concejal en primer t\u00e9rmino de Juntos por el Cambio.<\/p>\n\n\n\n<p>Seson Comesa\u00f1a Comento qu\u00e9 \u00abJulia es una gran candidata, preparada y le estoy eternamente agradecido\u00bb narr\u00f3. <\/p>\n\n\n\n<p>Tambi\u00e9n cont\u00f3 qu\u00e9 la tarea de m\u00e9dico y la pol\u00edtica no es sencilla, qu\u00e9 lleva mucho tiempo, pero qu\u00e9 lo hace con mucho placer y dedicaci\u00f3n. <\/p>\n\n\n\n<p>Destac\u00f3 tambi\u00e9n qu\u00e9 tienen \u00abuna militancia muy unida, estamos con  la gente, en el comit\u00e9 y creo qu\u00e9 Jumia es una gran candidata, con convicci\u00f3n, coraje\u00bb afirm\u00f3.<\/p>\n","protected":false},"excerpt":{"rendered":"<p>\u00abConsidero qu\u00e9 ha habido una reacci\u00f3n por parte de Cambiemos despu\u00e9s de las PASO y tengo expectativas qu\u00e9 se pueda &#8230; <a title=\"Comse\u00f1a \u00abJulia es una gran candidata\u00bb\" class=\"read-more\" href=\"https:\/\/www.hoymercedes.com.ar\/principal\/2019\/10\/27\/comsena-julia-es-una-gran-candidata\/\" aria-label=\"Leer m\u00e1s sobre Comse\u00f1a \u00abJulia es una gran candidata\u00bb\">Leer m\u00e1s<\/a><\/p>\n","protected":false},"author":1,"featured_media":101790,"comment_status":"closed","ping_status":"open","sticky":false,"template":"","format":"standard","meta":{"_monsterinsights_skip_tracking":false,"_monsterinsights_sitenote_active":false,"_monsterinsights_sitenote_note":"","_monsterinsights_sitenote_category":0,"jetpack_post_was_ever_published":false,"_jetpack_newsletter_access":"","_jetpack_dont_email_post_to_subs":false,"_jetpack_newsletter_tier_id":0,"_jetpack_memberships_contains_paywalled_content":false,"_jetpack_memberships_contains_paid_content":false,"footnotes":"","jetpack_publicize_message":"","jetpack_publicize_feature_enabled":true,"jetpack_social_post_already_shared":true,"jetpack_social_options":{"image_generator_settings":{"template":"highway","default_image_id":0,"font":"","enabled":false},"version":2},"_wpas_customize_per_network":false},"categories":[5],"tags":[7492],"class_list":["post-101789","post","type-post","status-publish","format-standard","has-post-thumbnail","hentry","category-politica","tag-frente-cambiemos","generate-columns","tablet-grid-50","mobile-grid-100","grid-parent","grid-50"],"jetpack_publicize_connections":[],"jetpack_featured_media_url":"https:\/\/www.hoymercedes.com.ar\/principal\/wp-content\/uploads\/2019\/10\/SesonComesa\u00f1a.png","wps_subtitle":"Elecciones 2019","jetpack_sharing_enabled":true,"_links":{"self":[{"href":"https:\/\/www.hoymercedes.com.ar\/principal\/wp-json\/wp\/v2\/posts\/101789","targetHints":{"allow":["GET"]}}],"collection":[{"href":"https:\/\/www.hoymercedes.com.ar\/principal\/wp-json\/wp\/v2\/posts"}],"about":[{"href":"https:\/\/www.hoymercedes.com.ar\/principal\/wp-json\/wp\/v2\/types\/post"}],"author":[{"embeddable":true,"href":"https:\/\/www.hoymercedes.com.ar\/principal\/wp-json\/wp\/v2\/users\/1"}],"replies":[{"embeddable":true,"href":"https:\/\/www.hoymercedes.com.ar\/principal\/wp-json\/wp\/v2\/comments?post=101789"}],"version-history":[{"count":0,"href":"https:\/\/www.hoymercedes.com.ar\/principal\/wp-json\/wp\/v2\/posts\/101789\/revisions"}],"wp:featuredmedia":[{"embeddable":true,"href":"https:\/\/www.hoymercedes.com.ar\/principal\/wp-json\/wp\/v2\/media\/101790"}],"wp:attachment":[{"href":"https:\/\/www.hoymercedes.com.ar\/principal\/wp-json\/wp\/v2\/media?parent=101789"}],"wp:term":[{"taxonomy":"category","embeddable":true,"href":"https:\/\/www.hoymercedes.com.ar\/principal\/wp-json\/wp\/v2\/categories?post=101789"},{"taxonomy":"post_tag","embeddable":true,"href":"https:\/\/www.hoymercedes.com.ar\/principal\/wp-json\/wp\/v2\/tags?post=101789"}],"curies":[{"name":"wp","href":"https:\/\/api.w.org\/{rel}","templated":true}]}}