{"id":101829,"date":"2019-10-28T08:44:33","date_gmt":"2019-10-28T11:44:33","guid":{"rendered":"http:\/\/www.hoymercedes.com.ar\/principal\/?p=101829"},"modified":"2019-10-27T17:01:38","modified_gmt":"2019-10-27T20:01:38","slug":"tras-las-elecciones-el-hcd-tendra-una-nueva-sesion","status":"publish","type":"post","link":"https:\/\/www.hoymercedes.com.ar\/principal\/2019\/10\/28\/tras-las-elecciones-el-hcd-tendra-una-nueva-sesion\/","title":{"rendered":"Tras las elecciones, el HCD tendr\u00e1 una nueva sesi\u00f3n"},"content":{"rendered":"\n<figure class=\"wp-block-image\"><img loading=\"lazy\" decoding=\"async\" width=\"750\" height=\"500\" data-attachment-id=\"83088\" data-permalink=\"https:\/\/www.hoymercedes.com.ar\/principal\/2018\/10\/26\/hcd-sesion-especial-por-los-35-anos-de-democracia-argentina\/26-recinto-hcd\/#main\" data-orig-file=\"https:\/\/www.hoymercedes.com.ar\/principal\/wp-content\/uploads\/2018\/10\/26-recinto-HCD.jpg\" data-orig-size=\"750,500\" data-comments-opened=\"0\" data-image-meta=\"{&quot;aperture&quot;:&quot;0&quot;,&quot;credit&quot;:&quot;&quot;,&quot;camera&quot;:&quot;&quot;,&quot;caption&quot;:&quot;&quot;,&quot;created_timestamp&quot;:&quot;0&quot;,&quot;copyright&quot;:&quot;&quot;,&quot;focal_length&quot;:&quot;0&quot;,&quot;iso&quot;:&quot;0&quot;,&quot;shutter_speed&quot;:&quot;0&quot;,&quot;title&quot;:&quot;&quot;,&quot;orientation&quot;:&quot;0&quot;}\" data-image-title=\"26 recinto HCD\" data-image-description=\"\" data-image-caption=\"\" data-large-file=\"https:\/\/www.hoymercedes.com.ar\/principal\/wp-content\/uploads\/2018\/10\/26-recinto-HCD.jpg\" src=\"https:\/\/www.hoymercedes.com.ar\/principal\/wp-content\/uploads\/2018\/10\/26-recinto-HCD.jpg\" alt=\"\" class=\"wp-image-83088\" srcset=\"https:\/\/www.hoymercedes.com.ar\/principal\/wp-content\/uploads\/2018\/10\/26-recinto-HCD.jpg 750w, https:\/\/www.hoymercedes.com.ar\/principal\/wp-content\/uploads\/2018\/10\/26-recinto-HCD-150x100.jpg 150w, https:\/\/www.hoymercedes.com.ar\/principal\/wp-content\/uploads\/2018\/10\/26-recinto-HCD-630x420.jpg 630w\" sizes=\"auto, (max-width: 750px) 100vw, 750px\" \/><\/figure>\n\n\n\n<p>En la jornada de hoy se llevar\u00e1 a cabo una nueva sesi\u00f3n\nordinaria en el Concejo Deliberante de la ciudad.<\/p>\n\n\n\n<p>Ingresar\u00e1n contestaciones del Departamento Ejecutivo (sobre problem\u00e1tica\nexceso de velocidad y &nbsp;ampliaci\u00f3n video c\u00e1mara\nen zona de Gowland-Agote).<\/p>\n\n\n\n<p>Se prev\u00e9 la aprobaci\u00f3n por unanimidad de un&nbsp; pedido de informes del FMPVPJ sobre\ncondiciones edilicias establecimientos educativos y reajustes de tarifas taxis\ny remises.<\/p>\n\n\n\n<p>En tanto, los expedientes presentados para tratarse en el\nrecinto son 8:<\/p>\n\n\n\n<p>1-&nbsp;&nbsp;&nbsp; Proyecto de\nResoluci\u00f3n (FC): servicio de recolecci\u00f3n de residuos en contenedores<\/p>\n\n\n\n<p>dentro de las 4 Avenidas.<\/p>\n\n\n\n<p>2-&nbsp;&nbsp;&nbsp; Proyecto de\nResoluci\u00f3n (FC): trabajos varios en Plaza Belgrano.<\/p>\n\n\n\n<p>3-&nbsp;&nbsp;&nbsp; Proyecto de\nResoluci\u00f3n (FC): reparaci\u00f3n perdida de agua en calle 17 y 2; 15 y 106; 19 entre\n106 y 108, 19 entre 106 y 2.<\/p>\n\n\n\n<p>4-&nbsp;&nbsp;&nbsp; Proyecto de Comunicaci\u00f3n\n(FR): disminuir n\u00famero de autos propios para remises.<\/p>\n\n\n\n<p>5-&nbsp;&nbsp;&nbsp; Proyecto de Comunicaci\u00f3n\n(FR): colocaci\u00f3n de bicicleteros urbanos en las veredas.<\/p>\n\n\n\n<p>6-&nbsp;&nbsp;&nbsp; Proyecto de Comunicaci\u00f3n\n(FR): construcci\u00f3n de mesetas elevadas en sendas peatonales.<\/p>\n\n\n\n<p>7-&nbsp;&nbsp;&nbsp; Proyecto de Comunicaci\u00f3n\n(FR): limpieza de alcantarillas calle 119 y 18.<\/p>\n\n\n\n<p>8-&nbsp;&nbsp;&nbsp; Proyecto de Ordenanza\n(DE): foco en calle 11 a 500 metros de la Ruta Nacional 5.- <\/p>\n","protected":false},"excerpt":{"rendered":"<p>En la jornada de hoy se llevar\u00e1 a cabo una nueva sesi\u00f3n ordinaria en el Concejo Deliberante de la ciudad. &#8230; <a title=\"Tras las elecciones, el HCD tendr\u00e1 una nueva sesi\u00f3n\" class=\"read-more\" href=\"https:\/\/www.hoymercedes.com.ar\/principal\/2019\/10\/28\/tras-las-elecciones-el-hcd-tendra-una-nueva-sesion\/\" aria-label=\"Leer m\u00e1s sobre Tras las elecciones, el HCD tendr\u00e1 una nueva sesi\u00f3n\">Leer m\u00e1s<\/a><\/p>\n","protected":false},"author":1,"featured_media":83088,"comment_status":"closed","ping_status":"open","sticky":false,"template":"","format":"standard","meta":{"_monsterinsights_skip_tracking":false,"_monsterinsights_sitenote_active":false,"_monsterinsights_sitenote_note":"","_monsterinsights_sitenote_category":0,"jetpack_post_was_ever_published":false,"_jetpack_newsletter_access":"","_jetpack_dont_email_post_to_subs":false,"_jetpack_newsletter_tier_id":0,"_jetpack_memberships_contains_paywalled_content":false,"_jetpack_memberships_contains_paid_content":false,"footnotes":"","jetpack_publicize_message":"","jetpack_publicize_feature_enabled":true,"jetpack_social_post_already_shared":true,"jetpack_social_options":{"image_generator_settings":{"template":"highway","default_image_id":0,"font":"","enabled":false},"version":2},"_wpas_customize_per_network":false},"categories":[11],"tags":[],"class_list":["post-101829","post","type-post","status-publish","format-standard","has-post-thumbnail","hentry","category-ciudad","generate-columns","tablet-grid-50","mobile-grid-100","grid-parent","grid-50"],"jetpack_publicize_connections":[],"jetpack_featured_media_url":"https:\/\/www.hoymercedes.com.ar\/principal\/wp-content\/uploads\/2018\/10\/26-recinto-HCD.jpg","wps_subtitle":"","jetpack_sharing_enabled":true,"_links":{"self":[{"href":"https:\/\/www.hoymercedes.com.ar\/principal\/wp-json\/wp\/v2\/posts\/101829","targetHints":{"allow":["GET"]}}],"collection":[{"href":"https:\/\/www.hoymercedes.com.ar\/principal\/wp-json\/wp\/v2\/posts"}],"about":[{"href":"https:\/\/www.hoymercedes.com.ar\/principal\/wp-json\/wp\/v2\/types\/post"}],"author":[{"embeddable":true,"href":"https:\/\/www.hoymercedes.com.ar\/principal\/wp-json\/wp\/v2\/users\/1"}],"replies":[{"embeddable":true,"href":"https:\/\/www.hoymercedes.com.ar\/principal\/wp-json\/wp\/v2\/comments?post=101829"}],"version-history":[{"count":0,"href":"https:\/\/www.hoymercedes.com.ar\/principal\/wp-json\/wp\/v2\/posts\/101829\/revisions"}],"wp:featuredmedia":[{"embeddable":true,"href":"https:\/\/www.hoymercedes.com.ar\/principal\/wp-json\/wp\/v2\/media\/83088"}],"wp:attachment":[{"href":"https:\/\/www.hoymercedes.com.ar\/principal\/wp-json\/wp\/v2\/media?parent=101829"}],"wp:term":[{"taxonomy":"category","embeddable":true,"href":"https:\/\/www.hoymercedes.com.ar\/principal\/wp-json\/wp\/v2\/categories?post=101829"},{"taxonomy":"post_tag","embeddable":true,"href":"https:\/\/www.hoymercedes.com.ar\/principal\/wp-json\/wp\/v2\/tags?post=101829"}],"curies":[{"name":"wp","href":"https:\/\/api.w.org\/{rel}","templated":true}]}}