{"id":101848,"date":"2019-10-28T01:10:51","date_gmt":"2019-10-28T04:10:51","guid":{"rendered":"http:\/\/www.hoymercedes.com.ar\/principal\/?p=101848"},"modified":"2019-10-28T01:10:59","modified_gmt":"2019-10-28T04:10:59","slug":"ustarroz-logro-una-reeleccion-historica-con-mas-de-20-puntos-de-diferencia","status":"publish","type":"post","link":"https:\/\/www.hoymercedes.com.ar\/principal\/2019\/10\/28\/ustarroz-logro-una-reeleccion-historica-con-mas-de-20-puntos-de-diferencia\/","title":{"rendered":"Ustarroz logr\u00f3 una reelecci\u00f3n hist\u00f3rica con m\u00e1s de 20 puntos de diferencia"},"content":{"rendered":"\n<figure class=\"wp-block-image\"><img loading=\"lazy\" decoding=\"async\" width=\"1024\" height=\"680\" data-attachment-id=\"101849\" data-permalink=\"https:\/\/www.hoymercedes.com.ar\/principal\/2019\/10\/28\/ustarroz-logro-una-reeleccion-historica-con-mas-de-20-puntos-de-diferencia\/dsc_3911\/#main\" data-orig-file=\"https:\/\/www.hoymercedes.com.ar\/principal\/wp-content\/uploads\/2019\/10\/DSC_3911.jpg\" data-orig-size=\"1100,731\" data-comments-opened=\"0\" data-image-meta=\"{&quot;aperture&quot;:&quot;4.2&quot;,&quot;credit&quot;:&quot;Moreira Mario Hugo&quot;,&quot;camera&quot;:&quot;NIKON D300&quot;,&quot;caption&quot;:&quot;&quot;,&quot;created_timestamp&quot;:&quot;1572214766&quot;,&quot;copyright&quot;:&quot;Moreira Mario Hugo&quot;,&quot;focal_length&quot;:&quot;32&quot;,&quot;iso&quot;:&quot;2000&quot;,&quot;shutter_speed&quot;:&quot;0.01&quot;,&quot;title&quot;:&quot;&quot;,&quot;orientation&quot;:&quot;0&quot;}\" data-image-title=\"DSC_3911\" data-image-description=\"\" data-image-caption=\"\" data-large-file=\"https:\/\/www.hoymercedes.com.ar\/principal\/wp-content\/uploads\/2019\/10\/DSC_3911-1024x680.jpg\" src=\"https:\/\/www.hoymercedes.com.ar\/principal\/wp-content\/uploads\/2019\/10\/DSC_3911-1024x680.jpg\" alt=\"\" class=\"wp-image-101849\" srcset=\"https:\/\/www.hoymercedes.com.ar\/principal\/wp-content\/uploads\/2019\/10\/DSC_3911-1024x680.jpg 1024w, https:\/\/www.hoymercedes.com.ar\/principal\/wp-content\/uploads\/2019\/10\/DSC_3911-150x100.jpg 150w, https:\/\/www.hoymercedes.com.ar\/principal\/wp-content\/uploads\/2019\/10\/DSC_3911-630x419.jpg 630w, https:\/\/www.hoymercedes.com.ar\/principal\/wp-content\/uploads\/2019\/10\/DSC_3911-700x465.jpg 700w, https:\/\/www.hoymercedes.com.ar\/principal\/wp-content\/uploads\/2019\/10\/DSC_3911.jpg 1100w\" sizes=\"auto, (max-width: 1024px) 100vw, 1024px\" \/><figcaption>Ustarroz hablando el p\u00fablico presente<\/figcaption><\/figure>\n\n\n\n<p>Tras una nueva jornada democr\u00e1tica, el actual intendente\nUstarroz logr\u00f3 una victoria hist\u00f3rica obteniendo el 57.22% de los votos a\nfavor. De esta manera logra la reelecci\u00f3n con un resultado de gran distancia\ncontra su contrincante m\u00e1s cercano, De Paola, que consigui\u00f3 el 36.77% siendo\ntercero Cardozo con 4.24%&nbsp; y finalmente\nDemarco con el 1.75%.<\/p>\n\n\n\n<figure class=\"wp-block-image\"><img loading=\"lazy\" decoding=\"async\" width=\"1024\" height=\"680\" data-attachment-id=\"101850\" data-permalink=\"https:\/\/www.hoymercedes.com.ar\/principal\/2019\/10\/28\/ustarroz-logro-una-reeleccion-historica-con-mas-de-20-puntos-de-diferencia\/dsc_3609\/#main\" data-orig-file=\"https:\/\/www.hoymercedes.com.ar\/principal\/wp-content\/uploads\/2019\/10\/DSC_3609.jpg\" data-orig-size=\"1100,731\" data-comments-opened=\"0\" data-image-meta=\"{&quot;aperture&quot;:&quot;2.2&quot;,&quot;credit&quot;:&quot;Moreira Mario Hugo&quot;,&quot;camera&quot;:&quot;NIKON D300&quot;,&quot;caption&quot;:&quot;&quot;,&quot;created_timestamp&quot;:&quot;1572209249&quot;,&quot;copyright&quot;:&quot;Moreira Mario Hugo&quot;,&quot;focal_length&quot;:&quot;35&quot;,&quot;iso&quot;:&quot;2500&quot;,&quot;shutter_speed&quot;:&quot;0.0125&quot;,&quot;title&quot;:&quot;&quot;,&quot;orientation&quot;:&quot;0&quot;}\" data-image-title=\"DSC_3609\" data-image-description=\"\" data-image-caption=\"\" data-large-file=\"https:\/\/www.hoymercedes.com.ar\/principal\/wp-content\/uploads\/2019\/10\/DSC_3609-1024x680.jpg\" src=\"https:\/\/www.hoymercedes.com.ar\/principal\/wp-content\/uploads\/2019\/10\/DSC_3609-1024x680.jpg\" alt=\"\" class=\"wp-image-101850\" srcset=\"https:\/\/www.hoymercedes.com.ar\/principal\/wp-content\/uploads\/2019\/10\/DSC_3609-1024x680.jpg 1024w, https:\/\/www.hoymercedes.com.ar\/principal\/wp-content\/uploads\/2019\/10\/DSC_3609-150x100.jpg 150w, https:\/\/www.hoymercedes.com.ar\/principal\/wp-content\/uploads\/2019\/10\/DSC_3609-630x419.jpg 630w, https:\/\/www.hoymercedes.com.ar\/principal\/wp-content\/uploads\/2019\/10\/DSC_3609-700x465.jpg 700w, https:\/\/www.hoymercedes.com.ar\/principal\/wp-content\/uploads\/2019\/10\/DSC_3609.jpg 1100w\" sizes=\"auto, (max-width: 1024px) 100vw, 1024px\" \/><figcaption>Gran asistencia de vecinos al espacio de 29 e\/38 y 40<\/figcaption><\/figure>\n\n\n\n<p>El resultado muy favorable para la reelecci\u00f3n de Juan I.\nUstarroz del Frente de Todos gener\u00f3 24.724 votos lo que es el 57.22%, seguido\npor Julia De Paola de Juntos por el Cambio consigui\u00f3 15.888\nvotos siendo 36.77% mientras que Francisco \u201cPacha\u201d Cardozo de Consenso Federal arrib\u00f3\na 1.836 con 4.24% cerrando finalmente las candidaturas desde el\nFrente de Izquierda con 758 votos y el 1.75%.<\/p>\n\n\n\n<figure class=\"wp-block-image\"><img loading=\"lazy\" decoding=\"async\" width=\"1024\" height=\"680\" data-attachment-id=\"101851\" data-permalink=\"https:\/\/www.hoymercedes.com.ar\/principal\/2019\/10\/28\/ustarroz-logro-una-reeleccion-historica-con-mas-de-20-puntos-de-diferencia\/dsc_3802\/#main\" data-orig-file=\"https:\/\/www.hoymercedes.com.ar\/principal\/wp-content\/uploads\/2019\/10\/DSC_3802.jpg\" data-orig-size=\"1100,731\" data-comments-opened=\"0\" data-image-meta=\"{&quot;aperture&quot;:&quot;3.5&quot;,&quot;credit&quot;:&quot;Moreira Mario Hugo&quot;,&quot;camera&quot;:&quot;NIKON D300&quot;,&quot;caption&quot;:&quot;&quot;,&quot;created_timestamp&quot;:&quot;1572213464&quot;,&quot;copyright&quot;:&quot;Moreira Mario Hugo&quot;,&quot;focal_length&quot;:&quot;18&quot;,&quot;iso&quot;:&quot;1250&quot;,&quot;shutter_speed&quot;:&quot;0.0125&quot;,&quot;title&quot;:&quot;&quot;,&quot;orientation&quot;:&quot;0&quot;}\" data-image-title=\"DSC_3802\" data-image-description=\"\" data-image-caption=\"\" data-large-file=\"https:\/\/www.hoymercedes.com.ar\/principal\/wp-content\/uploads\/2019\/10\/DSC_3802-1024x680.jpg\" src=\"https:\/\/www.hoymercedes.com.ar\/principal\/wp-content\/uploads\/2019\/10\/DSC_3802-1024x680.jpg\" alt=\"\" class=\"wp-image-101851\" srcset=\"https:\/\/www.hoymercedes.com.ar\/principal\/wp-content\/uploads\/2019\/10\/DSC_3802-1024x680.jpg 1024w, https:\/\/www.hoymercedes.com.ar\/principal\/wp-content\/uploads\/2019\/10\/DSC_3802-150x100.jpg 150w, https:\/\/www.hoymercedes.com.ar\/principal\/wp-content\/uploads\/2019\/10\/DSC_3802-630x419.jpg 630w, https:\/\/www.hoymercedes.com.ar\/principal\/wp-content\/uploads\/2019\/10\/DSC_3802-700x465.jpg 700w, https:\/\/www.hoymercedes.com.ar\/principal\/wp-content\/uploads\/2019\/10\/DSC_3802.jpg 1100w\" sizes=\"auto, (max-width: 1024px) 100vw, 1024px\" \/><\/figure>\n\n\n\n<p>De este manera el Concejo\nDeliberante dar\u00e1 5 bancas para el Frente de Todos siendo Dematei, Kelly, Garro,\nBozzini e Insaurgarat, siendo para Juntos por el Cambio 4 con Comesa\u00f1a, Fraile,\nKillmeate y Ortubia. Por su parte, en el Consejo Escolar por el Frente de Todos\nasumir\u00e1n Jos\u00e9 Lu\u00eds Pisano y Florencia Comialini siendo por Juntos por el Cambio\nDamiel Ivaldis.<\/p>\n\n\n\n<p>Ni Consenso Federal ni el Frente de Izquierda obtuvieron bancas. <\/p>\n\n\n\n<figure class=\"wp-block-image\"><img loading=\"lazy\" decoding=\"async\" width=\"1024\" height=\"680\" data-attachment-id=\"101852\" data-permalink=\"https:\/\/www.hoymercedes.com.ar\/principal\/2019\/10\/28\/ustarroz-logro-una-reeleccion-historica-con-mas-de-20-puntos-de-diferencia\/dsc_3635\/#main\" data-orig-file=\"https:\/\/www.hoymercedes.com.ar\/principal\/wp-content\/uploads\/2019\/10\/DSC_3635.jpg\" data-orig-size=\"1100,731\" data-comments-opened=\"0\" data-image-meta=\"{&quot;aperture&quot;:&quot;3.5&quot;,&quot;credit&quot;:&quot;Moreira Mario Hugo&quot;,&quot;camera&quot;:&quot;NIKON D300&quot;,&quot;caption&quot;:&quot;&quot;,&quot;created_timestamp&quot;:&quot;1572210082&quot;,&quot;copyright&quot;:&quot;Moreira Mario Hugo&quot;,&quot;focal_length&quot;:&quot;18&quot;,&quot;iso&quot;:&quot;1600&quot;,&quot;shutter_speed&quot;:&quot;0.01&quot;,&quot;title&quot;:&quot;&quot;,&quot;orientation&quot;:&quot;0&quot;}\" data-image-title=\"DSC_3635\" data-image-description=\"\" data-image-caption=\"\" data-large-file=\"https:\/\/www.hoymercedes.com.ar\/principal\/wp-content\/uploads\/2019\/10\/DSC_3635-1024x680.jpg\" src=\"https:\/\/www.hoymercedes.com.ar\/principal\/wp-content\/uploads\/2019\/10\/DSC_3635-1024x680.jpg\" alt=\"\" class=\"wp-image-101852\" srcset=\"https:\/\/www.hoymercedes.com.ar\/principal\/wp-content\/uploads\/2019\/10\/DSC_3635-1024x680.jpg 1024w, https:\/\/www.hoymercedes.com.ar\/principal\/wp-content\/uploads\/2019\/10\/DSC_3635-150x100.jpg 150w, https:\/\/www.hoymercedes.com.ar\/principal\/wp-content\/uploads\/2019\/10\/DSC_3635-630x419.jpg 630w, https:\/\/www.hoymercedes.com.ar\/principal\/wp-content\/uploads\/2019\/10\/DSC_3635-700x465.jpg 700w, https:\/\/www.hoymercedes.com.ar\/principal\/wp-content\/uploads\/2019\/10\/DSC_3635.jpg 1100w\" sizes=\"auto, (max-width: 1024px) 100vw, 1024px\" \/><figcaption>Festejo en la UB de Frente de Cambiemos <\/figcaption><\/figure>\n","protected":false},"excerpt":{"rendered":"<p>Tras una nueva jornada democr\u00e1tica, el actual intendente Ustarroz logr\u00f3 una victoria hist\u00f3rica obteniendo el 57.22% de los votos a &#8230; <a title=\"Ustarroz logr\u00f3 una reelecci\u00f3n hist\u00f3rica con m\u00e1s de 20 puntos de diferencia\" class=\"read-more\" href=\"https:\/\/www.hoymercedes.com.ar\/principal\/2019\/10\/28\/ustarroz-logro-una-reeleccion-historica-con-mas-de-20-puntos-de-diferencia\/\" aria-label=\"Leer m\u00e1s sobre Ustarroz logr\u00f3 una reelecci\u00f3n hist\u00f3rica con m\u00e1s de 20 puntos de diferencia\">Leer m\u00e1s<\/a><\/p>\n","protected":false},"author":1,"featured_media":101851,"comment_status":"closed","ping_status":"open","sticky":false,"template":"","format":"standard","meta":{"_monsterinsights_skip_tracking":false,"_monsterinsights_sitenote_active":false,"_monsterinsights_sitenote_note":"","_monsterinsights_sitenote_category":0,"jetpack_post_was_ever_published":false,"_jetpack_newsletter_access":"","_jetpack_dont_email_post_to_subs":false,"_jetpack_newsletter_tier_id":0,"_jetpack_memberships_contains_paywalled_content":false,"_jetpack_memberships_contains_paid_content":false,"footnotes":"","jetpack_publicize_message":"","jetpack_publicize_feature_enabled":true,"jetpack_social_post_already_shared":true,"jetpack_social_options":{"image_generator_settings":{"template":"highway","default_image_id":0,"font":"","enabled":false},"version":2},"_wpas_customize_per_network":false},"categories":[5],"tags":[15857,8118],"class_list":["post-101848","post","type-post","status-publish","format-standard","has-post-thumbnail","hentry","category-politica","tag-gano-ustarroz","tag-ustarroz-intendente","generate-columns","tablet-grid-50","mobile-grid-100","grid-parent","grid-50"],"jetpack_publicize_connections":[],"jetpack_featured_media_url":"https:\/\/www.hoymercedes.com.ar\/principal\/wp-content\/uploads\/2019\/10\/DSC_3802.jpg","wps_subtitle":"Elecciones 2019","jetpack_sharing_enabled":true,"_links":{"self":[{"href":"https:\/\/www.hoymercedes.com.ar\/principal\/wp-json\/wp\/v2\/posts\/101848","targetHints":{"allow":["GET"]}}],"collection":[{"href":"https:\/\/www.hoymercedes.com.ar\/principal\/wp-json\/wp\/v2\/posts"}],"about":[{"href":"https:\/\/www.hoymercedes.com.ar\/principal\/wp-json\/wp\/v2\/types\/post"}],"author":[{"embeddable":true,"href":"https:\/\/www.hoymercedes.com.ar\/principal\/wp-json\/wp\/v2\/users\/1"}],"replies":[{"embeddable":true,"href":"https:\/\/www.hoymercedes.com.ar\/principal\/wp-json\/wp\/v2\/comments?post=101848"}],"version-history":[{"count":0,"href":"https:\/\/www.hoymercedes.com.ar\/principal\/wp-json\/wp\/v2\/posts\/101848\/revisions"}],"wp:featuredmedia":[{"embeddable":true,"href":"https:\/\/www.hoymercedes.com.ar\/principal\/wp-json\/wp\/v2\/media\/101851"}],"wp:attachment":[{"href":"https:\/\/www.hoymercedes.com.ar\/principal\/wp-json\/wp\/v2\/media?parent=101848"}],"wp:term":[{"taxonomy":"category","embeddable":true,"href":"https:\/\/www.hoymercedes.com.ar\/principal\/wp-json\/wp\/v2\/categories?post=101848"},{"taxonomy":"post_tag","embeddable":true,"href":"https:\/\/www.hoymercedes.com.ar\/principal\/wp-json\/wp\/v2\/tags?post=101848"}],"curies":[{"name":"wp","href":"https:\/\/api.w.org\/{rel}","templated":true}]}}