{"id":10186,"date":"2012-01-04T13:43:45","date_gmt":"2012-01-04T13:43:45","guid":{"rendered":"http:\/\/www.hoymercedes.com.ar\/principal\/?p=10186"},"modified":"2012-01-04T13:43:45","modified_gmt":"2012-01-04T13:43:45","slug":"nuevos-caminos-internos-y-mas-plantas-en-el-parque-municipal-independencia","status":"publish","type":"post","link":"https:\/\/www.hoymercedes.com.ar\/principal\/2012\/01\/04\/nuevos-caminos-internos-y-mas-plantas-en-el-parque-municipal-independencia\/","title":{"rendered":"Nuevos caminos internos y m\u00e1s plantas en el Parque Municipal Independencia"},"content":{"rendered":"<p>El director de Turismo, Marcelo Melo, se refiri\u00f3 en declaraciones period\u00edsticas a posibles tareas que se concretar\u00e1n en el \u00e1rea del Parque Municipal Independencia como as\u00ed tambi\u00e9n a una tarea de colocaci\u00f3n de nuevas plantas especialmente en el sector de atr\u00e1s del sector nuevo<\/p>\n<p>Melo sostuvo \u201cestamos comenzando con algunos trabajos programados y al mismo tiempo evaluando nuevas alternativas que incluso hemos conversado en m\u00e1s de una oportunidad con los diferentes medios.<\/p>\n<p>Hoy estamos pensando en el puente que va a unir los dos sectores permitiendo el cruce del R\u00edo de manera peatonal y vehicular en doble mano, tarea que dio comienzo con algunos movimientos de tierra pero que ahora ha quedado un tanto detenida<\/p>\n<p>Por otra parte vamos a encarar ciertos trabajos de mejoras a lo largo de todo el trayecto del r\u00edo que pasa por el interior de parque sobre los costados del mismo, tambi\u00e9n esta previsto la realizaci\u00f3n de trabajo de mejoras en los caminos ya existentes especialmente en el sector nuevo del parque y al mismo tiempo proceder de acuerdo a diferentes estudios realizados ver la posibilidad de abrir nuevas v\u00edas de comunicaciones como lo manifest\u00e9 en la parte de atr\u00e1s del sector nuevo\u201d<\/p>\n<p>Posteriormente el funcionario manifest\u00f3 que se hab\u00eda plantado una significativa cantidad de arboles dentro del sector nuevo \u201cya afortunadamente la gran mayor\u00eda de esas plantas como se suele decir prendieron as\u00ed que ahora debemos comenzar a cuidarlas para que comiencen a desarrollarse como corresponde\u201d.<\/p>\n","protected":false},"excerpt":{"rendered":"<p>El director de Turismo, Marcelo Melo, se refiri\u00f3 en declaraciones period\u00edsticas a posibles tareas que se concretar\u00e1n en el \u00e1rea &#8230; <a title=\"Nuevos caminos internos y m\u00e1s plantas en el Parque Municipal Independencia\" class=\"read-more\" href=\"https:\/\/www.hoymercedes.com.ar\/principal\/2012\/01\/04\/nuevos-caminos-internos-y-mas-plantas-en-el-parque-municipal-independencia\/\" aria-label=\"Leer m\u00e1s sobre Nuevos caminos internos y m\u00e1s plantas en el Parque Municipal Independencia\">Leer m\u00e1s<\/a><\/p>\n","protected":false},"author":1,"featured_media":0,"comment_status":"open","ping_status":"open","sticky":false,"template":"","format":"standard","meta":{"_monsterinsights_skip_tracking":false,"_monsterinsights_sitenote_active":false,"_monsterinsights_sitenote_note":"","_monsterinsights_sitenote_category":0,"jetpack_post_was_ever_published":false,"_jetpack_newsletter_access":"","_jetpack_dont_email_post_to_subs":false,"_jetpack_newsletter_tier_id":0,"_jetpack_memberships_contains_paywalled_content":false,"_jetpack_memberships_contains_paid_content":false,"footnotes":"","jetpack_publicize_message":"","jetpack_publicize_feature_enabled":true,"jetpack_social_post_already_shared":false,"jetpack_social_options":{"image_generator_settings":{"template":"highway","default_image_id":0,"font":"","enabled":false},"version":2},"_wpas_customize_per_network":false},"categories":[30],"tags":[1256],"class_list":["post-10186","post","type-post","status-publish","format-standard","hentry","category-municipio","tag-parque-municipal-independencia","generate-columns","tablet-grid-50","mobile-grid-100","grid-parent","grid-50"],"jetpack_publicize_connections":[],"jetpack_featured_media_url":"","wps_subtitle":"","jetpack_sharing_enabled":true,"_links":{"self":[{"href":"https:\/\/www.hoymercedes.com.ar\/principal\/wp-json\/wp\/v2\/posts\/10186","targetHints":{"allow":["GET"]}}],"collection":[{"href":"https:\/\/www.hoymercedes.com.ar\/principal\/wp-json\/wp\/v2\/posts"}],"about":[{"href":"https:\/\/www.hoymercedes.com.ar\/principal\/wp-json\/wp\/v2\/types\/post"}],"author":[{"embeddable":true,"href":"https:\/\/www.hoymercedes.com.ar\/principal\/wp-json\/wp\/v2\/users\/1"}],"replies":[{"embeddable":true,"href":"https:\/\/www.hoymercedes.com.ar\/principal\/wp-json\/wp\/v2\/comments?post=10186"}],"version-history":[{"count":0,"href":"https:\/\/www.hoymercedes.com.ar\/principal\/wp-json\/wp\/v2\/posts\/10186\/revisions"}],"wp:attachment":[{"href":"https:\/\/www.hoymercedes.com.ar\/principal\/wp-json\/wp\/v2\/media?parent=10186"}],"wp:term":[{"taxonomy":"category","embeddable":true,"href":"https:\/\/www.hoymercedes.com.ar\/principal\/wp-json\/wp\/v2\/categories?post=10186"},{"taxonomy":"post_tag","embeddable":true,"href":"https:\/\/www.hoymercedes.com.ar\/principal\/wp-json\/wp\/v2\/tags?post=10186"}],"curies":[{"name":"wp","href":"https:\/\/api.w.org\/{rel}","templated":true}]}}