{"id":101866,"date":"2019-10-28T17:50:05","date_gmt":"2019-10-28T20:50:05","guid":{"rendered":"http:\/\/www.hoymercedes.com.ar\/principal\/?p=101866"},"modified":"2019-10-28T17:51:36","modified_gmt":"2019-10-28T20:51:36","slug":"municipio-suma-equipamiento-para-agentes-de-transito-sumar-control-y-seguridad-vial","status":"publish","type":"post","link":"https:\/\/www.hoymercedes.com.ar\/principal\/2019\/10\/28\/municipio-suma-equipamiento-para-agentes-de-transito-sumar-control-y-seguridad-vial\/","title":{"rendered":"Municipio suma equipamiento para agentes de tr\u00e1nsito, sumar control y seguridad vial"},"content":{"rendered":"\n<figure class=\"wp-block-image\"><img loading=\"lazy\" decoding=\"async\" width=\"1024\" height=\"493\" data-attachment-id=\"101867\" data-permalink=\"https:\/\/www.hoymercedes.com.ar\/principal\/2019\/10\/28\/municipio-suma-equipamiento-para-agentes-de-transito-sumar-control-y-seguridad-vial\/bicis-agentesdetransito\/#main\" data-orig-file=\"https:\/\/www.hoymercedes.com.ar\/principal\/wp-content\/uploads\/2019\/10\/Bicis-AgentesdeTr\u00e1nsito.jpg\" data-orig-size=\"1311,631\" data-comments-opened=\"0\" data-image-meta=\"{&quot;aperture&quot;:&quot;0&quot;,&quot;credit&quot;:&quot;&quot;,&quot;camera&quot;:&quot;&quot;,&quot;caption&quot;:&quot;&quot;,&quot;created_timestamp&quot;:&quot;0&quot;,&quot;copyright&quot;:&quot;&quot;,&quot;focal_length&quot;:&quot;0&quot;,&quot;iso&quot;:&quot;0&quot;,&quot;shutter_speed&quot;:&quot;0&quot;,&quot;title&quot;:&quot;&quot;,&quot;orientation&quot;:&quot;0&quot;}\" data-image-title=\"Bicis-AgentesdeTr\u00e1nsito\" data-image-description=\"\" data-image-caption=\"\" data-large-file=\"https:\/\/www.hoymercedes.com.ar\/principal\/wp-content\/uploads\/2019\/10\/Bicis-AgentesdeTr\u00e1nsito-1024x493.jpg\" src=\"https:\/\/www.hoymercedes.com.ar\/principal\/wp-content\/uploads\/2019\/10\/Bicis-AgentesdeTr\u00e1nsito-1024x493.jpg\" alt=\"\" class=\"wp-image-101867\" srcset=\"https:\/\/www.hoymercedes.com.ar\/principal\/wp-content\/uploads\/2019\/10\/Bicis-AgentesdeTr\u00e1nsito-1024x493.jpg 1024w, https:\/\/www.hoymercedes.com.ar\/principal\/wp-content\/uploads\/2019\/10\/Bicis-AgentesdeTr\u00e1nsito-150x72.jpg 150w, https:\/\/www.hoymercedes.com.ar\/principal\/wp-content\/uploads\/2019\/10\/Bicis-AgentesdeTr\u00e1nsito-630x303.jpg 630w, https:\/\/www.hoymercedes.com.ar\/principal\/wp-content\/uploads\/2019\/10\/Bicis-AgentesdeTr\u00e1nsito.jpg 1311w\" sizes=\"auto, (max-width: 1024px) 100vw, 1024px\" \/><\/figure>\n\n\n\n<p>La Municipalidad de Mercedes\ncontin\u00faa con la inversi\u00f3n y el crecimiento de las diferentes \u00e1reas de la\nciudad. De esta manera, frente al Palacio Municipal el intendente Juan Ignacio Ustarroz\njunto a la Secretaria de Seguridad Municipal, la Dra. Josefina Kelly\npresentaron nuevo equipamiento y herramientas para el \u00e1rea de tr\u00e1nsito. <\/p>\n\n\n\n<p>\u201cNos faltaban agentes de tr\u00e1nsito\n\u2013no se pueden hacer cumplir las normas si no hay recursos humanos- por eso\nincorporamos 8 nuevos agentes a los cuales dotamos de bicicletas para que\ntengan una mayor cobertura en los diferentes puntos de la ciudad\u201d destac\u00f3 el\nintendente Juan Ignacio Ustarroz. <\/p>\n\n\n\n<p>Por otro lado, el Dr. Ustarroz\nmanifest\u00f3 que se inicia a implementar un nuevo \u201cmaster plan\u201d porque \u201csi bien se\nha hecho mucho, a\u00fan falta profundizar en ese tema\u201d y a\u00f1adi\u00f3 \u201cvamos a generar\nuna escuela de manejo, fundamentalmente en todo lo que refiere a los controles\ny mejora para la obtenci\u00f3n del registro\u201d.&nbsp;\n<\/p>\n\n\n\n<p>En ese sentido, el intendente\nUstarroz indic\u00f3 \u201cson una bater\u00eda de acciones que vamos a implementar, sobre uno\nde los puntos m\u00e1s \u00e1lgidos y dif\u00edciles que nos toca enfrentar\u201d. A su vez,\nsubray\u00f3 \u201ctambi\u00e9n debemos reconocer que en el medio hubo dificultades que no nos\npermiti\u00f3 profundizar en esta problem\u00e1tica, como fue la municipalizaci\u00f3n del\ntransporte p\u00fablico en Mercedes, esto ante la quita del subsidio por parte del\nEstado Nacional\u201d.<\/p>\n\n\n\n<p>\u201cCreemos que desde el\nObservatorio de Seguridad Vial vamos a lograr de cara al futuro mejorar y dar\nun salto de calidad para lo cual requerimos, adem\u00e1s de la acci\u00f3n y la voluntad\ndel municipio, del compromiso de todos los ciudadanos y todas las\ninstituciones\u201d se\u00f1al\u00f3 el Dr. Ustarroz.&nbsp;&nbsp;&nbsp;&nbsp;\n<\/p>\n\n\n\n<p>Es importante recordar que hace\ns\u00f3lo algunas semanas se incorporaron 8 nuevos agentes de tr\u00e1nsito, los cuales\nvienen a sumarse a la bater\u00eda de medidas lanzadas por la comuna para la\nsoluci\u00f3n de este problema.&nbsp;&nbsp; <\/p>\n\n\n\n<p>Por su parte, la Dra. Josefina\nKelly se\u00f1al\u00f3: \u201cEstamos brindando herramientas para la soluci\u00f3n de una\nproblem\u00e1tica compleja\u201d y agreg\u00f3 \u201cpor ese motivo hay que pensar nuevos\nprocedimientos y tener en cuenta lo que surge del observatorio de seguridad\nvial para pensar puntos estrat\u00e9gicos e implementar herramientas como lo son\nestas bicicletas\u201d. <\/p>\n\n\n\n<p>\u201cEl objetivo es que tengan puntos\ndin\u00e1micos para que puedan ir recorriendo la ciudad\u201d afirm\u00f3 Kelly. <\/p>\n","protected":false},"excerpt":{"rendered":"<p>La Municipalidad de Mercedes contin\u00faa con la inversi\u00f3n y el crecimiento de las diferentes \u00e1reas de la ciudad. De esta &#8230; <a title=\"Municipio suma equipamiento para agentes de tr\u00e1nsito, sumar control y seguridad vial\" class=\"read-more\" href=\"https:\/\/www.hoymercedes.com.ar\/principal\/2019\/10\/28\/municipio-suma-equipamiento-para-agentes-de-transito-sumar-control-y-seguridad-vial\/\" aria-label=\"Leer m\u00e1s sobre Municipio suma equipamiento para agentes de tr\u00e1nsito, sumar control y seguridad vial\">Leer m\u00e1s<\/a><\/p>\n","protected":false},"author":1,"featured_media":101867,"comment_status":"closed","ping_status":"open","sticky":false,"template":"","format":"standard","meta":{"_monsterinsights_skip_tracking":false,"_monsterinsights_sitenote_active":false,"_monsterinsights_sitenote_note":"","_monsterinsights_sitenote_category":0,"jetpack_post_was_ever_published":false,"_jetpack_newsletter_access":"","_jetpack_dont_email_post_to_subs":false,"_jetpack_newsletter_tier_id":0,"_jetpack_memberships_contains_paywalled_content":false,"_jetpack_memberships_contains_paid_content":false,"footnotes":"","jetpack_publicize_message":"","jetpack_publicize_feature_enabled":true,"jetpack_social_post_already_shared":true,"jetpack_social_options":{"image_generator_settings":{"template":"highway","default_image_id":0,"font":"","enabled":false},"version":2},"_wpas_customize_per_network":false},"categories":[30],"tags":[626,424],"class_list":["post-101866","post","type-post","status-publish","format-standard","has-post-thumbnail","hentry","category-municipio","tag-seguridad-vial","tag-ustarroz","generate-columns","tablet-grid-50","mobile-grid-100","grid-parent","grid-50"],"jetpack_publicize_connections":[],"jetpack_featured_media_url":"https:\/\/www.hoymercedes.com.ar\/principal\/wp-content\/uploads\/2019\/10\/Bicis-AgentesdeTr\u00e1nsito.jpg","wps_subtitle":"Insfraestructura de gesti\u00f3n ","jetpack_sharing_enabled":true,"_links":{"self":[{"href":"https:\/\/www.hoymercedes.com.ar\/principal\/wp-json\/wp\/v2\/posts\/101866","targetHints":{"allow":["GET"]}}],"collection":[{"href":"https:\/\/www.hoymercedes.com.ar\/principal\/wp-json\/wp\/v2\/posts"}],"about":[{"href":"https:\/\/www.hoymercedes.com.ar\/principal\/wp-json\/wp\/v2\/types\/post"}],"author":[{"embeddable":true,"href":"https:\/\/www.hoymercedes.com.ar\/principal\/wp-json\/wp\/v2\/users\/1"}],"replies":[{"embeddable":true,"href":"https:\/\/www.hoymercedes.com.ar\/principal\/wp-json\/wp\/v2\/comments?post=101866"}],"version-history":[{"count":0,"href":"https:\/\/www.hoymercedes.com.ar\/principal\/wp-json\/wp\/v2\/posts\/101866\/revisions"}],"wp:featuredmedia":[{"embeddable":true,"href":"https:\/\/www.hoymercedes.com.ar\/principal\/wp-json\/wp\/v2\/media\/101867"}],"wp:attachment":[{"href":"https:\/\/www.hoymercedes.com.ar\/principal\/wp-json\/wp\/v2\/media?parent=101866"}],"wp:term":[{"taxonomy":"category","embeddable":true,"href":"https:\/\/www.hoymercedes.com.ar\/principal\/wp-json\/wp\/v2\/categories?post=101866"},{"taxonomy":"post_tag","embeddable":true,"href":"https:\/\/www.hoymercedes.com.ar\/principal\/wp-json\/wp\/v2\/tags?post=101866"}],"curies":[{"name":"wp","href":"https:\/\/api.w.org\/{rel}","templated":true}]}}