{"id":101888,"date":"2019-10-29T13:15:55","date_gmt":"2019-10-29T16:15:55","guid":{"rendered":"http:\/\/www.hoymercedes.com.ar\/principal\/?p=101888"},"modified":"2019-10-29T00:17:54","modified_gmt":"2019-10-29T03:17:54","slug":"este-finde-se-realizara-el-2-festival-de-cerveceros-mercedinos","status":"publish","type":"post","link":"https:\/\/www.hoymercedes.com.ar\/principal\/2019\/10\/29\/este-finde-se-realizara-el-2-festival-de-cerveceros-mercedinos\/","title":{"rendered":"Este finde se realizar\u00e1 el 2\u00b0 Festival de Cerveceros Mercedinos"},"content":{"rendered":"\n<p><\/p>\n\n\n\n<figure class=\"wp-block-embed-youtube wp-block-embed is-type-video is-provider-youtube wp-embed-aspect-16-9 wp-has-aspect-ratio\"><div class=\"wp-block-embed__wrapper\">\n<span class=\"embed-youtube\" style=\"text-align:center; display: block;\"><iframe loading=\"lazy\" class=\"youtube-player\" width=\"1200\" height=\"675\" src=\"https:\/\/www.youtube.com\/embed\/y8rBC6GCUjg?version=3&#038;rel=1&#038;showsearch=0&#038;showinfo=1&#038;iv_load_policy=1&#038;fs=1&#038;hl=es-ES&#038;autohide=2&#038;wmode=transparent\" allowfullscreen=\"true\" style=\"border:0;\" sandbox=\"allow-scripts allow-same-origin allow-popups allow-presentation allow-popups-to-escape-sandbox\"><\/iframe><\/span>\n<\/div><\/figure>\n\n\n\n<p>El pr\u00f3ximo fin de semana se viene\nuna nueva gran fiesta mercedina. El 2\u00b0 Festival de Cerveceros Mercedinos se\nllevar\u00e1 a cabo en el parque municipal con una puesta en escena renovada y\ngrandes artistas contando con la presencia de la internacional Julieta Venegas.\n<\/p>\n\n\n\n<p>El festival prev\u00e9 dos jornadas a\npleno en un predio tradicional y puesto en valor de nuestra ciudad, el parque\nmunicipal. Al aire libre se podr\u00e1n disfrutar de muchos atractivos,\nprincipalmente la cerveza tradicional y artesanal elaborada por productores y\nmicro productores locales.<\/p>\n\n\n\n<p>Adem\u00e1s habr\u00e1 food trucks, patio\nde restaurantes, artesanos, comida gourmet, salame y por supuesto la mejor\nm\u00fasica en un predio que tendr\u00e1 toda la infraestructura para que sea\ninolvidable, destacan desde la organizaci\u00f3n. <\/p>\n\n\n\n<p>El s\u00e1bado se contar\u00e1 con las\npresentaciones Sul Tasto y Gaiteros Escoceses mientras que el domingo tendremos\nla presencia de la mexicana Julieta Venegas.<\/p>\n\n\n\n<p>Habr\u00e1, tambi\u00e9n, sorpresas para\nlos conductores asignados y 100 canillas de expendio de bebidas. La entrada\ntiene un valor de $100, $50 para jubilados y menores de 12 a\u00f1os gratis.<\/p>\n\n\n\n<p>El s\u00e1bado contaremos con: <\/p>\n\n\n\n<p>Doble Carolina, M\u00fasica y Dj en\nvivo, Pura Tierra, Nueve Tr\u00edo, Interk\u00f3smicos, B\u00e1jame un tono, Sul tasto,\nGaiteros escoceses, Salamines y cierre con dj en vivo.<\/p>\n\n\n\n<p>El domingo ser\u00e1 el turno de:<\/p>\n\n\n\n<p>Botija Mujica, Santa Milonguita,\nDrumritmia, Orquesta Org\u00e1nica, Mamabora y el cierre de Julieta Venegas. <\/p>\n\n\n\n<p>Tambi\u00e9n habr\u00e1 durante ambas\njornadas malabaristas, pintura en vivo y sorteos para el p\u00fablico presente. <\/p>\n","protected":false},"excerpt":{"rendered":"<p>El pr\u00f3ximo fin de semana se viene una nueva gran fiesta mercedina. El 2\u00b0 Festival de Cerveceros Mercedinos se llevar\u00e1 &#8230; <a title=\"Este finde se realizar\u00e1 el 2\u00b0 Festival de Cerveceros Mercedinos\" class=\"read-more\" href=\"https:\/\/www.hoymercedes.com.ar\/principal\/2019\/10\/29\/este-finde-se-realizara-el-2-festival-de-cerveceros-mercedinos\/\" aria-label=\"Leer m\u00e1s sobre Este finde se realizar\u00e1 el 2\u00b0 Festival de Cerveceros Mercedinos\">Leer m\u00e1s<\/a><\/p>\n","protected":false},"author":1,"featured_media":101889,"comment_status":"closed","ping_status":"open","sticky":false,"template":"","format":"standard","meta":{"_monsterinsights_skip_tracking":false,"_monsterinsights_sitenote_active":false,"_monsterinsights_sitenote_note":"","_monsterinsights_sitenote_category":0,"jetpack_post_was_ever_published":false,"_jetpack_newsletter_access":"","_jetpack_dont_email_post_to_subs":false,"_jetpack_newsletter_tier_id":0,"_jetpack_memberships_contains_paywalled_content":false,"_jetpack_memberships_contains_paid_content":false,"footnotes":"","jetpack_publicize_message":"","jetpack_publicize_feature_enabled":true,"jetpack_social_post_already_shared":true,"jetpack_social_options":{"image_generator_settings":{"template":"highway","default_image_id":0,"font":"","enabled":false},"version":2},"_wpas_customize_per_network":false},"categories":[104],"tags":[13881,15865],"class_list":["post-101888","post","type-post","status-publish","format-standard","has-post-thumbnail","hentry","category-cultura","tag-festival-cerveceros-mercedinos","tag-sul-tasto","generate-columns","tablet-grid-50","mobile-grid-100","grid-parent","grid-50"],"jetpack_publicize_connections":[],"jetpack_featured_media_url":"https:\/\/www.hoymercedes.com.ar\/principal\/wp-content\/uploads\/2019\/10\/julietavenegas.jpg","wps_subtitle":"Fiestas Populares","jetpack_sharing_enabled":true,"_links":{"self":[{"href":"https:\/\/www.hoymercedes.com.ar\/principal\/wp-json\/wp\/v2\/posts\/101888","targetHints":{"allow":["GET"]}}],"collection":[{"href":"https:\/\/www.hoymercedes.com.ar\/principal\/wp-json\/wp\/v2\/posts"}],"about":[{"href":"https:\/\/www.hoymercedes.com.ar\/principal\/wp-json\/wp\/v2\/types\/post"}],"author":[{"embeddable":true,"href":"https:\/\/www.hoymercedes.com.ar\/principal\/wp-json\/wp\/v2\/users\/1"}],"replies":[{"embeddable":true,"href":"https:\/\/www.hoymercedes.com.ar\/principal\/wp-json\/wp\/v2\/comments?post=101888"}],"version-history":[{"count":0,"href":"https:\/\/www.hoymercedes.com.ar\/principal\/wp-json\/wp\/v2\/posts\/101888\/revisions"}],"wp:featuredmedia":[{"embeddable":true,"href":"https:\/\/www.hoymercedes.com.ar\/principal\/wp-json\/wp\/v2\/media\/101889"}],"wp:attachment":[{"href":"https:\/\/www.hoymercedes.com.ar\/principal\/wp-json\/wp\/v2\/media?parent=101888"}],"wp:term":[{"taxonomy":"category","embeddable":true,"href":"https:\/\/www.hoymercedes.com.ar\/principal\/wp-json\/wp\/v2\/categories?post=101888"},{"taxonomy":"post_tag","embeddable":true,"href":"https:\/\/www.hoymercedes.com.ar\/principal\/wp-json\/wp\/v2\/tags?post=101888"}],"curies":[{"name":"wp","href":"https:\/\/api.w.org\/{rel}","templated":true}]}}