{"id":101943,"date":"2019-11-01T15:41:40","date_gmt":"2019-11-01T18:41:40","guid":{"rendered":"http:\/\/www.hoymercedes.com.ar\/principal\/?p=101943"},"modified":"2019-11-01T21:55:29","modified_gmt":"2019-11-02T00:55:29","slug":"cine-mercedes-el-destino-oculto-de-terminator-se-une-a-malefica","status":"publish","type":"post","link":"https:\/\/www.hoymercedes.com.ar\/principal\/2019\/11\/01\/cine-mercedes-el-destino-oculto-de-terminator-se-une-a-malefica\/","title":{"rendered":"Cine Mercedes: El destino oculto de Terminator se une a Mal\u00e9fica"},"content":{"rendered":"\n<p>Del viernes 01\/11 al domingo 03\/11 se podr\u00e1 ver en la\nfunci\u00f3n de las 17 horas: \u201cMal\u00e9fica: Due\u00f1a del mal\u201d y del viernes 01\/11 al\nmartes 5\/11 en las funciones de las 19:30 horas y las 22:15 horas: \u201cTerminator:\ndestino oculto\u201d.<\/p>\n\n\n\n<p>\u2022 Del viernes 01\/11 al domingo 03\/11<\/p>\n\n\n\n<p>MAL\u00c9FICA: Due\u00f1a del mal (+13)<\/p>\n\n\n\n<p>17:00 hs. (2D) &#8211; CAST<\/p>\n\n\n\n<p>Sinopsis: Una nueva aventura de fantas\u00eda. Varios a\u00f1os\ndespu\u00e9s, contin\u00faa la relaci\u00f3n entre la villana Mal\u00e9fica y la princesa Aurora.\nEl complejo v\u00ednculo entre la malvada hada de grandes cuernos y la joven que\nser\u00e1 la futura reina evoluciona, mientras ambas hacen nuevas alianzas y se\nenfrentan a diferentes adversarios, sin olvidarse de proteger a las criaturas\nm\u00e1gicas que residen en su reino.<\/p>\n\n\n\n<figure class=\"wp-block-image\"><img loading=\"lazy\" decoding=\"async\" width=\"600\" height=\"858\" data-attachment-id=\"101525\" data-permalink=\"https:\/\/www.hoymercedes.com.ar\/principal\/2019\/10\/18\/cine-mercedes-tendra-dos-villanos-en-cartelera\/poster_malefica__duena_del_mal-600x858\/#main\" data-orig-file=\"https:\/\/www.hoymercedes.com.ar\/principal\/wp-content\/uploads\/2019\/10\/Poster_Mal\u00e9fica__Due\u00f1a_Del_Mal-600x858.jpg\" data-orig-size=\"600,858\" data-comments-opened=\"0\" data-image-meta=\"{&quot;aperture&quot;:&quot;0&quot;,&quot;credit&quot;:&quot;&quot;,&quot;camera&quot;:&quot;&quot;,&quot;caption&quot;:&quot;&quot;,&quot;created_timestamp&quot;:&quot;0&quot;,&quot;copyright&quot;:&quot;&quot;,&quot;focal_length&quot;:&quot;0&quot;,&quot;iso&quot;:&quot;0&quot;,&quot;shutter_speed&quot;:&quot;0&quot;,&quot;title&quot;:&quot;&quot;,&quot;orientation&quot;:&quot;0&quot;}\" data-image-title=\"Poster_Mal\u00e9fica__Due\u00f1a_Del_Mal-600&amp;#215;858\" data-image-description=\"\" data-image-caption=\"\" data-large-file=\"https:\/\/www.hoymercedes.com.ar\/principal\/wp-content\/uploads\/2019\/10\/Poster_Mal\u00e9fica__Due\u00f1a_Del_Mal-600x858.jpg\" src=\"https:\/\/www.hoymercedes.com.ar\/principal\/wp-content\/uploads\/2019\/10\/Poster_Mal\u00e9fica__Due\u00f1a_Del_Mal-600x858.jpg\" alt=\"\" class=\"wp-image-101525\" srcset=\"https:\/\/www.hoymercedes.com.ar\/principal\/wp-content\/uploads\/2019\/10\/Poster_Mal\u00e9fica__Due\u00f1a_Del_Mal-600x858.jpg 600w, https:\/\/www.hoymercedes.com.ar\/principal\/wp-content\/uploads\/2019\/10\/Poster_Mal\u00e9fica__Due\u00f1a_Del_Mal-600x858-105x150.jpg 105w, https:\/\/www.hoymercedes.com.ar\/principal\/wp-content\/uploads\/2019\/10\/Poster_Mal\u00e9fica__Due\u00f1a_Del_Mal-600x858-434x620.jpg 434w\" sizes=\"auto, (max-width: 600px) 100vw, 600px\" \/><\/figure>\n\n\n\n<p>\u2022 Del viernes 01\/11 al martes 05\/11<\/p>\n\n\n\n<p>TERMINATOR: Destino Oculto <\/p>\n\n\n\n<p>Apta para mayores de 13 a\u00f1os.<\/p>\n\n\n\n<p>. 19:30 hs. (2D) &#8211; CAST<\/p>\n\n\n\n<p>. 22:15 hs. (2D) &#8211; SUBT<\/p>\n\n\n\n<p>Sinopsis: Sarah Connor (Linda Hamilton) y Grace (Mackenzie\nDavis), una h\u00edbrido de cyborg y humano, deber\u00e1n proteger a una joven del Rev-9,\nun nuevo Terminator que viene del futuro<\/p>\n\n\n\n<figure class=\"wp-block-image\"><img loading=\"lazy\" decoding=\"async\" width=\"700\" height=\"395\" data-attachment-id=\"101944\" data-permalink=\"https:\/\/www.hoymercedes.com.ar\/principal\/2019\/11\/01\/cine-mercedes-el-destino-oculto-de-terminator-se-une-a-malefica\/terminator\/#main\" data-orig-file=\"https:\/\/www.hoymercedes.com.ar\/principal\/wp-content\/uploads\/2019\/11\/Terminator.jpg\" data-orig-size=\"700,395\" data-comments-opened=\"0\" data-image-meta=\"{&quot;aperture&quot;:&quot;0&quot;,&quot;credit&quot;:&quot;&quot;,&quot;camera&quot;:&quot;&quot;,&quot;caption&quot;:&quot;&quot;,&quot;created_timestamp&quot;:&quot;0&quot;,&quot;copyright&quot;:&quot;&quot;,&quot;focal_length&quot;:&quot;0&quot;,&quot;iso&quot;:&quot;0&quot;,&quot;shutter_speed&quot;:&quot;0&quot;,&quot;title&quot;:&quot;&quot;,&quot;orientation&quot;:&quot;0&quot;}\" data-image-title=\"Terminator\" data-image-description=\"\" data-image-caption=\"\" data-large-file=\"https:\/\/www.hoymercedes.com.ar\/principal\/wp-content\/uploads\/2019\/11\/Terminator.jpg\" src=\"https:\/\/www.hoymercedes.com.ar\/principal\/wp-content\/uploads\/2019\/11\/Terminator.jpg\" alt=\"\" class=\"wp-image-101944\" srcset=\"https:\/\/www.hoymercedes.com.ar\/principal\/wp-content\/uploads\/2019\/11\/Terminator.jpg 700w, https:\/\/www.hoymercedes.com.ar\/principal\/wp-content\/uploads\/2019\/11\/Terminator-150x85.jpg 150w, https:\/\/www.hoymercedes.com.ar\/principal\/wp-content\/uploads\/2019\/11\/Terminator-630x356.jpg 630w\" sizes=\"auto, (max-width: 700px) 100vw, 700px\" \/><\/figure>\n\n\n\n<p>Venta de entradas por boleter\u00eda del Viernes 01 al Domingo 03\ndesde las 16.30hs \/\/ Lunes y Martes desde las 19.00hs.<\/p>\n","protected":false},"excerpt":{"rendered":"<p>Del viernes 01\/11 al domingo 03\/11 se podr\u00e1 ver en la funci\u00f3n de las 17 horas: \u201cMal\u00e9fica: Due\u00f1a del mal\u201d &#8230; <a title=\"Cine Mercedes: El destino oculto de Terminator se une a Mal\u00e9fica\" class=\"read-more\" href=\"https:\/\/www.hoymercedes.com.ar\/principal\/2019\/11\/01\/cine-mercedes-el-destino-oculto-de-terminator-se-une-a-malefica\/\" aria-label=\"Leer m\u00e1s sobre Cine Mercedes: El destino oculto de Terminator se une a Mal\u00e9fica\">Leer m\u00e1s<\/a><\/p>\n","protected":false},"author":1,"featured_media":101944,"comment_status":"closed","ping_status":"open","sticky":false,"template":"","format":"standard","meta":{"_monsterinsights_skip_tracking":false,"_monsterinsights_sitenote_active":false,"_monsterinsights_sitenote_note":"","_monsterinsights_sitenote_category":0,"jetpack_post_was_ever_published":false,"_jetpack_newsletter_access":"","_jetpack_dont_email_post_to_subs":false,"_jetpack_newsletter_tier_id":0,"_jetpack_memberships_contains_paywalled_content":false,"_jetpack_memberships_contains_paid_content":false,"footnotes":"","jetpack_publicize_message":"","jetpack_publicize_feature_enabled":true,"jetpack_social_post_already_shared":true,"jetpack_social_options":{"image_generator_settings":{"template":"highway","default_image_id":0,"font":"","enabled":false},"version":2},"_wpas_customize_per_network":false},"categories":[8],"tags":[],"class_list":["post-101943","post","type-post","status-publish","format-standard","has-post-thumbnail","hentry","category-sociedad","generate-columns","tablet-grid-50","mobile-grid-100","grid-parent","grid-50"],"jetpack_publicize_connections":[],"jetpack_featured_media_url":"https:\/\/www.hoymercedes.com.ar\/principal\/wp-content\/uploads\/2019\/11\/Terminator.jpg","wps_subtitle":"Novedades en el cine","jetpack_sharing_enabled":true,"_links":{"self":[{"href":"https:\/\/www.hoymercedes.com.ar\/principal\/wp-json\/wp\/v2\/posts\/101943","targetHints":{"allow":["GET"]}}],"collection":[{"href":"https:\/\/www.hoymercedes.com.ar\/principal\/wp-json\/wp\/v2\/posts"}],"about":[{"href":"https:\/\/www.hoymercedes.com.ar\/principal\/wp-json\/wp\/v2\/types\/post"}],"author":[{"embeddable":true,"href":"https:\/\/www.hoymercedes.com.ar\/principal\/wp-json\/wp\/v2\/users\/1"}],"replies":[{"embeddable":true,"href":"https:\/\/www.hoymercedes.com.ar\/principal\/wp-json\/wp\/v2\/comments?post=101943"}],"version-history":[{"count":0,"href":"https:\/\/www.hoymercedes.com.ar\/principal\/wp-json\/wp\/v2\/posts\/101943\/revisions"}],"wp:featuredmedia":[{"embeddable":true,"href":"https:\/\/www.hoymercedes.com.ar\/principal\/wp-json\/wp\/v2\/media\/101944"}],"wp:attachment":[{"href":"https:\/\/www.hoymercedes.com.ar\/principal\/wp-json\/wp\/v2\/media?parent=101943"}],"wp:term":[{"taxonomy":"category","embeddable":true,"href":"https:\/\/www.hoymercedes.com.ar\/principal\/wp-json\/wp\/v2\/categories?post=101943"},{"taxonomy":"post_tag","embeddable":true,"href":"https:\/\/www.hoymercedes.com.ar\/principal\/wp-json\/wp\/v2\/tags?post=101943"}],"curies":[{"name":"wp","href":"https:\/\/api.w.org\/{rel}","templated":true}]}}