{"id":101972,"date":"2019-11-03T14:49:50","date_gmt":"2019-11-03T17:49:50","guid":{"rendered":"http:\/\/www.hoymercedes.com.ar\/principal\/?p=101972"},"modified":"2019-11-03T14:49:53","modified_gmt":"2019-11-03T17:49:53","slug":"centro-de-dia-cumplio-un-ano-de-trabajos-y-acompanamientos","status":"publish","type":"post","link":"https:\/\/www.hoymercedes.com.ar\/principal\/2019\/11\/03\/centro-de-dia-cumplio-un-ano-de-trabajos-y-acompanamientos\/","title":{"rendered":"Centro de D\u00eda cumpli\u00f3 un a\u00f1o de trabajos y acompa\u00f1amientos"},"content":{"rendered":"\n<figure class=\"wp-block-image\"><img loading=\"lazy\" decoding=\"async\" width=\"720\" height=\"960\" data-attachment-id=\"101973\" data-permalink=\"https:\/\/www.hoymercedes.com.ar\/principal\/2019\/11\/03\/centro-de-dia-cumplio-un-ano-de-trabajos-y-acompanamientos\/74456207_467495327200678_5262961927046299648_n\/#main\" data-orig-file=\"https:\/\/www.hoymercedes.com.ar\/principal\/wp-content\/uploads\/2019\/11\/74456207_467495327200678_5262961927046299648_n.jpg\" data-orig-size=\"720,960\" data-comments-opened=\"0\" data-image-meta=\"{&quot;aperture&quot;:&quot;0&quot;,&quot;credit&quot;:&quot;&quot;,&quot;camera&quot;:&quot;&quot;,&quot;caption&quot;:&quot;&quot;,&quot;created_timestamp&quot;:&quot;0&quot;,&quot;copyright&quot;:&quot;&quot;,&quot;focal_length&quot;:&quot;0&quot;,&quot;iso&quot;:&quot;0&quot;,&quot;shutter_speed&quot;:&quot;0&quot;,&quot;title&quot;:&quot;&quot;,&quot;orientation&quot;:&quot;0&quot;}\" data-image-title=\"74456207_467495327200678_5262961927046299648_n\" data-image-description=\"\" data-image-caption=\"\" data-large-file=\"https:\/\/www.hoymercedes.com.ar\/principal\/wp-content\/uploads\/2019\/11\/74456207_467495327200678_5262961927046299648_n.jpg\" src=\"https:\/\/www.hoymercedes.com.ar\/principal\/wp-content\/uploads\/2019\/11\/74456207_467495327200678_5262961927046299648_n.jpg\" alt=\"\" class=\"wp-image-101973\" srcset=\"https:\/\/www.hoymercedes.com.ar\/principal\/wp-content\/uploads\/2019\/11\/74456207_467495327200678_5262961927046299648_n.jpg 720w, https:\/\/www.hoymercedes.com.ar\/principal\/wp-content\/uploads\/2019\/11\/74456207_467495327200678_5262961927046299648_n-113x150.jpg 113w, https:\/\/www.hoymercedes.com.ar\/principal\/wp-content\/uploads\/2019\/11\/74456207_467495327200678_5262961927046299648_n-465x620.jpg 465w\" sizes=\"auto, (max-width: 720px) 100vw, 720px\" \/><\/figure>\n\n\n\n<p>\nEste importante mecanismo Municipal intenta dar soluci\u00f3n a una \nproblem\u00e1tica que subyace en nuestra sociedad. Su finalidad es la \ncontenci\u00f3n, integraci\u00f3n y reinserci\u00f3n, creando un \u00e1mbito de autonom\u00eda en\n las personas. El mismo es un tratamiento integral a cargo\n de un equipo interdisciplinario que articula su asistencia con todas \nlas herramientas de salud municipal. &nbsp;&nbsp;<\/p>\n\n\n\n<p>\nLorena Abinal coordinadora de la entidad, en comunicaci\u00f3n con la radio \np\u00fablica se\u00f1al\u00f3 \u201cya ven\u00edamos trabajando mucho en todo lo referido a la \nsalud mental, pero este fue un proyecto nuevo que concluy\u00f3 siendo el \nprimer \u2013 hasta ahora \u00fanico- Centro de D\u00eda Municipal\n en la provincia de Buenos Aires\u201d.<\/p>\n\n\n\n<p>\n\u201cSi bien el Centro tiene esa especificidad de abordaje sobre situaciones\n de consumo problem\u00e1tico, salud mental incluye mucho m\u00e1s. Por eso, \naquella persona que sufra alg\u00fan problema o padecimiento puede acercarse y\n asesorarse o consultar\u00bb se\u00f1al\u00f3 Lorena Abinal\n y agreg\u00f3 \u201cse abarcan un mont\u00f3n de situaciones que pueden ser \nacompa\u00f1adas o que podemos articular con otros espacios para su \ncontenci\u00f3n\u201d.<\/p>\n\n\n\n<p>\nA su vez, la Coordinadora destac\u00f3 \u201cla gesti\u00f3n del Dr. Ustarroz apuesta \nmucho a la tem\u00e1tica de salud mental, realizan y apoyan todas las \njornadas, actividades y proyectos que se impulsan desde el Centro de \nD\u00eda\u201d.<\/p>\n\n\n\n<p>\nConjuntamente Abinal inform\u00f3 \u201ctenemos un fuerte eje social, con talleres\n terap\u00e9uticos, psicol\u00f3gicos, de arte, medio ambiente, laborales, m\u00fasica,\n huerta, pr\u00e1ctica entre otros\u201d y a\u00f1adi\u00f3 \u201centre las tantas actividades \nque venimos ejecutando, en este momento estamos\n realizando murales en los diferentes barrios de la ciudad\u201d <\/p>\n\n\n\n<p>\nEl mismo se encuentra en calle 36, entre 19 y 21 y su horario de \natenci\u00f3n es de 08:00 a 18:00 horas y su tel\u00e9fono es (02324) 430355.&nbsp;\n<\/p>\n","protected":false},"excerpt":{"rendered":"<p>Este importante mecanismo Municipal intenta dar soluci\u00f3n a una problem\u00e1tica que subyace en nuestra sociedad. Su finalidad es la contenci\u00f3n, &#8230; <a title=\"Centro de D\u00eda cumpli\u00f3 un a\u00f1o de trabajos y acompa\u00f1amientos\" class=\"read-more\" href=\"https:\/\/www.hoymercedes.com.ar\/principal\/2019\/11\/03\/centro-de-dia-cumplio-un-ano-de-trabajos-y-acompanamientos\/\" aria-label=\"Leer m\u00e1s sobre Centro de D\u00eda cumpli\u00f3 un a\u00f1o de trabajos y acompa\u00f1amientos\">Leer m\u00e1s<\/a><\/p>\n","protected":false},"author":1,"featured_media":101973,"comment_status":"closed","ping_status":"open","sticky":false,"template":"","format":"standard","meta":{"_monsterinsights_skip_tracking":false,"_monsterinsights_sitenote_active":false,"_monsterinsights_sitenote_note":"","_monsterinsights_sitenote_category":0,"jetpack_post_was_ever_published":false,"_jetpack_newsletter_access":"","_jetpack_dont_email_post_to_subs":false,"_jetpack_newsletter_tier_id":0,"_jetpack_memberships_contains_paywalled_content":false,"_jetpack_memberships_contains_paid_content":false,"footnotes":"","jetpack_publicize_message":"","jetpack_publicize_feature_enabled":true,"jetpack_social_post_already_shared":true,"jetpack_social_options":{"image_generator_settings":{"template":"highway","default_image_id":0,"font":"","enabled":false},"version":2},"_wpas_customize_per_network":false},"categories":[30],"tags":[10263],"class_list":["post-101972","post","type-post","status-publish","format-standard","has-post-thumbnail","hentry","category-municipio","tag-centro-de-dia","generate-columns","tablet-grid-50","mobile-grid-100","grid-parent","grid-50"],"jetpack_publicize_connections":[],"jetpack_featured_media_url":"https:\/\/www.hoymercedes.com.ar\/principal\/wp-content\/uploads\/2019\/11\/74456207_467495327200678_5262961927046299648_n.jpg","wps_subtitle":"Trabajo social ","jetpack_sharing_enabled":true,"_links":{"self":[{"href":"https:\/\/www.hoymercedes.com.ar\/principal\/wp-json\/wp\/v2\/posts\/101972","targetHints":{"allow":["GET"]}}],"collection":[{"href":"https:\/\/www.hoymercedes.com.ar\/principal\/wp-json\/wp\/v2\/posts"}],"about":[{"href":"https:\/\/www.hoymercedes.com.ar\/principal\/wp-json\/wp\/v2\/types\/post"}],"author":[{"embeddable":true,"href":"https:\/\/www.hoymercedes.com.ar\/principal\/wp-json\/wp\/v2\/users\/1"}],"replies":[{"embeddable":true,"href":"https:\/\/www.hoymercedes.com.ar\/principal\/wp-json\/wp\/v2\/comments?post=101972"}],"version-history":[{"count":0,"href":"https:\/\/www.hoymercedes.com.ar\/principal\/wp-json\/wp\/v2\/posts\/101972\/revisions"}],"wp:featuredmedia":[{"embeddable":true,"href":"https:\/\/www.hoymercedes.com.ar\/principal\/wp-json\/wp\/v2\/media\/101973"}],"wp:attachment":[{"href":"https:\/\/www.hoymercedes.com.ar\/principal\/wp-json\/wp\/v2\/media?parent=101972"}],"wp:term":[{"taxonomy":"category","embeddable":true,"href":"https:\/\/www.hoymercedes.com.ar\/principal\/wp-json\/wp\/v2\/categories?post=101972"},{"taxonomy":"post_tag","embeddable":true,"href":"https:\/\/www.hoymercedes.com.ar\/principal\/wp-json\/wp\/v2\/tags?post=101972"}],"curies":[{"name":"wp","href":"https:\/\/api.w.org\/{rel}","templated":true}]}}