{"id":101984,"date":"2019-11-04T14:17:44","date_gmt":"2019-11-04T17:17:44","guid":{"rendered":"http:\/\/www.hoymercedes.com.ar\/principal\/?p=101984"},"modified":"2019-11-04T14:17:53","modified_gmt":"2019-11-04T17:17:53","slug":"exitosa-y-multitudinaria-edicion-del-festival-de-cerveceros-mercedinos","status":"publish","type":"post","link":"https:\/\/www.hoymercedes.com.ar\/principal\/2019\/11\/04\/exitosa-y-multitudinaria-edicion-del-festival-de-cerveceros-mercedinos\/","title":{"rendered":"Exitosa y multitudinaria edici\u00f3n del Festival de Cerveceros mercedinos"},"content":{"rendered":"\n<figure class=\"wp-block-image\"><img loading=\"lazy\" decoding=\"async\" width=\"1024\" height=\"576\" data-attachment-id=\"101985\" data-permalink=\"https:\/\/www.hoymercedes.com.ar\/principal\/2019\/11\/04\/exitosa-y-multitudinaria-edicion-del-festival-de-cerveceros-mercedinos\/cerveza-2019whatsapp-image-2019-11-04-at-10-22-37-2\/#main\" data-orig-file=\"https:\/\/www.hoymercedes.com.ar\/principal\/wp-content\/uploads\/2019\/11\/cerveza-2019WhatsApp-Image-2019-11-04-at-10.22.37-2.jpeg\" data-orig-size=\"1200,675\" data-comments-opened=\"0\" data-image-meta=\"{&quot;aperture&quot;:&quot;0&quot;,&quot;credit&quot;:&quot;&quot;,&quot;camera&quot;:&quot;&quot;,&quot;caption&quot;:&quot;&quot;,&quot;created_timestamp&quot;:&quot;0&quot;,&quot;copyright&quot;:&quot;&quot;,&quot;focal_length&quot;:&quot;0&quot;,&quot;iso&quot;:&quot;0&quot;,&quot;shutter_speed&quot;:&quot;0&quot;,&quot;title&quot;:&quot;&quot;,&quot;orientation&quot;:&quot;0&quot;}\" data-image-title=\"cerveza-2019WhatsApp-Image-2019-11-04-at-10.22.37-2\" data-image-description=\"\" data-image-caption=\"\" data-large-file=\"https:\/\/www.hoymercedes.com.ar\/principal\/wp-content\/uploads\/2019\/11\/cerveza-2019WhatsApp-Image-2019-11-04-at-10.22.37-2-1024x576.jpeg\" src=\"https:\/\/www.hoymercedes.com.ar\/principal\/wp-content\/uploads\/2019\/11\/cerveza-2019WhatsApp-Image-2019-11-04-at-10.22.37-2-1024x576.jpeg\" alt=\"\" class=\"wp-image-101985\" srcset=\"https:\/\/www.hoymercedes.com.ar\/principal\/wp-content\/uploads\/2019\/11\/cerveza-2019WhatsApp-Image-2019-11-04-at-10.22.37-2-1024x576.jpeg 1024w, https:\/\/www.hoymercedes.com.ar\/principal\/wp-content\/uploads\/2019\/11\/cerveza-2019WhatsApp-Image-2019-11-04-at-10.22.37-2-150x84.jpeg 150w, https:\/\/www.hoymercedes.com.ar\/principal\/wp-content\/uploads\/2019\/11\/cerveza-2019WhatsApp-Image-2019-11-04-at-10.22.37-2-630x354.jpeg 630w, https:\/\/www.hoymercedes.com.ar\/principal\/wp-content\/uploads\/2019\/11\/cerveza-2019WhatsApp-Image-2019-11-04-at-10.22.37-2.jpeg 1200w\" sizes=\"auto, (max-width: 1024px) 100vw, 1024px\" \/><figcaption>Momento del show de Julieta Venegas <\/figcaption><\/figure>\n\n\n\n<p>El 2\u00b0 Festival de Cerveceros\nMercedinos fue un \u00e9xito. Cont\u00f3 con miles de asistentes que colmaron el fin de\nsemana el Parque Municipal. Scheitler fue el cervecero del a\u00f1o y Fernando\nBustos en el rubro home brew. Ustarroz destac\u00f3 el \u201cgran trabajo realizado para\nvolver a contar con una gran fiesta familiar\u201d que \u201cpromueven el encuentro, el\ntrabajo y la cultura mercedina\u201d. El cierre fue con la mexicana Julieta Venegas\ncon un show impecable. Hubo muchas novedades en una fiesta que mostr\u00f3 avances\nrespecto a la edici\u00f3n anterior y ratific\u00f3 que \u201cen Mercedes siempre hay algo\npara disfrutar\u201d.<\/p>\n\n\n\n<figure class=\"wp-block-image\"><img loading=\"lazy\" decoding=\"async\" width=\"1024\" height=\"683\" data-attachment-id=\"101987\" data-permalink=\"https:\/\/www.hoymercedes.com.ar\/principal\/2019\/11\/04\/exitosa-y-multitudinaria-edicion-del-festival-de-cerveceros-mercedinos\/cerveza-2019dsc04461\/#main\" data-orig-file=\"https:\/\/www.hoymercedes.com.ar\/principal\/wp-content\/uploads\/2019\/11\/cerveza-2019DSC04461.jpg\" data-orig-size=\"1200,800\" data-comments-opened=\"0\" data-image-meta=\"{&quot;aperture&quot;:&quot;0&quot;,&quot;credit&quot;:&quot;&quot;,&quot;camera&quot;:&quot;&quot;,&quot;caption&quot;:&quot;&quot;,&quot;created_timestamp&quot;:&quot;0&quot;,&quot;copyright&quot;:&quot;&quot;,&quot;focal_length&quot;:&quot;0&quot;,&quot;iso&quot;:&quot;0&quot;,&quot;shutter_speed&quot;:&quot;0&quot;,&quot;title&quot;:&quot;&quot;,&quot;orientation&quot;:&quot;0&quot;}\" data-image-title=\"cerveza-2019DSC04461\" data-image-description=\"\" data-image-caption=\"\" data-large-file=\"https:\/\/www.hoymercedes.com.ar\/principal\/wp-content\/uploads\/2019\/11\/cerveza-2019DSC04461-1024x683.jpg\" src=\"https:\/\/www.hoymercedes.com.ar\/principal\/wp-content\/uploads\/2019\/11\/cerveza-2019DSC04461-1024x683.jpg\" alt=\"\" class=\"wp-image-101987\" srcset=\"https:\/\/www.hoymercedes.com.ar\/principal\/wp-content\/uploads\/2019\/11\/cerveza-2019DSC04461-1024x683.jpg 1024w, https:\/\/www.hoymercedes.com.ar\/principal\/wp-content\/uploads\/2019\/11\/cerveza-2019DSC04461-150x100.jpg 150w, https:\/\/www.hoymercedes.com.ar\/principal\/wp-content\/uploads\/2019\/11\/cerveza-2019DSC04461-630x420.jpg 630w, https:\/\/www.hoymercedes.com.ar\/principal\/wp-content\/uploads\/2019\/11\/cerveza-2019DSC04461.jpg 1200w\" sizes=\"auto, (max-width: 1024px) 100vw, 1024px\" \/><figcaption>J\u00f3venes y familias presentes<\/figcaption><\/figure>\n\n\n\n<p><strong>S\u00e1bado<\/strong><\/p>\n\n\n\n<p>La fiesta el s\u00e1bado cont\u00f3 con un\nexcelente marco de p\u00fablico que se acerc\u00f3 al parque sector nuevo. All\u00ed hubo en\nel escenario principal artistas para todos los gustos, como ser Doble Carolina,\nPura Tierra, Nueve Tr\u00edo, Interk\u00f3smicos, B\u00e1jame un tono, Sul tasto, Gaiteros\nescoceses y el juego musical con videos en las pantallas gigantes que permit\u00edan\ndesde todos los sectores vivir cada momento. <\/p>\n\n\n\n<figure class=\"wp-block-image\"><img loading=\"lazy\" decoding=\"async\" width=\"1024\" height=\"683\" data-attachment-id=\"101988\" data-permalink=\"https:\/\/www.hoymercedes.com.ar\/principal\/2019\/11\/04\/exitosa-y-multitudinaria-edicion-del-festival-de-cerveceros-mercedinos\/cerveza-2019dsc04453\/#main\" data-orig-file=\"https:\/\/www.hoymercedes.com.ar\/principal\/wp-content\/uploads\/2019\/11\/cerveza-2019DSC04453.jpg\" data-orig-size=\"1200,800\" data-comments-opened=\"0\" data-image-meta=\"{&quot;aperture&quot;:&quot;0&quot;,&quot;credit&quot;:&quot;&quot;,&quot;camera&quot;:&quot;&quot;,&quot;caption&quot;:&quot;&quot;,&quot;created_timestamp&quot;:&quot;0&quot;,&quot;copyright&quot;:&quot;&quot;,&quot;focal_length&quot;:&quot;0&quot;,&quot;iso&quot;:&quot;0&quot;,&quot;shutter_speed&quot;:&quot;0&quot;,&quot;title&quot;:&quot;&quot;,&quot;orientation&quot;:&quot;0&quot;}\" data-image-title=\"cerveza-2019DSC04453\" data-image-description=\"\" data-image-caption=\"\" data-large-file=\"https:\/\/www.hoymercedes.com.ar\/principal\/wp-content\/uploads\/2019\/11\/cerveza-2019DSC04453-1024x683.jpg\" src=\"https:\/\/www.hoymercedes.com.ar\/principal\/wp-content\/uploads\/2019\/11\/cerveza-2019DSC04453-1024x683.jpg\" alt=\"\" class=\"wp-image-101988\" srcset=\"https:\/\/www.hoymercedes.com.ar\/principal\/wp-content\/uploads\/2019\/11\/cerveza-2019DSC04453-1024x683.jpg 1024w, https:\/\/www.hoymercedes.com.ar\/principal\/wp-content\/uploads\/2019\/11\/cerveza-2019DSC04453-150x100.jpg 150w, https:\/\/www.hoymercedes.com.ar\/principal\/wp-content\/uploads\/2019\/11\/cerveza-2019DSC04453-630x420.jpg 630w, https:\/\/www.hoymercedes.com.ar\/principal\/wp-content\/uploads\/2019\/11\/cerveza-2019DSC04453.jpg 1200w\" sizes=\"auto, (max-width: 1024px) 100vw, 1024px\" \/><figcaption>Sul Tasto en vivo<\/figcaption><\/figure>\n\n\n\n<p><strong>Domingo<\/strong><\/p>\n\n\n\n<p>Desde el mediod\u00eda empez\u00f3 a\narribar el p\u00fablico al predio. El escenario principal arranc\u00f3 con Botija Mujica,\nSanta Milonguita, Drumritmia, Orquesta Org\u00e1nica, Mamabora y el cierre con un\ndestacado marco de p\u00fablico con la internacional Julieta Venegas, que por\nprimera vez se present\u00f3 en la zona generando amplio inter\u00e9s.<\/p>\n\n\n\n<figure class=\"wp-block-image\"><img loading=\"lazy\" decoding=\"async\" width=\"1024\" height=\"683\" data-attachment-id=\"101989\" data-permalink=\"https:\/\/www.hoymercedes.com.ar\/principal\/2019\/11\/04\/exitosa-y-multitudinaria-edicion-del-festival-de-cerveceros-mercedinos\/cerveza-2019dsc_0080\/#main\" data-orig-file=\"https:\/\/www.hoymercedes.com.ar\/principal\/wp-content\/uploads\/2019\/11\/cerveza-2019DSC_0080.jpg\" data-orig-size=\"1200,800\" data-comments-opened=\"0\" data-image-meta=\"{&quot;aperture&quot;:&quot;0&quot;,&quot;credit&quot;:&quot;&quot;,&quot;camera&quot;:&quot;&quot;,&quot;caption&quot;:&quot;&quot;,&quot;created_timestamp&quot;:&quot;0&quot;,&quot;copyright&quot;:&quot;&quot;,&quot;focal_length&quot;:&quot;0&quot;,&quot;iso&quot;:&quot;0&quot;,&quot;shutter_speed&quot;:&quot;0&quot;,&quot;title&quot;:&quot;&quot;,&quot;orientation&quot;:&quot;0&quot;}\" data-image-title=\"cerveza-2019DSC_0080\" data-image-description=\"\" data-image-caption=\"\" data-large-file=\"https:\/\/www.hoymercedes.com.ar\/principal\/wp-content\/uploads\/2019\/11\/cerveza-2019DSC_0080-1024x683.jpg\" src=\"https:\/\/www.hoymercedes.com.ar\/principal\/wp-content\/uploads\/2019\/11\/cerveza-2019DSC_0080-1024x683.jpg\" alt=\"\" class=\"wp-image-101989\" srcset=\"https:\/\/www.hoymercedes.com.ar\/principal\/wp-content\/uploads\/2019\/11\/cerveza-2019DSC_0080-1024x683.jpg 1024w, https:\/\/www.hoymercedes.com.ar\/principal\/wp-content\/uploads\/2019\/11\/cerveza-2019DSC_0080-150x100.jpg 150w, https:\/\/www.hoymercedes.com.ar\/principal\/wp-content\/uploads\/2019\/11\/cerveza-2019DSC_0080-630x420.jpg 630w, https:\/\/www.hoymercedes.com.ar\/principal\/wp-content\/uploads\/2019\/11\/cerveza-2019DSC_0080.jpg 1200w\" sizes=\"auto, (max-width: 1024px) 100vw, 1024px\" \/><figcaption>Premiaci\u00f3n de los productores del a\u00f1o<\/figcaption><\/figure>\n\n\n\n<p><strong>Premiaci\u00f3n<\/strong><\/p>\n\n\n\n<p>Este a\u00f1o se pudo votar. Desde la Municipalidad se habilit\u00f3 un sistema de votaci\u00f3n online donde ingresando pro Facebook o por la web municipal los propios vecinos y turistas pod\u00edan elegir qu\u00e9 cerveza le gust\u00f3 m\u00e1s tanto en home brew como cervecer\u00edas. <\/p>\n\n\n\n<p>Franz Scheitler fue el cervecero del a\u00f1o mientras que Birmania la home brew del a\u00f1o en su categor\u00eda. <\/p>\n","protected":false},"excerpt":{"rendered":"<p>El 2\u00b0 Festival de Cerveceros Mercedinos fue un \u00e9xito. Cont\u00f3 con miles de asistentes que colmaron el fin de semana &#8230; <a title=\"Exitosa y multitudinaria edici\u00f3n del Festival de Cerveceros mercedinos\" class=\"read-more\" href=\"https:\/\/www.hoymercedes.com.ar\/principal\/2019\/11\/04\/exitosa-y-multitudinaria-edicion-del-festival-de-cerveceros-mercedinos\/\" aria-label=\"Leer m\u00e1s sobre Exitosa y multitudinaria edici\u00f3n del Festival de Cerveceros mercedinos\">Leer m\u00e1s<\/a><\/p>\n","protected":false},"author":1,"featured_media":101985,"comment_status":"closed","ping_status":"open","sticky":false,"template":"","format":"standard","meta":{"_monsterinsights_skip_tracking":false,"_monsterinsights_sitenote_active":false,"_monsterinsights_sitenote_note":"","_monsterinsights_sitenote_category":0,"jetpack_post_was_ever_published":false,"_jetpack_newsletter_access":"","_jetpack_dont_email_post_to_subs":false,"_jetpack_newsletter_tier_id":0,"_jetpack_memberships_contains_paywalled_content":false,"_jetpack_memberships_contains_paid_content":false,"footnotes":"","jetpack_publicize_message":"","jetpack_publicize_feature_enabled":true,"jetpack_social_post_already_shared":true,"jetpack_social_options":{"image_generator_settings":{"template":"highway","default_image_id":0,"font":"","enabled":false},"version":2},"_wpas_customize_per_network":false},"categories":[30],"tags":[],"class_list":["post-101984","post","type-post","status-publish","format-standard","has-post-thumbnail","hentry","category-municipio","generate-columns","tablet-grid-50","mobile-grid-100","grid-parent","grid-50"],"jetpack_publicize_connections":[],"jetpack_featured_media_url":"https:\/\/www.hoymercedes.com.ar\/principal\/wp-content\/uploads\/2019\/11\/cerveza-2019WhatsApp-Image-2019-11-04-at-10.22.37-2.jpeg","wps_subtitle":"Fiestas Populares","jetpack_sharing_enabled":true,"_links":{"self":[{"href":"https:\/\/www.hoymercedes.com.ar\/principal\/wp-json\/wp\/v2\/posts\/101984","targetHints":{"allow":["GET"]}}],"collection":[{"href":"https:\/\/www.hoymercedes.com.ar\/principal\/wp-json\/wp\/v2\/posts"}],"about":[{"href":"https:\/\/www.hoymercedes.com.ar\/principal\/wp-json\/wp\/v2\/types\/post"}],"author":[{"embeddable":true,"href":"https:\/\/www.hoymercedes.com.ar\/principal\/wp-json\/wp\/v2\/users\/1"}],"replies":[{"embeddable":true,"href":"https:\/\/www.hoymercedes.com.ar\/principal\/wp-json\/wp\/v2\/comments?post=101984"}],"version-history":[{"count":0,"href":"https:\/\/www.hoymercedes.com.ar\/principal\/wp-json\/wp\/v2\/posts\/101984\/revisions"}],"wp:featuredmedia":[{"embeddable":true,"href":"https:\/\/www.hoymercedes.com.ar\/principal\/wp-json\/wp\/v2\/media\/101985"}],"wp:attachment":[{"href":"https:\/\/www.hoymercedes.com.ar\/principal\/wp-json\/wp\/v2\/media?parent=101984"}],"wp:term":[{"taxonomy":"category","embeddable":true,"href":"https:\/\/www.hoymercedes.com.ar\/principal\/wp-json\/wp\/v2\/categories?post=101984"},{"taxonomy":"post_tag","embeddable":true,"href":"https:\/\/www.hoymercedes.com.ar\/principal\/wp-json\/wp\/v2\/tags?post=101984"}],"curies":[{"name":"wp","href":"https:\/\/api.w.org\/{rel}","templated":true}]}}