{"id":101993,"date":"2019-11-04T14:27:05","date_gmt":"2019-11-04T17:27:05","guid":{"rendered":"http:\/\/www.hoymercedes.com.ar\/principal\/?p=101993"},"modified":"2019-11-04T14:27:09","modified_gmt":"2019-11-04T17:27:09","slug":"scheitler-y-birmania-fueron-los-productores-de-cerveza-del-ano","status":"publish","type":"post","link":"https:\/\/www.hoymercedes.com.ar\/principal\/2019\/11\/04\/scheitler-y-birmania-fueron-los-productores-de-cerveza-del-ano\/","title":{"rendered":"Scheitler y Birmania fueron los productores de cerveza del a\u00f1o"},"content":{"rendered":"\n<figure class=\"wp-block-image is-resized\"><img loading=\"lazy\" decoding=\"async\" data-attachment-id=\"101994\" data-permalink=\"https:\/\/www.hoymercedes.com.ar\/principal\/2019\/11\/04\/scheitler-y-birmania-fueron-los-productores-de-cerveza-del-ano\/cerveza-2019dsc04896\/#main\" data-orig-file=\"https:\/\/www.hoymercedes.com.ar\/principal\/wp-content\/uploads\/2019\/11\/cerveza-2019DSC04896.jpg\" data-orig-size=\"1200,800\" data-comments-opened=\"0\" data-image-meta=\"{&quot;aperture&quot;:&quot;0&quot;,&quot;credit&quot;:&quot;&quot;,&quot;camera&quot;:&quot;&quot;,&quot;caption&quot;:&quot;&quot;,&quot;created_timestamp&quot;:&quot;0&quot;,&quot;copyright&quot;:&quot;&quot;,&quot;focal_length&quot;:&quot;0&quot;,&quot;iso&quot;:&quot;0&quot;,&quot;shutter_speed&quot;:&quot;0&quot;,&quot;title&quot;:&quot;&quot;,&quot;orientation&quot;:&quot;0&quot;}\" data-image-title=\"cerveza-2019DSC04896\" data-image-description=\"\" data-image-caption=\"\" data-large-file=\"https:\/\/www.hoymercedes.com.ar\/principal\/wp-content\/uploads\/2019\/11\/cerveza-2019DSC04896-1024x683.jpg\" src=\"https:\/\/www.hoymercedes.com.ar\/principal\/wp-content\/uploads\/2019\/11\/cerveza-2019DSC04896-1024x683.jpg\" alt=\"\" class=\"wp-image-101994\" width=\"930\" height=\"620\" srcset=\"https:\/\/www.hoymercedes.com.ar\/principal\/wp-content\/uploads\/2019\/11\/cerveza-2019DSC04896-1024x683.jpg 1024w, https:\/\/www.hoymercedes.com.ar\/principal\/wp-content\/uploads\/2019\/11\/cerveza-2019DSC04896-150x100.jpg 150w, https:\/\/www.hoymercedes.com.ar\/principal\/wp-content\/uploads\/2019\/11\/cerveza-2019DSC04896-630x420.jpg 630w, https:\/\/www.hoymercedes.com.ar\/principal\/wp-content\/uploads\/2019\/11\/cerveza-2019DSC04896.jpg 1200w\" sizes=\"auto, (max-width: 930px) 100vw, 930px\" \/><figcaption>Productores sobre el escenario<br><\/figcaption><\/figure>\n\n\n\n<p>Con la votaci\u00f3n de los asistentes, Francisco Scheitler se consagr\u00f3 cervecero del a\u00f1o mientras que Brimania como home brow del a\u00f1o. Los productores se enteraron sobre el escenario, donde festejaron y agradecieron.<\/p>\n\n\n\n<figure class=\"wp-block-image\"><img loading=\"lazy\" decoding=\"async\" width=\"1024\" height=\"716\" data-attachment-id=\"101995\" data-permalink=\"https:\/\/www.hoymercedes.com.ar\/principal\/2019\/11\/04\/scheitler-y-birmania-fueron-los-productores-de-cerveza-del-ano\/dsc_0086-2\/#main\" data-orig-file=\"https:\/\/www.hoymercedes.com.ar\/principal\/wp-content\/uploads\/2019\/11\/DSC_0086.jpg\" data-orig-size=\"1315,920\" data-comments-opened=\"0\" data-image-meta=\"{&quot;aperture&quot;:&quot;0&quot;,&quot;credit&quot;:&quot;&quot;,&quot;camera&quot;:&quot;&quot;,&quot;caption&quot;:&quot;&quot;,&quot;created_timestamp&quot;:&quot;0&quot;,&quot;copyright&quot;:&quot;&quot;,&quot;focal_length&quot;:&quot;0&quot;,&quot;iso&quot;:&quot;0&quot;,&quot;shutter_speed&quot;:&quot;0&quot;,&quot;title&quot;:&quot;&quot;,&quot;orientation&quot;:&quot;0&quot;}\" data-image-title=\"DSC_0086\" data-image-description=\"\" data-image-caption=\"\" data-large-file=\"https:\/\/www.hoymercedes.com.ar\/principal\/wp-content\/uploads\/2019\/11\/DSC_0086-1024x716.jpg\" src=\"https:\/\/www.hoymercedes.com.ar\/principal\/wp-content\/uploads\/2019\/11\/DSC_0086-1024x716.jpg\" alt=\"\" class=\"wp-image-101995\" srcset=\"https:\/\/www.hoymercedes.com.ar\/principal\/wp-content\/uploads\/2019\/11\/DSC_0086-1024x716.jpg 1024w, https:\/\/www.hoymercedes.com.ar\/principal\/wp-content\/uploads\/2019\/11\/DSC_0086-150x105.jpg 150w, https:\/\/www.hoymercedes.com.ar\/principal\/wp-content\/uploads\/2019\/11\/DSC_0086-630x441.jpg 630w, https:\/\/www.hoymercedes.com.ar\/principal\/wp-content\/uploads\/2019\/11\/DSC_0086-120x85.jpg 120w, https:\/\/www.hoymercedes.com.ar\/principal\/wp-content\/uploads\/2019\/11\/DSC_0086.jpg 1315w\" sizes=\"auto, (max-width: 1024px) 100vw, 1024px\" \/><figcaption>Francisco Scheitler recibe el premio a manos del intendente Ustarroz<\/figcaption><\/figure>\n\n\n\n<p>Sobre el escenario, Francisco Scheittler, quien adem\u00e1s fue el ganador del a\u00f1o pasado, sostuvo que \u201cotro a\u00f1o y otra gran emoci\u00f3n, este es el segundo premio en el segundo festival, se\u00f1al de que estamos haciendo una buena cerveza\u201d y destac\u00f3 \u201cquiero agradecer a todos\u201d y mencion\u00f3 que \u201cdesde ac\u00e1 se puede observar mejor la gran cantidad de gente que vino, se\u00f1al de que esta fiesta va a seguir creciendo, como seguramente lo seguir\u00e1 haciendo la industria cervecera de nuestra ciudad\u201d.\u00a0 <\/p>\n\n\n\n<figure class=\"wp-block-image\"><img loading=\"lazy\" decoding=\"async\" width=\"1024\" height=\"717\" data-attachment-id=\"101996\" data-permalink=\"https:\/\/www.hoymercedes.com.ar\/principal\/2019\/11\/04\/scheitler-y-birmania-fueron-los-productores-de-cerveza-del-ano\/dsc_0063-3\/#main\" data-orig-file=\"https:\/\/www.hoymercedes.com.ar\/principal\/wp-content\/uploads\/2019\/11\/DSC_0063.jpg\" data-orig-size=\"1384,969\" data-comments-opened=\"0\" data-image-meta=\"{&quot;aperture&quot;:&quot;0&quot;,&quot;credit&quot;:&quot;&quot;,&quot;camera&quot;:&quot;&quot;,&quot;caption&quot;:&quot;&quot;,&quot;created_timestamp&quot;:&quot;0&quot;,&quot;copyright&quot;:&quot;&quot;,&quot;focal_length&quot;:&quot;0&quot;,&quot;iso&quot;:&quot;0&quot;,&quot;shutter_speed&quot;:&quot;0&quot;,&quot;title&quot;:&quot;&quot;,&quot;orientation&quot;:&quot;0&quot;}\" data-image-title=\"DSC_0063\" data-image-description=\"\" data-image-caption=\"\" data-large-file=\"https:\/\/www.hoymercedes.com.ar\/principal\/wp-content\/uploads\/2019\/11\/DSC_0063-1024x717.jpg\" src=\"https:\/\/www.hoymercedes.com.ar\/principal\/wp-content\/uploads\/2019\/11\/DSC_0063-1024x717.jpg\" alt=\"\" class=\"wp-image-101996\" srcset=\"https:\/\/www.hoymercedes.com.ar\/principal\/wp-content\/uploads\/2019\/11\/DSC_0063-1024x717.jpg 1024w, https:\/\/www.hoymercedes.com.ar\/principal\/wp-content\/uploads\/2019\/11\/DSC_0063-150x105.jpg 150w, https:\/\/www.hoymercedes.com.ar\/principal\/wp-content\/uploads\/2019\/11\/DSC_0063-630x441.jpg 630w, https:\/\/www.hoymercedes.com.ar\/principal\/wp-content\/uploads\/2019\/11\/DSC_0063-120x85.jpg 120w, https:\/\/www.hoymercedes.com.ar\/principal\/wp-content\/uploads\/2019\/11\/DSC_0063.jpg 1384w\" sizes=\"auto, (max-width: 1024px) 100vw, 1024px\" \/><figcaption>Fernando Bustos recibe el premio a manos de Luc\u00eda Capaccio<\/figcaption><\/figure>\n\n\n\n<p>A su vez, en la categor\u00eda home\nbrew, quien fue elegida \u201cBirmania\u201d. Fernando Bustos al recibir la menci\u00f3n expres\u00f3\n\u201cgracias a todos por el voto, me alegra que hayan consumido la cerveza y les\nhaya gustado\u201d y agreg\u00f3 \u201cquiero destacar el trabajo de todos y el del Municipio\nporque es excelente\u201d para sostener que \u201cen estas fiestas no s\u00f3lo trabajamos los\ncerveceros sino que trabajamos todos, as\u00ed que est\u00e1 buen\u00edsimo esto, muchas\ngracias\u201d.&nbsp; <\/p>\n","protected":false},"excerpt":{"rendered":"<p>Con la votaci\u00f3n de los asistentes, Francisco Scheitler se consagr\u00f3 cervecero del a\u00f1o mientras que Brimania como home brow del &#8230; <a title=\"Scheitler y Birmania fueron los productores de cerveza del a\u00f1o\" class=\"read-more\" href=\"https:\/\/www.hoymercedes.com.ar\/principal\/2019\/11\/04\/scheitler-y-birmania-fueron-los-productores-de-cerveza-del-ano\/\" aria-label=\"Leer m\u00e1s sobre Scheitler y Birmania fueron los productores de cerveza del a\u00f1o\">Leer m\u00e1s<\/a><\/p>\n","protected":false},"author":1,"featured_media":101994,"comment_status":"closed","ping_status":"open","sticky":false,"template":"","format":"standard","meta":{"_monsterinsights_skip_tracking":false,"_monsterinsights_sitenote_active":false,"_monsterinsights_sitenote_note":"","_monsterinsights_sitenote_category":0,"jetpack_post_was_ever_published":false,"_jetpack_newsletter_access":"","_jetpack_dont_email_post_to_subs":false,"_jetpack_newsletter_tier_id":0,"_jetpack_memberships_contains_paywalled_content":false,"_jetpack_memberships_contains_paid_content":false,"footnotes":"","jetpack_publicize_message":"","jetpack_publicize_feature_enabled":true,"jetpack_social_post_already_shared":true,"jetpack_social_options":{"image_generator_settings":{"template":"highway","default_image_id":0,"font":"","enabled":false},"version":2},"_wpas_customize_per_network":false},"categories":[30],"tags":[15876,15875],"class_list":["post-101993","post","type-post","status-publish","format-standard","has-post-thumbnail","hentry","category-municipio","tag-festival-de-cerveros-mercedinos","tag-francisco-scheitler","generate-columns","tablet-grid-50","mobile-grid-100","grid-parent","grid-50"],"jetpack_publicize_connections":[],"jetpack_featured_media_url":"https:\/\/www.hoymercedes.com.ar\/principal\/wp-content\/uploads\/2019\/11\/cerveza-2019DSC04896.jpg","wps_subtitle":"","jetpack_sharing_enabled":true,"_links":{"self":[{"href":"https:\/\/www.hoymercedes.com.ar\/principal\/wp-json\/wp\/v2\/posts\/101993","targetHints":{"allow":["GET"]}}],"collection":[{"href":"https:\/\/www.hoymercedes.com.ar\/principal\/wp-json\/wp\/v2\/posts"}],"about":[{"href":"https:\/\/www.hoymercedes.com.ar\/principal\/wp-json\/wp\/v2\/types\/post"}],"author":[{"embeddable":true,"href":"https:\/\/www.hoymercedes.com.ar\/principal\/wp-json\/wp\/v2\/users\/1"}],"replies":[{"embeddable":true,"href":"https:\/\/www.hoymercedes.com.ar\/principal\/wp-json\/wp\/v2\/comments?post=101993"}],"version-history":[{"count":0,"href":"https:\/\/www.hoymercedes.com.ar\/principal\/wp-json\/wp\/v2\/posts\/101993\/revisions"}],"wp:featuredmedia":[{"embeddable":true,"href":"https:\/\/www.hoymercedes.com.ar\/principal\/wp-json\/wp\/v2\/media\/101994"}],"wp:attachment":[{"href":"https:\/\/www.hoymercedes.com.ar\/principal\/wp-json\/wp\/v2\/media?parent=101993"}],"wp:term":[{"taxonomy":"category","embeddable":true,"href":"https:\/\/www.hoymercedes.com.ar\/principal\/wp-json\/wp\/v2\/categories?post=101993"},{"taxonomy":"post_tag","embeddable":true,"href":"https:\/\/www.hoymercedes.com.ar\/principal\/wp-json\/wp\/v2\/tags?post=101993"}],"curies":[{"name":"wp","href":"https:\/\/api.w.org\/{rel}","templated":true}]}}