{"id":102018,"date":"2019-11-05T08:00:45","date_gmt":"2019-11-05T11:00:45","guid":{"rendered":"http:\/\/www.hoymercedes.com.ar\/principal\/?p=102018"},"modified":"2019-11-05T00:32:19","modified_gmt":"2019-11-05T03:32:19","slug":"lalcec-realiza-mamografias-en-mercedes","status":"publish","type":"post","link":"https:\/\/www.hoymercedes.com.ar\/principal\/2019\/11\/05\/lalcec-realiza-mamografias-en-mercedes\/","title":{"rendered":"LALCEC realiza mamograf\u00edas en Mercedes"},"content":{"rendered":"\n<p>na\n vez m\u00e1s se encuentra en nuestra ciudad el mam\u00f3grafo de Avon- LALCEC \n\u2013calle 24, 27 y 29- en el marco de La Campa\u00f1a de Prevenci\u00f3n del C\u00e1ncer \nde Mama. De esta manera continua el trabajo en conjunto de La Liga \nArgentina de Lucha contra el C\u00e1ncer (LALCEC) y\nel Municipio de Mercedes. Desde este lunes 4 hasta el jueves 7 de \nnoviembre se estar\u00e1n realizando de manera gratuita los estudios \ncorrespondientes a la detecci\u00f3n de esta enfermedad. El Dr. Juan Ignacio \nUstarroz, junto al secretario de Salud, Pablo Cassiani,\nrecibi\u00f3 al mam\u00f3grafo m\u00f3vil de AVON-LALCEC.<\/p>\n\n\n\n<figure class=\"wp-block-image\"><img loading=\"lazy\" decoding=\"async\" width=\"948\" height=\"632\" data-attachment-id=\"102019\" data-permalink=\"https:\/\/www.hoymercedes.com.ar\/principal\/2019\/11\/05\/lalcec-realiza-mamografias-en-mercedes\/dsc_0038-2\/#main\" data-orig-file=\"https:\/\/www.hoymercedes.com.ar\/principal\/wp-content\/uploads\/2019\/11\/DSC_0038.jpg\" data-orig-size=\"948,632\" data-comments-opened=\"0\" data-image-meta=\"{&quot;aperture&quot;:&quot;0&quot;,&quot;credit&quot;:&quot;&quot;,&quot;camera&quot;:&quot;&quot;,&quot;caption&quot;:&quot;&quot;,&quot;created_timestamp&quot;:&quot;0&quot;,&quot;copyright&quot;:&quot;&quot;,&quot;focal_length&quot;:&quot;0&quot;,&quot;iso&quot;:&quot;0&quot;,&quot;shutter_speed&quot;:&quot;0&quot;,&quot;title&quot;:&quot;&quot;,&quot;orientation&quot;:&quot;0&quot;}\" data-image-title=\"DSC_0038\" data-image-description=\"\" data-image-caption=\"\" data-large-file=\"https:\/\/www.hoymercedes.com.ar\/principal\/wp-content\/uploads\/2019\/11\/DSC_0038.jpg\" src=\"https:\/\/www.hoymercedes.com.ar\/principal\/wp-content\/uploads\/2019\/11\/DSC_0038.jpg\" alt=\"\" class=\"wp-image-102019\" srcset=\"https:\/\/www.hoymercedes.com.ar\/principal\/wp-content\/uploads\/2019\/11\/DSC_0038.jpg 948w, https:\/\/www.hoymercedes.com.ar\/principal\/wp-content\/uploads\/2019\/11\/DSC_0038-150x100.jpg 150w, https:\/\/www.hoymercedes.com.ar\/principal\/wp-content\/uploads\/2019\/11\/DSC_0038-630x420.jpg 630w\" sizes=\"auto, (max-width: 948px) 100vw, 948px\" \/><figcaption>LALCEC &#8211; Mercedes <\/figcaption><\/figure>\n\n\n\n<p>\nEn primer lugar el intendente Ustarroz felicit\u00f3 el gran trabajo que se \nviene efectuando desde el LALCEC y se\u00f1al\u00f3 \u201ceste es el segundo a\u00f1o \nconsecutivo que esta aparatolog\u00eda viene a la ciudad y esto me animo a \ndecir es por el compromiso, el amor y el gran trabajo\nque se realiza promoviendo la salud en nuestra ciudad\u201d.<\/p>\n\n\n\n<p>\nEn este sentido, el Dr. Ustarroz manifest\u00f3 \u201cac\u00e1 es central la \ninformaci\u00f3n y que las mujeres se enteren y que vengan, donde ser\u00e1n \nrecibidas por un gran equipo t\u00e9cnico y m\u00e9dico que las tratar\u00e1n muy bien\u201d\n y subray\u00f3 \u201cmuy contento de contar con este grupo humano\nque trabaja desinteresadamente tanto por el pr\u00f3jimo, que hace y aporta \n\u2013en este caso- algo concreto a la salud de los mercedinos\u201d. &nbsp;&nbsp;&nbsp;&nbsp;<\/p>\n\n\n\n<p>\nEs preciso se\u00f1alar que una de cada ocho mujeres padece c\u00e1ncer de mama \ninvasivo durante el transcurso de su vida y el 95% de los c\u00e1nceres de \nmama son curables si se detectan a tiempo.<\/p>\n\n\n\n<p>\nPor su parte, Pablo Cassiani indic\u00f3 \u201cqu\u00e9 lindo es trabajar en comunidad,\n teniendo como en este caso al LALCEC que es una asociaci\u00f3n tan activa y\n que todos los a\u00f1os a trav\u00e9s de Fundaci\u00f3n Avon acercan el cami\u00f3n para \nrealizar mamograf\u00edas, que es un estudio tan\nimportante para detectar una de las enfermedades m\u00e1s frecuentes en la \nmujer como lo es el c\u00e1ncer de mam\u00e1\u201d. <\/p>\n\n\n\n<p>\nLa Presidenta del LALCEC Elida Coz, destac\u00f3 \u201cnos sentimos muy contentos \nque el mam\u00f3grafo se encuentre en Mercedes ya que no es habitual que vaya\n dos a\u00f1os seguidos a una misma ciudad\u201d y afirm\u00f3 \u201ceste es un estudio muy \nnecesario para las mujeres, as\u00ed que las invitamos\na que vengan\u201d.<\/p>\n\n\n\n<p>\nEl cami\u00f3n donde se realizan los estudios est\u00e1 emplazado en calle 24, \nentre 27 y 29 y el horario de atenci\u00f3n es de 08:00 a 17.30 desde este \nlunes hasta el jueves 7 de noviembre. &nbsp;&nbsp;<\/p>\n","protected":false},"excerpt":{"rendered":"<p>na vez m\u00e1s se encuentra en nuestra ciudad el mam\u00f3grafo de Avon- LALCEC \u2013calle 24, 27 y 29- en el &#8230; <a title=\"LALCEC realiza mamograf\u00edas en Mercedes\" class=\"read-more\" href=\"https:\/\/www.hoymercedes.com.ar\/principal\/2019\/11\/05\/lalcec-realiza-mamografias-en-mercedes\/\" aria-label=\"Leer m\u00e1s sobre LALCEC realiza mamograf\u00edas en Mercedes\">Leer m\u00e1s<\/a><\/p>\n","protected":false},"author":1,"featured_media":102019,"comment_status":"closed","ping_status":"open","sticky":false,"template":"","format":"standard","meta":{"_monsterinsights_skip_tracking":false,"_monsterinsights_sitenote_active":false,"_monsterinsights_sitenote_note":"","_monsterinsights_sitenote_category":0,"jetpack_post_was_ever_published":false,"_jetpack_newsletter_access":"","_jetpack_dont_email_post_to_subs":false,"_jetpack_newsletter_tier_id":0,"_jetpack_memberships_contains_paywalled_content":false,"_jetpack_memberships_contains_paid_content":false,"footnotes":"","jetpack_publicize_message":"","jetpack_publicize_feature_enabled":true,"jetpack_social_post_already_shared":true,"jetpack_social_options":{"image_generator_settings":{"template":"highway","default_image_id":0,"font":"","enabled":false},"version":2},"_wpas_customize_per_network":false},"categories":[8],"tags":[108],"class_list":["post-102018","post","type-post","status-publish","format-standard","has-post-thumbnail","hentry","category-sociedad","tag-lalcec","generate-columns","tablet-grid-50","mobile-grid-100","grid-parent","grid-50"],"jetpack_publicize_connections":[],"jetpack_featured_media_url":"https:\/\/www.hoymercedes.com.ar\/principal\/wp-content\/uploads\/2019\/11\/DSC_0038.jpg","wps_subtitle":"Cuidado de la salud ","jetpack_sharing_enabled":true,"_links":{"self":[{"href":"https:\/\/www.hoymercedes.com.ar\/principal\/wp-json\/wp\/v2\/posts\/102018","targetHints":{"allow":["GET"]}}],"collection":[{"href":"https:\/\/www.hoymercedes.com.ar\/principal\/wp-json\/wp\/v2\/posts"}],"about":[{"href":"https:\/\/www.hoymercedes.com.ar\/principal\/wp-json\/wp\/v2\/types\/post"}],"author":[{"embeddable":true,"href":"https:\/\/www.hoymercedes.com.ar\/principal\/wp-json\/wp\/v2\/users\/1"}],"replies":[{"embeddable":true,"href":"https:\/\/www.hoymercedes.com.ar\/principal\/wp-json\/wp\/v2\/comments?post=102018"}],"version-history":[{"count":0,"href":"https:\/\/www.hoymercedes.com.ar\/principal\/wp-json\/wp\/v2\/posts\/102018\/revisions"}],"wp:featuredmedia":[{"embeddable":true,"href":"https:\/\/www.hoymercedes.com.ar\/principal\/wp-json\/wp\/v2\/media\/102019"}],"wp:attachment":[{"href":"https:\/\/www.hoymercedes.com.ar\/principal\/wp-json\/wp\/v2\/media?parent=102018"}],"wp:term":[{"taxonomy":"category","embeddable":true,"href":"https:\/\/www.hoymercedes.com.ar\/principal\/wp-json\/wp\/v2\/categories?post=102018"},{"taxonomy":"post_tag","embeddable":true,"href":"https:\/\/www.hoymercedes.com.ar\/principal\/wp-json\/wp\/v2\/tags?post=102018"}],"curies":[{"name":"wp","href":"https:\/\/api.w.org\/{rel}","templated":true}]}}