{"id":102027,"date":"2019-11-05T12:00:39","date_gmt":"2019-11-05T15:00:39","guid":{"rendered":"http:\/\/www.hoymercedes.com.ar\/principal\/?p=102027"},"modified":"2019-11-05T01:03:33","modified_gmt":"2019-11-05T04:03:33","slug":"jornada-solidaria-de-elaboracion-de-dulces-de-chicos-de-san-antonio-y-el-cept-n-4","status":"publish","type":"post","link":"https:\/\/www.hoymercedes.com.ar\/principal\/2019\/11\/05\/jornada-solidaria-de-elaboracion-de-dulces-de-chicos-de-san-antonio-y-el-cept-n-4\/","title":{"rendered":"Jornada solidaria de elaboraci\u00f3n de dulces de chicos de San Antonio y el CEPT N\u00b0 4"},"content":{"rendered":"\n<p>Este  lunes por la ma\u00f1ana se llev\u00f3 adelante en la sede del Centro Educativo  para la Producci\u00f3n Total N\u00b0 4 una jornada solidaria en conjunto con los  alumnos del Colegio San Antonio.<\/p>\n\n\n\n<figure class=\"wp-block-image\"><img loading=\"lazy\" decoding=\"async\" width=\"1024\" height=\"768\" data-attachment-id=\"102028\" data-permalink=\"https:\/\/www.hoymercedes.com.ar\/principal\/2019\/11\/05\/jornada-solidaria-de-elaboracion-de-dulces-de-chicos-de-san-antonio-y-el-cept-n-4\/img-20191104-wa0015\/#main\" data-orig-file=\"https:\/\/www.hoymercedes.com.ar\/principal\/wp-content\/uploads\/2019\/11\/IMG-20191104-WA0015.jpg\" data-orig-size=\"1032,774\" data-comments-opened=\"0\" data-image-meta=\"{&quot;aperture&quot;:&quot;0&quot;,&quot;credit&quot;:&quot;&quot;,&quot;camera&quot;:&quot;&quot;,&quot;caption&quot;:&quot;&quot;,&quot;created_timestamp&quot;:&quot;0&quot;,&quot;copyright&quot;:&quot;&quot;,&quot;focal_length&quot;:&quot;0&quot;,&quot;iso&quot;:&quot;0&quot;,&quot;shutter_speed&quot;:&quot;0&quot;,&quot;title&quot;:&quot;&quot;,&quot;orientation&quot;:&quot;0&quot;}\" data-image-title=\"IMG-20191104-WA0015\" data-image-description=\"\" data-image-caption=\"\" data-large-file=\"https:\/\/www.hoymercedes.com.ar\/principal\/wp-content\/uploads\/2019\/11\/IMG-20191104-WA0015-1024x768.jpg\" src=\"https:\/\/www.hoymercedes.com.ar\/principal\/wp-content\/uploads\/2019\/11\/IMG-20191104-WA0015-1024x768.jpg\" alt=\"\" class=\"wp-image-102028\" srcset=\"https:\/\/www.hoymercedes.com.ar\/principal\/wp-content\/uploads\/2019\/11\/IMG-20191104-WA0015-1024x768.jpg 1024w, https:\/\/www.hoymercedes.com.ar\/principal\/wp-content\/uploads\/2019\/11\/IMG-20191104-WA0015-150x113.jpg 150w, https:\/\/www.hoymercedes.com.ar\/principal\/wp-content\/uploads\/2019\/11\/IMG-20191104-WA0015-630x473.jpg 630w, https:\/\/www.hoymercedes.com.ar\/principal\/wp-content\/uploads\/2019\/11\/IMG-20191104-WA0015.jpg 1032w\" sizes=\"auto, (max-width: 1024px) 100vw, 1024px\" \/><figcaption>CEPT 4 y Colegio San Antonio solidarios<\/figcaption><\/figure>\n\n\n\n<p>\nLos\n alumnos de 5\u00b0 a\u00f1o A del Colegio San Antonio se unieron a los chicos del\n 6\u00b0 a\u00f1o del CEPT N\u00b0 4 para elaborar dulces con un destino solidario: el \n\u201cComedor de Paulina\u201d en el barrio Muttis\n de la ciudad de Mercedes.<\/p>\n\n\n\n<p>\nEl\n lunes por la ma\u00f1ana los chicos de San Antonio desafiaron la lluvia \nintermitente y se llegaron hasta las instalaciones del CEPT 4, ubicado \nen el Cuartel XV a casi 10 kil\u00f3metros del centro\n de la ciudad. All\u00ed fueron recibidos por los directivos y por el \nprofesor Sergio Castarataro, coordinador del \u00c1rea de Promoci\u00f3n de la \nProducci\u00f3n Familiar y responsable de la Sala de Industrias del \nestablecimiento.<\/p>\n\n\n\n<p>\nLos alumnos de 5\u00b0 a\u00f1o de San Antonio fueron acompa\u00f1ados por la preceptora Lourdes y las profesoras Rosario Elizalde y&nbsp;\nMarcela Bordieu. Estos j\u00f3venes vienen realizando tareas \nsolidarias con el comedor de Paulina desde hace tiempo y en esta ocasi\u00f3n\n decidieron trabajar junto con el CEPT en la elaboraci\u00f3n de dulces.<\/p>\n\n\n\n<p>\n\u201cJunto\n a los alumnos de 6 a\u00f1o en el espacio curricular de Agroalimentos \nrealizamos la elaboraci\u00f3n de dulce mixto de manzana y naranja. \nTrabajamos en todo el proceso que va desde el pelado\n de la fruta hasta la elaboraci\u00f3n final. Todo se realiz\u00f3 en un gran \nclima de camarader\u00eda y fue muy interesante por el intercambio que se dio\n con nuestros alumnos\u201d, cont\u00f3 Sergio Castarataro sobre esta jornada \nsolidaria del lunes por la ma\u00f1ana.<\/p>\n\n\n\n<p>\nEsta\n acci\u00f3n solidaria tiene como finalidad colaborar con el comedor de \npaulina ubicado en el barrio Muttis, que recibe entre 60 y 80 vecinos \ntodos los d\u00edas. El trabajo conjunto es parte\n de la solidaridad de los mercedinos tambi\u00e9n, ya que los chicos del \nColegio San Antonio consiguieron una donaci\u00f3n de az\u00facar y el CEPT N\u00b0 4 \nconsigui\u00f3 la donaci\u00f3n de las frutas.<\/p>\n\n\n\n<p>\n\u201cEn\n el trascurso de la semana, luego que termine con los frascos y su \nesterilizaci\u00f3n y etiquetamiento, la idea es acercarse con los chicos \npara entregarlos\u201d, finaliz\u00f3 diciendo Castarataro,\n quien dej\u00f3 agradecimientos tambi\u00e9n para Facciolo y a toda la gente que \ncolabor\u00f3 con las donaciones<\/p>\n\n\n\n<p>\n&nbsp;A eso hay que agregarle que los chicos de San Antonio estaban elaborando galletitas, que llegar\u00e1n tambi\u00e9n al comedor de Paulina.<\/p>\n","protected":false},"excerpt":{"rendered":"<p>Este lunes por la ma\u00f1ana se llev\u00f3 adelante en la sede del Centro Educativo para la Producci\u00f3n Total N\u00b0 4 &#8230; <a title=\"Jornada solidaria de elaboraci\u00f3n de dulces de chicos de San Antonio y el CEPT N\u00b0 4\" class=\"read-more\" href=\"https:\/\/www.hoymercedes.com.ar\/principal\/2019\/11\/05\/jornada-solidaria-de-elaboracion-de-dulces-de-chicos-de-san-antonio-y-el-cept-n-4\/\" aria-label=\"Leer m\u00e1s sobre Jornada solidaria de elaboraci\u00f3n de dulces de chicos de San Antonio y el CEPT N\u00b0 4\">Leer m\u00e1s<\/a><\/p>\n","protected":false},"author":1,"featured_media":102028,"comment_status":"closed","ping_status":"open","sticky":false,"template":"","format":"standard","meta":{"_monsterinsights_skip_tracking":false,"_monsterinsights_sitenote_active":false,"_monsterinsights_sitenote_note":"","_monsterinsights_sitenote_category":0,"jetpack_post_was_ever_published":false,"_jetpack_newsletter_access":"","_jetpack_dont_email_post_to_subs":false,"_jetpack_newsletter_tier_id":0,"_jetpack_memberships_contains_paywalled_content":false,"_jetpack_memberships_contains_paid_content":false,"footnotes":"","jetpack_publicize_message":"","jetpack_publicize_feature_enabled":true,"jetpack_social_post_already_shared":true,"jetpack_social_options":{"image_generator_settings":{"template":"highway","default_image_id":0,"font":"","enabled":false},"version":2},"_wpas_customize_per_network":false},"categories":[23],"tags":[15879],"class_list":["post-102027","post","type-post","status-publish","format-standard","has-post-thumbnail","hentry","category-educacion","tag-cept-4-y-colegio-san-antonio-solidarios","generate-columns","tablet-grid-50","mobile-grid-100","grid-parent","grid-50"],"jetpack_publicize_connections":[],"jetpack_featured_media_url":"https:\/\/www.hoymercedes.com.ar\/principal\/wp-content\/uploads\/2019\/11\/IMG-20191104-WA0015.jpg","wps_subtitle":"Solidaridad ","jetpack_sharing_enabled":true,"_links":{"self":[{"href":"https:\/\/www.hoymercedes.com.ar\/principal\/wp-json\/wp\/v2\/posts\/102027","targetHints":{"allow":["GET"]}}],"collection":[{"href":"https:\/\/www.hoymercedes.com.ar\/principal\/wp-json\/wp\/v2\/posts"}],"about":[{"href":"https:\/\/www.hoymercedes.com.ar\/principal\/wp-json\/wp\/v2\/types\/post"}],"author":[{"embeddable":true,"href":"https:\/\/www.hoymercedes.com.ar\/principal\/wp-json\/wp\/v2\/users\/1"}],"replies":[{"embeddable":true,"href":"https:\/\/www.hoymercedes.com.ar\/principal\/wp-json\/wp\/v2\/comments?post=102027"}],"version-history":[{"count":0,"href":"https:\/\/www.hoymercedes.com.ar\/principal\/wp-json\/wp\/v2\/posts\/102027\/revisions"}],"wp:featuredmedia":[{"embeddable":true,"href":"https:\/\/www.hoymercedes.com.ar\/principal\/wp-json\/wp\/v2\/media\/102028"}],"wp:attachment":[{"href":"https:\/\/www.hoymercedes.com.ar\/principal\/wp-json\/wp\/v2\/media?parent=102027"}],"wp:term":[{"taxonomy":"category","embeddable":true,"href":"https:\/\/www.hoymercedes.com.ar\/principal\/wp-json\/wp\/v2\/categories?post=102027"},{"taxonomy":"post_tag","embeddable":true,"href":"https:\/\/www.hoymercedes.com.ar\/principal\/wp-json\/wp\/v2\/tags?post=102027"}],"curies":[{"name":"wp","href":"https:\/\/api.w.org\/{rel}","templated":true}]}}