{"id":102049,"date":"2019-11-05T18:14:18","date_gmt":"2019-11-05T21:14:18","guid":{"rendered":"http:\/\/www.hoymercedes.com.ar\/principal\/?p=102049"},"modified":"2019-11-05T18:14:26","modified_gmt":"2019-11-05T21:14:26","slug":"municipio-inauguro-obras-de-ampliacion-y-jerarquizacion-del-caps-san-martin","status":"publish","type":"post","link":"https:\/\/www.hoymercedes.com.ar\/principal\/2019\/11\/05\/municipio-inauguro-obras-de-ampliacion-y-jerarquizacion-del-caps-san-martin\/","title":{"rendered":"Municipio inaugur\u00f3 obras de ampliaci\u00f3n y jerarquizaci\u00f3n del CAPS San Mart\u00edn"},"content":{"rendered":"\n<p>Las instalaciones del Centro de Atenci\u00f3n\nPrimaria de la Salud del barrio San Mart\u00edn, luego de las reformas generadas y\nsustentadas por el Municipio de Mercedes, sorprenden de grata manera a todos\nlos vecinos que de ahora en m\u00e1s contar\u00e1n con un espacio de salud de gran nivel\ncerca de sus casas. \u201cFelicitaciones a todos, esta es una obra que mejorar\u00e1 la\nsalud de esta gran barriada, donde desarrolla sus actividades un equipo\ninterdisciplinario muy completo, mismo que denota compromiso, amor y muchas\nganas al momento de trabajar\u201d afirm\u00f3 el intendente Juan Ignacio Ustarroz. <\/p>\n\n\n\n<figure class=\"wp-block-image\"><img loading=\"lazy\" decoding=\"async\" width=\"948\" height=\"632\" data-attachment-id=\"102050\" data-permalink=\"https:\/\/www.hoymercedes.com.ar\/principal\/2019\/11\/05\/municipio-inauguro-obras-de-ampliacion-y-jerarquizacion-del-caps-san-martin\/dsc05040\/#main\" data-orig-file=\"https:\/\/www.hoymercedes.com.ar\/principal\/wp-content\/uploads\/2019\/11\/DSC05040.jpg\" data-orig-size=\"948,632\" data-comments-opened=\"0\" data-image-meta=\"{&quot;aperture&quot;:&quot;0&quot;,&quot;credit&quot;:&quot;&quot;,&quot;camera&quot;:&quot;&quot;,&quot;caption&quot;:&quot;&quot;,&quot;created_timestamp&quot;:&quot;0&quot;,&quot;copyright&quot;:&quot;&quot;,&quot;focal_length&quot;:&quot;0&quot;,&quot;iso&quot;:&quot;0&quot;,&quot;shutter_speed&quot;:&quot;0&quot;,&quot;title&quot;:&quot;&quot;,&quot;orientation&quot;:&quot;0&quot;}\" data-image-title=\"DSC05040\" data-image-description=\"\" data-image-caption=\"\" data-large-file=\"https:\/\/www.hoymercedes.com.ar\/principal\/wp-content\/uploads\/2019\/11\/DSC05040.jpg\" src=\"https:\/\/www.hoymercedes.com.ar\/principal\/wp-content\/uploads\/2019\/11\/DSC05040.jpg\" alt=\"\" class=\"wp-image-102050\" srcset=\"https:\/\/www.hoymercedes.com.ar\/principal\/wp-content\/uploads\/2019\/11\/DSC05040.jpg 948w, https:\/\/www.hoymercedes.com.ar\/principal\/wp-content\/uploads\/2019\/11\/DSC05040-150x100.jpg 150w, https:\/\/www.hoymercedes.com.ar\/principal\/wp-content\/uploads\/2019\/11\/DSC05040-630x420.jpg 630w\" sizes=\"auto, (max-width: 948px) 100vw, 948px\" \/><figcaption>Inauguraci\u00f3n de obras <\/figcaption><\/figure>\n\n\n\n<p>Asimismo el Dr. Ustarroz\nmanifest\u00f3 \u201cuna ciudad que invierte en salud, es una ciudad que progresa y\navanza\u201d y destac\u00f3 \u201ces un Estado presente con profesionales y trabajadores que\nest\u00e1n en todos los detalles\u201d.<\/p>\n\n\n\n<p>Conjuntamente, el intendente\ndeclar\u00f3 \u201ces importante, adem\u00e1s de hacer, cuidar y poder unir cada vez m\u00e1s a\ntoda nuestra comunidad a trav\u00e9s de nuestros trabajadores municipales, las\nsociedades de fomento, las iglesias, el club, para poder avanzar y trabajar en\nel bienestar de todos\u201d y complet\u00f3 \u201ceso tiene que ver con la convivencia, la\nprevenci\u00f3n y el cuidado de la salud\u201d.<\/p>\n\n\n\n<figure class=\"wp-block-image\"><img loading=\"lazy\" decoding=\"async\" width=\"1024\" height=\"575\" data-attachment-id=\"102051\" data-permalink=\"https:\/\/www.hoymercedes.com.ar\/principal\/2019\/11\/05\/municipio-inauguro-obras-de-ampliacion-y-jerarquizacion-del-caps-san-martin\/c0007t01\/#main\" data-orig-file=\"https:\/\/www.hoymercedes.com.ar\/principal\/wp-content\/uploads\/2019\/11\/C0007T01.jpg\" data-orig-size=\"1123,631\" data-comments-opened=\"0\" data-image-meta=\"{&quot;aperture&quot;:&quot;0&quot;,&quot;credit&quot;:&quot;&quot;,&quot;camera&quot;:&quot;&quot;,&quot;caption&quot;:&quot;&quot;,&quot;created_timestamp&quot;:&quot;0&quot;,&quot;copyright&quot;:&quot;&quot;,&quot;focal_length&quot;:&quot;0&quot;,&quot;iso&quot;:&quot;0&quot;,&quot;shutter_speed&quot;:&quot;0&quot;,&quot;title&quot;:&quot;&quot;,&quot;orientation&quot;:&quot;0&quot;}\" data-image-title=\"C0007T01\" data-image-description=\"\" data-image-caption=\"\" data-large-file=\"https:\/\/www.hoymercedes.com.ar\/principal\/wp-content\/uploads\/2019\/11\/C0007T01-1024x575.jpg\" src=\"https:\/\/www.hoymercedes.com.ar\/principal\/wp-content\/uploads\/2019\/11\/C0007T01-1024x575.jpg\" alt=\"\" class=\"wp-image-102051\" srcset=\"https:\/\/www.hoymercedes.com.ar\/principal\/wp-content\/uploads\/2019\/11\/C0007T01-1024x575.jpg 1024w, https:\/\/www.hoymercedes.com.ar\/principal\/wp-content\/uploads\/2019\/11\/C0007T01-150x84.jpg 150w, https:\/\/www.hoymercedes.com.ar\/principal\/wp-content\/uploads\/2019\/11\/C0007T01-630x354.jpg 630w, https:\/\/www.hoymercedes.com.ar\/principal\/wp-content\/uploads\/2019\/11\/C0007T01.jpg 1123w\" sizes=\"auto, (max-width: 1024px) 100vw, 1024px\" \/><figcaption>Mejoras y embellecimiento<\/figcaption><\/figure>\n\n\n\n<p>Por otro lado, el intendente\nUstarroz dio a conocer una noticia \u201chemos sido reconocidos por llevar adelante el\nprograma Primeros Mil D\u00edas, este reconocimiento es elaborado por el Senado,\nministerios y universidades, mismo que nos tiene que servir para poder\nconvocarnos nuevamente y trabajar entre todos para poder hacer de nuestro lugar\nuna ciudad respetuosa y que promueva los derechos de toda la sociedad. Algo que\ncreo tambi\u00e9n hace a la salud y al bienestar de nuestra gente\u201d&nbsp; <\/p>\n\n\n\n<figure class=\"wp-block-image\"><img loading=\"lazy\" decoding=\"async\" width=\"1024\" height=\"576\" data-attachment-id=\"102052\" data-permalink=\"https:\/\/www.hoymercedes.com.ar\/principal\/2019\/11\/05\/municipio-inauguro-obras-de-ampliacion-y-jerarquizacion-del-caps-san-martin\/c0013t01\/#main\" data-orig-file=\"https:\/\/www.hoymercedes.com.ar\/principal\/wp-content\/uploads\/2019\/11\/C0013T01.jpg\" data-orig-size=\"1124,632\" data-comments-opened=\"0\" data-image-meta=\"{&quot;aperture&quot;:&quot;0&quot;,&quot;credit&quot;:&quot;&quot;,&quot;camera&quot;:&quot;&quot;,&quot;caption&quot;:&quot;&quot;,&quot;created_timestamp&quot;:&quot;0&quot;,&quot;copyright&quot;:&quot;&quot;,&quot;focal_length&quot;:&quot;0&quot;,&quot;iso&quot;:&quot;0&quot;,&quot;shutter_speed&quot;:&quot;0&quot;,&quot;title&quot;:&quot;&quot;,&quot;orientation&quot;:&quot;0&quot;}\" data-image-title=\"C0013T01\" data-image-description=\"\" data-image-caption=\"\" data-large-file=\"https:\/\/www.hoymercedes.com.ar\/principal\/wp-content\/uploads\/2019\/11\/C0013T01-1024x576.jpg\" src=\"https:\/\/www.hoymercedes.com.ar\/principal\/wp-content\/uploads\/2019\/11\/C0013T01-1024x576.jpg\" alt=\"\" class=\"wp-image-102052\" srcset=\"https:\/\/www.hoymercedes.com.ar\/principal\/wp-content\/uploads\/2019\/11\/C0013T01-1024x576.jpg 1024w, https:\/\/www.hoymercedes.com.ar\/principal\/wp-content\/uploads\/2019\/11\/C0013T01-150x84.jpg 150w, https:\/\/www.hoymercedes.com.ar\/principal\/wp-content\/uploads\/2019\/11\/C0013T01-630x354.jpg 630w, https:\/\/www.hoymercedes.com.ar\/principal\/wp-content\/uploads\/2019\/11\/C0013T01.jpg 1124w\" sizes=\"auto, (max-width: 1024px) 100vw, 1024px\" \/><figcaption>M\u00e1s espacios para atenciones <\/figcaption><\/figure>\n\n\n\n<p>Por su parte, el Secretario de\nSalud, Pablo Cassiani dijo estar \u201cmuy contento por un nuevo logro a nivel\nsalud,&nbsp; algo que en estos 4 a\u00f1os se nos\nhizo una costumbre, jerarquizar los Centros de Atenci\u00f3n Primaria de la Salud\u201d y\nagreg\u00f3 \u201ceste era un centro muy chiquito, que ten\u00eda una sala de espera que no\nentraban m\u00e1s de 4 personas y un \u00fanico consultorio que no permit\u00eda un trabajo\ninterdisciplinario. Hoy se cuantifica ese espacio, hay 4 consultorios, un ba\u00f1o\nnuevo adaptado para personas con discapacidad, una sala de espera amplia y\namigable para los m\u00e1s chiquitos, e incluso se cre\u00f3 un espacio para generar una\nhuerta\u201d. <\/p>\n\n\n\n<figure class=\"wp-block-image\"><img loading=\"lazy\" decoding=\"async\" width=\"948\" height=\"632\" data-attachment-id=\"102053\" data-permalink=\"https:\/\/www.hoymercedes.com.ar\/principal\/2019\/11\/05\/municipio-inauguro-obras-de-ampliacion-y-jerarquizacion-del-caps-san-martin\/dsc05014\/#main\" data-orig-file=\"https:\/\/www.hoymercedes.com.ar\/principal\/wp-content\/uploads\/2019\/11\/DSC05014.jpg\" data-orig-size=\"948,632\" data-comments-opened=\"0\" data-image-meta=\"{&quot;aperture&quot;:&quot;0&quot;,&quot;credit&quot;:&quot;&quot;,&quot;camera&quot;:&quot;&quot;,&quot;caption&quot;:&quot;&quot;,&quot;created_timestamp&quot;:&quot;0&quot;,&quot;copyright&quot;:&quot;&quot;,&quot;focal_length&quot;:&quot;0&quot;,&quot;iso&quot;:&quot;0&quot;,&quot;shutter_speed&quot;:&quot;0&quot;,&quot;title&quot;:&quot;&quot;,&quot;orientation&quot;:&quot;0&quot;}\" data-image-title=\"DSC05014\" data-image-description=\"\" data-image-caption=\"\" data-large-file=\"https:\/\/www.hoymercedes.com.ar\/principal\/wp-content\/uploads\/2019\/11\/DSC05014.jpg\" src=\"https:\/\/www.hoymercedes.com.ar\/principal\/wp-content\/uploads\/2019\/11\/DSC05014.jpg\" alt=\"\" class=\"wp-image-102053\" srcset=\"https:\/\/www.hoymercedes.com.ar\/principal\/wp-content\/uploads\/2019\/11\/DSC05014.jpg 948w, https:\/\/www.hoymercedes.com.ar\/principal\/wp-content\/uploads\/2019\/11\/DSC05014-150x100.jpg 150w, https:\/\/www.hoymercedes.com.ar\/principal\/wp-content\/uploads\/2019\/11\/DSC05014-630x420.jpg 630w\" sizes=\"auto, (max-width: 948px) 100vw, 948px\" \/><figcaption>Dra Pitaro <\/figcaption><\/figure>\n\n\n\n<p>A su vez, agradeci\u00f3 \u201cal\nintendente Ustarroz por toda la pasi\u00f3n, compromiso y el empuje que nos infringe\npara jerarquizar diariamente la salud, a la secretar\u00eda de obras p\u00fablicas, a\ntodo el equipo de arquitectos, al equipo de salud que aqu\u00ed se desempe\u00f1a y a&nbsp; todos los vecinos\u201d. <\/p>\n\n\n\n<figure class=\"wp-block-image\"><img loading=\"lazy\" decoding=\"async\" width=\"948\" height=\"632\" data-attachment-id=\"102054\" data-permalink=\"https:\/\/www.hoymercedes.com.ar\/principal\/2019\/11\/05\/municipio-inauguro-obras-de-ampliacion-y-jerarquizacion-del-caps-san-martin\/dsc05027\/#main\" data-orig-file=\"https:\/\/www.hoymercedes.com.ar\/principal\/wp-content\/uploads\/2019\/11\/DSC05027.jpg\" data-orig-size=\"948,632\" data-comments-opened=\"0\" data-image-meta=\"{&quot;aperture&quot;:&quot;0&quot;,&quot;credit&quot;:&quot;&quot;,&quot;camera&quot;:&quot;&quot;,&quot;caption&quot;:&quot;&quot;,&quot;created_timestamp&quot;:&quot;0&quot;,&quot;copyright&quot;:&quot;&quot;,&quot;focal_length&quot;:&quot;0&quot;,&quot;iso&quot;:&quot;0&quot;,&quot;shutter_speed&quot;:&quot;0&quot;,&quot;title&quot;:&quot;&quot;,&quot;orientation&quot;:&quot;0&quot;}\" data-image-title=\"DSC05027\" data-image-description=\"\" data-image-caption=\"\" data-large-file=\"https:\/\/www.hoymercedes.com.ar\/principal\/wp-content\/uploads\/2019\/11\/DSC05027.jpg\" src=\"https:\/\/www.hoymercedes.com.ar\/principal\/wp-content\/uploads\/2019\/11\/DSC05027.jpg\" alt=\"\" class=\"wp-image-102054\" srcset=\"https:\/\/www.hoymercedes.com.ar\/principal\/wp-content\/uploads\/2019\/11\/DSC05027.jpg 948w, https:\/\/www.hoymercedes.com.ar\/principal\/wp-content\/uploads\/2019\/11\/DSC05027-150x100.jpg 150w, https:\/\/www.hoymercedes.com.ar\/principal\/wp-content\/uploads\/2019\/11\/DSC05027-630x420.jpg 630w\" sizes=\"auto, (max-width: 948px) 100vw, 948px\" \/><figcaption>Intendente Ustarroz<\/figcaption><\/figure>\n\n\n\n<p>Adem\u00e1s, tom\u00f3 la palabra una de\nlas profesionales que desarrolla sus actividades en este CAPS, la Dra. Ana\nP\u00edtaro qui\u00e9n se\u00f1al\u00f3 \u201cquiero agradecer por todo el trabajo que se ha hecho en\neste lugar, porque verdaderamente era un espacio muy chiquito, antes toda esta\nzona se inundaba y era una desolaci\u00f3n. Hoy ver que esto no es una declaraci\u00f3n\nde campa\u00f1a sino una realidad me reconforta y enorgullece como mercedina\u201d. <\/p>\n\n\n\n<p>Nancy, una vecina del barrio\nexpres\u00f3 \u201cestamos felices y agradecidos por esta ampliaci\u00f3n, lo pude mirar y me\nqued\u00e9 maravillada con lo que se ha hecho\u201d y extendi\u00f3 su reconocimiento \u201cal\nse\u00f1or intendente Ustarroz por los arreglos, las plazas, las calles que nos\nbenefician a todos los vecinos\u201d. &nbsp;<\/p>\n","protected":false},"excerpt":{"rendered":"<p>Las instalaciones del Centro de Atenci\u00f3n Primaria de la Salud del barrio San Mart\u00edn, luego de las reformas generadas y &#8230; <a title=\"Municipio inaugur\u00f3 obras de ampliaci\u00f3n y jerarquizaci\u00f3n del CAPS San Mart\u00edn\" class=\"read-more\" href=\"https:\/\/www.hoymercedes.com.ar\/principal\/2019\/11\/05\/municipio-inauguro-obras-de-ampliacion-y-jerarquizacion-del-caps-san-martin\/\" aria-label=\"Leer m\u00e1s sobre Municipio inaugur\u00f3 obras de ampliaci\u00f3n y jerarquizaci\u00f3n del CAPS San Mart\u00edn\">Leer m\u00e1s<\/a><\/p>\n","protected":false},"author":1,"featured_media":102050,"comment_status":"closed","ping_status":"open","sticky":false,"template":"","format":"standard","meta":{"_monsterinsights_skip_tracking":false,"_monsterinsights_sitenote_active":false,"_monsterinsights_sitenote_note":"","_monsterinsights_sitenote_category":0,"jetpack_post_was_ever_published":false,"_jetpack_newsletter_access":"","_jetpack_dont_email_post_to_subs":false,"_jetpack_newsletter_tier_id":0,"_jetpack_memberships_contains_paywalled_content":false,"_jetpack_memberships_contains_paid_content":false,"footnotes":"","jetpack_publicize_message":"","jetpack_publicize_feature_enabled":true,"jetpack_social_post_already_shared":true,"jetpack_social_options":{"image_generator_settings":{"template":"highway","default_image_id":0,"font":"","enabled":false},"version":2},"_wpas_customize_per_network":false},"categories":[30],"tags":[15881,14924,15882],"class_list":["post-102049","post","type-post","status-publish","format-standard","has-post-thumbnail","hentry","category-municipio","tag-caps-san-martin","tag-casciani","tag-dra-pitaro","generate-columns","tablet-grid-50","mobile-grid-100","grid-parent","grid-50"],"jetpack_publicize_connections":[],"jetpack_featured_media_url":"https:\/\/www.hoymercedes.com.ar\/principal\/wp-content\/uploads\/2019\/11\/DSC05040.jpg","wps_subtitle":"Obras y Salud","jetpack_sharing_enabled":true,"_links":{"self":[{"href":"https:\/\/www.hoymercedes.com.ar\/principal\/wp-json\/wp\/v2\/posts\/102049","targetHints":{"allow":["GET"]}}],"collection":[{"href":"https:\/\/www.hoymercedes.com.ar\/principal\/wp-json\/wp\/v2\/posts"}],"about":[{"href":"https:\/\/www.hoymercedes.com.ar\/principal\/wp-json\/wp\/v2\/types\/post"}],"author":[{"embeddable":true,"href":"https:\/\/www.hoymercedes.com.ar\/principal\/wp-json\/wp\/v2\/users\/1"}],"replies":[{"embeddable":true,"href":"https:\/\/www.hoymercedes.com.ar\/principal\/wp-json\/wp\/v2\/comments?post=102049"}],"version-history":[{"count":0,"href":"https:\/\/www.hoymercedes.com.ar\/principal\/wp-json\/wp\/v2\/posts\/102049\/revisions"}],"wp:featuredmedia":[{"embeddable":true,"href":"https:\/\/www.hoymercedes.com.ar\/principal\/wp-json\/wp\/v2\/media\/102050"}],"wp:attachment":[{"href":"https:\/\/www.hoymercedes.com.ar\/principal\/wp-json\/wp\/v2\/media?parent=102049"}],"wp:term":[{"taxonomy":"category","embeddable":true,"href":"https:\/\/www.hoymercedes.com.ar\/principal\/wp-json\/wp\/v2\/categories?post=102049"},{"taxonomy":"post_tag","embeddable":true,"href":"https:\/\/www.hoymercedes.com.ar\/principal\/wp-json\/wp\/v2\/tags?post=102049"}],"curies":[{"name":"wp","href":"https:\/\/api.w.org\/{rel}","templated":true}]}}