{"id":102066,"date":"2019-11-06T08:40:17","date_gmt":"2019-11-06T11:40:17","guid":{"rendered":"http:\/\/www.hoymercedes.com.ar\/principal\/?p=102066"},"modified":"2019-11-11T09:40:31","modified_gmt":"2019-11-11T12:40:31","slug":"cambiemos-buscaria-conservar-la-presidencia-en-el-concejo-deliberante","status":"publish","type":"post","link":"https:\/\/www.hoymercedes.com.ar\/principal\/2019\/11\/06\/cambiemos-buscaria-conservar-la-presidencia-en-el-concejo-deliberante\/","title":{"rendered":"Cambiemos buscar\u00eda conservar la  presidencia en el Concejo Deliberante"},"content":{"rendered":"\n<figure class=\"wp-block-image\"><img loading=\"lazy\" decoding=\"async\" width=\"800\" height=\"578\" data-attachment-id=\"102067\" data-permalink=\"https:\/\/www.hoymercedes.com.ar\/principal\/2019\/11\/06\/cambiemos-buscaria-conservar-la-presidencia-en-el-concejo-deliberante\/killmeatte\/#main\" data-orig-file=\"https:\/\/www.hoymercedes.com.ar\/principal\/wp-content\/uploads\/2019\/11\/Killmeatte.jpg\" data-orig-size=\"800,578\" data-comments-opened=\"0\" data-image-meta=\"{&quot;aperture&quot;:&quot;0&quot;,&quot;credit&quot;:&quot;&quot;,&quot;camera&quot;:&quot;&quot;,&quot;caption&quot;:&quot;&quot;,&quot;created_timestamp&quot;:&quot;1558951268&quot;,&quot;copyright&quot;:&quot;&quot;,&quot;focal_length&quot;:&quot;0&quot;,&quot;iso&quot;:&quot;0&quot;,&quot;shutter_speed&quot;:&quot;0&quot;,&quot;title&quot;:&quot;&quot;,&quot;orientation&quot;:&quot;0&quot;}\" data-image-title=\"Killmeatte\" data-image-description=\"\" data-image-caption=\"\" data-large-file=\"https:\/\/www.hoymercedes.com.ar\/principal\/wp-content\/uploads\/2019\/11\/Killmeatte.jpg\" src=\"https:\/\/www.hoymercedes.com.ar\/principal\/wp-content\/uploads\/2019\/11\/Killmeatte.jpg\" alt=\"\" class=\"wp-image-102067\" srcset=\"https:\/\/www.hoymercedes.com.ar\/principal\/wp-content\/uploads\/2019\/11\/Killmeatte.jpg 800w, https:\/\/www.hoymercedes.com.ar\/principal\/wp-content\/uploads\/2019\/11\/Killmeatte-150x108.jpg 150w, https:\/\/www.hoymercedes.com.ar\/principal\/wp-content\/uploads\/2019\/11\/Killmeatte-630x455.jpg 630w\" sizes=\"auto, (max-width: 800px) 100vw, 800px\" \/><\/figure>\n\n\n\n<p>Luego de la remontada que logr\u00f3 el espacio de\nJuntos por el Cambio en las elecciones generales del pasado domingo, la cual le\npermiti\u00f3 mantener la mayor\u00eda lograda en el 2017 en el HCD, el presidente de la\nbanca opositora Edgard Killmeatte y actualmente reelecto, se refiri\u00f3 a como ve\nel Concejo para el futuro, adem\u00e1s de manifestar su opini\u00f3n respecto a la\npresidencia del bloque y del cuerpo.<\/p>\n\n\n\n<p>\u201cLuego del resultado de la PASO era un poco la\nidea que hab\u00edamos hablado con Julia de Paola, de mantener las cuatro bancas en\nel Concejo Deliberante y el Consejo Escolar, gracias al acompa\u00f1amiento de la\ngente. Se hizo una excelente elecci\u00f3n la segunda vez\u201d expres\u00f3 Killmeatte ante\nlos medios locales.<\/p>\n\n\n\n<p>\u201cTenemos una excelente candidata en Julia de\nPaola, espero que sigamos as\u00ed, todos juntos trabajando desde la pol\u00edtica. Eso\nes muy importante para nosotros\u201d aclar\u00f3. <\/p>\n\n\n\n<p>En cuanto a la nueva conformaci\u00f3n que tendr\u00e1\nel HCD desde diciembre, el actual presidente de la baca opositora sostuvo que\n\u201ca nivel legislativo siempre vienen bien los cambios, yo soy el \u00fanico que\nrenuevo, pero creo que seguiremos acompa\u00f1ando los reclamos y las necesidades de\nla gente y, en lo que es posible, acompa\u00f1ar al departamento ejecutivo y si no,\nnos sentaremos a discutir como ha sido hasta ahora\u201d.<\/p>\n\n\n\n<p>Por \u00faltimo, con respecto a la presidencia del\ncuerpo, el presidente de la banca mayoritaria expres\u00f3 que \u201cnosotros en teor\u00eda\ntenemos nueve concejales y diez con el interbloque, as\u00ed que creo que si las\ncosas siguen igual, deber\u00edamos seguir con la presidencia. Yo creo que cambiar\u00eda\nsi lo que se estila es que sea para el bloque ganador, pero siempre y cuando no\nhaya mayor\u00eda, ser\u00e1 cuesti\u00f3n de discutir y ver. Igualmente es algo que lo\ntenemos que charlar tanto con el bloque como con Julia de Paola, no paso solo\npor la decisi\u00f3n de los concejales, lo mismo respecto a la presidencia de la\nbancada, la cual ser\u00e1 una decisi\u00f3n en conjunto, yo voy a seguir trabajando\ndesde donde sea\u201d finaliz\u00f3.<\/p>\n\n\n\n<p>Conocidos los dichos de Edgard Killmeatte, la\nactual presidente del cuerpo Sabrina Vi\u00f1ales en declaraciones radiales se\nmanifest\u00f3 en contra y cuestion\u00f3 enterarse por los medios de esa iniciativa.\n\u201cAs\u00ed es como trabajan\u201d, critic\u00f3.<\/p>\n","protected":false},"excerpt":{"rendered":"<p>Luego de la remontada que logr\u00f3 el espacio de Juntos por el Cambio en las elecciones generales del pasado domingo, &#8230; <a title=\"Cambiemos buscar\u00eda conservar la  presidencia en el Concejo Deliberante\" class=\"read-more\" href=\"https:\/\/www.hoymercedes.com.ar\/principal\/2019\/11\/06\/cambiemos-buscaria-conservar-la-presidencia-en-el-concejo-deliberante\/\" aria-label=\"Leer m\u00e1s sobre Cambiemos buscar\u00eda conservar la  presidencia en el Concejo Deliberante\">Leer m\u00e1s<\/a><\/p>\n","protected":false},"author":1,"featured_media":102067,"comment_status":"closed","ping_status":"open","sticky":false,"template":"","format":"standard","meta":{"_monsterinsights_skip_tracking":false,"_monsterinsights_sitenote_active":false,"_monsterinsights_sitenote_note":"","_monsterinsights_sitenote_category":0,"jetpack_post_was_ever_published":false,"_jetpack_newsletter_access":"","_jetpack_dont_email_post_to_subs":false,"_jetpack_newsletter_tier_id":0,"_jetpack_memberships_contains_paywalled_content":false,"_jetpack_memberships_contains_paid_content":false,"footnotes":"","jetpack_publicize_message":"","jetpack_publicize_feature_enabled":true,"jetpack_social_post_already_shared":true,"jetpack_social_options":{"image_generator_settings":{"template":"highway","default_image_id":0,"font":"","enabled":false},"version":2},"_wpas_customize_per_network":false},"categories":[5],"tags":[7492,15,5319],"class_list":["post-102066","post","type-post","status-publish","format-standard","has-post-thumbnail","hentry","category-politica","tag-frente-cambiemos","tag-hcd","tag-politica-2","generate-columns","tablet-grid-50","mobile-grid-100","grid-parent","grid-50"],"jetpack_publicize_connections":[],"jetpack_featured_media_url":"https:\/\/www.hoymercedes.com.ar\/principal\/wp-content\/uploads\/2019\/11\/Killmeatte.jpg","wps_subtitle":"","jetpack_sharing_enabled":true,"_links":{"self":[{"href":"https:\/\/www.hoymercedes.com.ar\/principal\/wp-json\/wp\/v2\/posts\/102066","targetHints":{"allow":["GET"]}}],"collection":[{"href":"https:\/\/www.hoymercedes.com.ar\/principal\/wp-json\/wp\/v2\/posts"}],"about":[{"href":"https:\/\/www.hoymercedes.com.ar\/principal\/wp-json\/wp\/v2\/types\/post"}],"author":[{"embeddable":true,"href":"https:\/\/www.hoymercedes.com.ar\/principal\/wp-json\/wp\/v2\/users\/1"}],"replies":[{"embeddable":true,"href":"https:\/\/www.hoymercedes.com.ar\/principal\/wp-json\/wp\/v2\/comments?post=102066"}],"version-history":[{"count":0,"href":"https:\/\/www.hoymercedes.com.ar\/principal\/wp-json\/wp\/v2\/posts\/102066\/revisions"}],"wp:featuredmedia":[{"embeddable":true,"href":"https:\/\/www.hoymercedes.com.ar\/principal\/wp-json\/wp\/v2\/media\/102067"}],"wp:attachment":[{"href":"https:\/\/www.hoymercedes.com.ar\/principal\/wp-json\/wp\/v2\/media?parent=102066"}],"wp:term":[{"taxonomy":"category","embeddable":true,"href":"https:\/\/www.hoymercedes.com.ar\/principal\/wp-json\/wp\/v2\/categories?post=102066"},{"taxonomy":"post_tag","embeddable":true,"href":"https:\/\/www.hoymercedes.com.ar\/principal\/wp-json\/wp\/v2\/tags?post=102066"}],"curies":[{"name":"wp","href":"https:\/\/api.w.org\/{rel}","templated":true}]}}