{"id":10207,"date":"2012-01-05T10:26:07","date_gmt":"2012-01-05T10:26:07","guid":{"rendered":"http:\/\/www.hoymercedes.com.ar\/principal\/?p=10207"},"modified":"2012-01-05T10:27:34","modified_gmt":"2012-01-05T10:27:34","slug":"selva-recibio-a-intendentes-y-funcionarios-provinciales","status":"publish","type":"post","link":"https:\/\/www.hoymercedes.com.ar\/principal\/2012\/01\/05\/selva-recibio-a-intendentes-y-funcionarios-provinciales\/","title":{"rendered":"Selva recibi\u00f3 a intendentes y funcionarios provinciales"},"content":{"rendered":"<p><a href=\"https:\/\/www.hoymercedes.com.ar\/principal\/wp-content\/uploads\/2012\/01\/SelvayFuncionarios.jpg\"><img loading=\"lazy\" decoding=\"async\" data-attachment-id=\"10210\" data-permalink=\"https:\/\/www.hoymercedes.com.ar\/principal\/2012\/01\/05\/selva-recibio-a-intendentes-y-funcionarios-provinciales\/selvayfuncionarios\/#main\" data-orig-file=\"https:\/\/www.hoymercedes.com.ar\/principal\/wp-content\/uploads\/2012\/01\/SelvayFuncionarios.jpg\" data-orig-size=\"612,310\" data-comments-opened=\"1\" data-image-meta=\"{&quot;aperture&quot;:&quot;4&quot;,&quot;credit&quot;:&quot;&quot;,&quot;camera&quot;:&quot;NIKON D50&quot;,&quot;caption&quot;:&quot;&quot;,&quot;created_timestamp&quot;:&quot;1325712579&quot;,&quot;copyright&quot;:&quot;&quot;,&quot;focal_length&quot;:&quot;28&quot;,&quot;iso&quot;:&quot;0&quot;,&quot;shutter_speed&quot;:&quot;0.016666666666667&quot;,&quot;title&quot;:&quot;&quot;}\" data-image-title=\"SelvayFuncionarios\" data-image-description=\"\" data-image-caption=\"\" data-large-file=\"https:\/\/www.hoymercedes.com.ar\/principal\/wp-content\/uploads\/2012\/01\/SelvayFuncionarios.jpg\" class=\"aligncenter size-full wp-image-10210\" title=\"SelvayFuncionarios\" src=\"https:\/\/www.hoymercedes.com.ar\/principal\/wp-content\/uploads\/2012\/01\/SelvayFuncionarios.jpg\" alt=\"\" width=\"612\" height=\"310\" \/><\/a><\/p>\n<p>El mi\u00e9rcoles por la tarde se llev\u00f3 adelante una reuni\u00f3n m\u00e1s del\u00a0Corredor Productivo de Municipios al Mercosur, cuyos integrantes son los intendentes de la zona productiva, teniendo a Mercedes como sede.<\/p>\n<p>El intendente municipal desarroll\u00f3 el rol de anfitri\u00f3n para recibir a\u00a0los intendentes Ricardo Curutchet (Marcos Paz), Juan Pablo Angheleri (General Rodr\u00edguez), Oscar Luciani (Luj\u00e1n), Santiago Magiotti\u00a0\u00a0(Navarro) y representantes de los gobiernos de Suipacha y San Andr\u00e9s de Giles. Adem\u00e1s fueron parte de la reuni\u00f3n en el despacho de Selva representantes del Ministerio de Producci\u00f3n de la Provincia de Buenos Aires, el Sr. Sergio Woyecheszen, Sub Secretario de Comercio,\u00a0\u00a0Industria y Miner\u00eda; Fabricio de Arriba Ar\u00e9valo, Director provincial de desarrollo y Promoci\u00f3n industrial y Hern\u00e1n Vigier, Sub Secretario de PYMES, que llegaron en nombre del ministro Cristian Breinteinstein.<\/p>\n<p>En esta oportunidad el Corredor Productivo tuvo como finalidad poner\u00a0en funciones a las nuevas autoridades del consorcio de municipios que lo integran, recayendo la presidencia en el intendente de Marcos Paz.<\/p>\n<p>Luego se fueron haciendo conocer los nombres de los diferentes cargos\u00a0a ocupar por otros primeros mandatarios que forman parte del Corredor \u00a0Productivo de Municipios al Mercorsur.<\/p>\n<p>Los intendentes tambi\u00e9n aprovecharon la ocasi\u00f3n para conversar con las\u00a0nuevas autoridades del Ministerio de Producci\u00f3n sobre el futuro de este grupo de trabajo que intenta promover pol\u00edticas de desarrollo\u00a0productivo de car\u00e1cter regional. Los enviados del ministro tomaron nota de las sugerencias de los mandatarios y prometieron darle un mayor impulso a esta tarea que tiene para emprender el Corredor\u00a0Productivo en los a\u00f1os siguientes.<\/p>\n<p><span style=\"color: #888888;\">Fuente: MM<\/span><\/p>\n","protected":false},"excerpt":{"rendered":"<p>El mi\u00e9rcoles por la tarde se llev\u00f3 adelante una reuni\u00f3n m\u00e1s del\u00a0Corredor Productivo de Municipios al Mercosur, cuyos integrantes son &#8230; <a title=\"Selva recibi\u00f3 a intendentes y funcionarios provinciales\" class=\"read-more\" href=\"https:\/\/www.hoymercedes.com.ar\/principal\/2012\/01\/05\/selva-recibio-a-intendentes-y-funcionarios-provinciales\/\" aria-label=\"Leer m\u00e1s sobre Selva recibi\u00f3 a intendentes y funcionarios provinciales\">Leer m\u00e1s<\/a><\/p>\n","protected":false},"author":1,"featured_media":0,"comment_status":"open","ping_status":"open","sticky":false,"template":"","format":"standard","meta":{"_monsterinsights_skip_tracking":false,"_monsterinsights_sitenote_active":false,"_monsterinsights_sitenote_note":"","_monsterinsights_sitenote_category":0,"jetpack_post_was_ever_published":false,"_jetpack_newsletter_access":"","_jetpack_dont_email_post_to_subs":false,"_jetpack_newsletter_tier_id":0,"_jetpack_memberships_contains_paywalled_content":false,"_jetpack_memberships_contains_paid_content":false,"footnotes":"","jetpack_publicize_message":"","jetpack_publicize_feature_enabled":true,"jetpack_social_post_already_shared":false,"jetpack_social_options":{"image_generator_settings":{"template":"highway","default_image_id":0,"font":"","enabled":false},"version":2},"_wpas_customize_per_network":false},"categories":[5],"tags":[18],"class_list":["post-10207","post","type-post","status-publish","format-standard","hentry","category-politica","tag-selva","generate-columns","tablet-grid-50","mobile-grid-100","grid-parent","grid-50"],"jetpack_publicize_connections":[],"jetpack_featured_media_url":"","wps_subtitle":"","jetpack_sharing_enabled":true,"_links":{"self":[{"href":"https:\/\/www.hoymercedes.com.ar\/principal\/wp-json\/wp\/v2\/posts\/10207","targetHints":{"allow":["GET"]}}],"collection":[{"href":"https:\/\/www.hoymercedes.com.ar\/principal\/wp-json\/wp\/v2\/posts"}],"about":[{"href":"https:\/\/www.hoymercedes.com.ar\/principal\/wp-json\/wp\/v2\/types\/post"}],"author":[{"embeddable":true,"href":"https:\/\/www.hoymercedes.com.ar\/principal\/wp-json\/wp\/v2\/users\/1"}],"replies":[{"embeddable":true,"href":"https:\/\/www.hoymercedes.com.ar\/principal\/wp-json\/wp\/v2\/comments?post=10207"}],"version-history":[{"count":0,"href":"https:\/\/www.hoymercedes.com.ar\/principal\/wp-json\/wp\/v2\/posts\/10207\/revisions"}],"wp:attachment":[{"href":"https:\/\/www.hoymercedes.com.ar\/principal\/wp-json\/wp\/v2\/media?parent=10207"}],"wp:term":[{"taxonomy":"category","embeddable":true,"href":"https:\/\/www.hoymercedes.com.ar\/principal\/wp-json\/wp\/v2\/categories?post=10207"},{"taxonomy":"post_tag","embeddable":true,"href":"https:\/\/www.hoymercedes.com.ar\/principal\/wp-json\/wp\/v2\/tags?post=10207"}],"curies":[{"name":"wp","href":"https:\/\/api.w.org\/{rel}","templated":true}]}}