{"id":102089,"date":"2019-11-07T00:35:14","date_gmt":"2019-11-07T03:35:14","guid":{"rendered":"http:\/\/www.hoymercedes.com.ar\/principal\/?p=102089"},"modified":"2019-11-07T00:36:24","modified_gmt":"2019-11-07T03:36:24","slug":"homigon-de-av-2-y-bacheos-se-recicla-y-convierte-en-piedra-para-calles","status":"publish","type":"post","link":"https:\/\/www.hoymercedes.com.ar\/principal\/2019\/11\/07\/homigon-de-av-2-y-bacheos-se-recicla-y-convierte-en-piedra-para-calles\/","title":{"rendered":"Homig\u00f3n de Av.2 y bacheos se recicla y convierte en piedra para calles"},"content":{"rendered":"\n<figure class=\"wp-block-embed-youtube wp-block-embed is-type-video is-provider-youtube wp-embed-aspect-4-3 wp-has-aspect-ratio\"><div class=\"wp-block-embed__wrapper\">\n<span class=\"embed-youtube\" style=\"text-align:center; display: block;\"><iframe loading=\"lazy\" class=\"youtube-player\" width=\"1200\" height=\"675\" src=\"https:\/\/www.youtube.com\/embed\/sZXRZFQo5Z8?version=3&#038;rel=1&#038;showsearch=0&#038;showinfo=1&#038;iv_load_policy=1&#038;fs=1&#038;hl=es-ES&#038;autohide=2&#038;wmode=transparent\" allowfullscreen=\"true\" style=\"border:0;\" sandbox=\"allow-scripts allow-same-origin allow-popups allow-presentation allow-popups-to-escape-sandbox\"><\/iframe><\/span>\n<\/div><\/figure>\n\n\n\n<p>El Municipio de Mercedes viene trabajando incansablemente en el plan de asfaltado y bacheo por toda la ciudad. Motivo por el cual, la comuna tom\u00f3 la decisi\u00f3n de reciclar el hormig\u00f3n que se levanta en las diferentes calles para transformarlo en piedra que en un futuro ser\u00e1 colocado en calles de nuestra ciudad. \u00a0<br> \u00a0<br> \u201cYa estamos reciclando el hormig\u00f3n de la avenida 2, el cual se convertir\u00e1 en piedras para las calles\u201d se\u00f1al\u00f3 el jefe de gabinete, Mat\u00edas Dematei.<br> \u00a0<br> A su vez, Dematei inform\u00f3 \u201cesto lo estamos realizando en el centro de acopio del hormig\u00f3n,\u00a0 en la planta de transferencia de la Florida\u201d y agreg\u00f3 \u201ccon estos trabajos de reciclado lo que intentamos hacer es cuidar el medioambiente como as\u00ed tambi\u00e9n bajamos considerablemente los costos de la piedra que se utiliza generalmente, lo que determina un gran beneficio para la ciudad\u201d.<\/p>\n\n\n\n<figure class=\"wp-block-image\"><img loading=\"lazy\" decoding=\"async\" width=\"1024\" height=\"569\" data-attachment-id=\"102091\" data-permalink=\"https:\/\/www.hoymercedes.com.ar\/principal\/2019\/11\/07\/homigon-de-av-2-y-bacheos-se-recicla-y-convierte-en-piedra-para-calles\/recuperacion-hormigon-piedras-2\/#main\" data-orig-file=\"https:\/\/www.hoymercedes.com.ar\/principal\/wp-content\/uploads\/2019\/11\/recuperacion-hormigon-piedras-2.jpeg\" data-orig-size=\"1280,711\" data-comments-opened=\"0\" data-image-meta=\"{&quot;aperture&quot;:&quot;0&quot;,&quot;credit&quot;:&quot;&quot;,&quot;camera&quot;:&quot;&quot;,&quot;caption&quot;:&quot;&quot;,&quot;created_timestamp&quot;:&quot;0&quot;,&quot;copyright&quot;:&quot;&quot;,&quot;focal_length&quot;:&quot;0&quot;,&quot;iso&quot;:&quot;0&quot;,&quot;shutter_speed&quot;:&quot;0&quot;,&quot;title&quot;:&quot;&quot;,&quot;orientation&quot;:&quot;0&quot;}\" data-image-title=\"recuperacion-hormigon-piedras-2\" data-image-description=\"\" data-image-caption=\"\" data-large-file=\"https:\/\/www.hoymercedes.com.ar\/principal\/wp-content\/uploads\/2019\/11\/recuperacion-hormigon-piedras-2-1024x569.jpeg\" src=\"https:\/\/www.hoymercedes.com.ar\/principal\/wp-content\/uploads\/2019\/11\/recuperacion-hormigon-piedras-2-1024x569.jpeg\" alt=\"\" class=\"wp-image-102091\" srcset=\"https:\/\/www.hoymercedes.com.ar\/principal\/wp-content\/uploads\/2019\/11\/recuperacion-hormigon-piedras-2-1024x569.jpeg 1024w, https:\/\/www.hoymercedes.com.ar\/principal\/wp-content\/uploads\/2019\/11\/recuperacion-hormigon-piedras-2-150x83.jpeg 150w, https:\/\/www.hoymercedes.com.ar\/principal\/wp-content\/uploads\/2019\/11\/recuperacion-hormigon-piedras-2-630x350.jpeg 630w, https:\/\/www.hoymercedes.com.ar\/principal\/wp-content\/uploads\/2019\/11\/recuperacion-hormigon-piedras-2.jpeg 1280w\" sizes=\"auto, (max-width: 1024px) 100vw, 1024px\" \/><\/figure>\n\n\n\n<p><br> \u00a0<br>La empresa encargada de efectuar esta tarea\u2013previa licitaci\u00f3n p\u00fablica- lleva adelante estos trabajos mediante una maquinaria que es de \u00faltima generaci\u00f3n, la cual separa el hierro por un lado y la piedra por el otro.<br> \u00a0<br> \u201cDe esta manera, el costo aproximado en que nos queda la tonelada de piedra es alrededor de 500 pesos, cuando si la compramos en otro lado su valor es cercano a los 1200. Es un ahorro muy importante el que estamos logrando\u201d indic\u00f3 Dematei<\/p>\n","protected":false},"excerpt":{"rendered":"<p>El Municipio de Mercedes viene trabajando incansablemente en el plan de asfaltado y bacheo por toda la ciudad. Motivo por &#8230; <a title=\"Homig\u00f3n de Av.2 y bacheos se recicla y convierte en piedra para calles\" class=\"read-more\" href=\"https:\/\/www.hoymercedes.com.ar\/principal\/2019\/11\/07\/homigon-de-av-2-y-bacheos-se-recicla-y-convierte-en-piedra-para-calles\/\" aria-label=\"Leer m\u00e1s sobre Homig\u00f3n de Av.2 y bacheos se recicla y convierte en piedra para calles\">Leer m\u00e1s<\/a><\/p>\n","protected":false},"author":1,"featured_media":102090,"comment_status":"closed","ping_status":"open","sticky":false,"template":"","format":"standard","meta":{"_monsterinsights_skip_tracking":false,"_monsterinsights_sitenote_active":false,"_monsterinsights_sitenote_note":"","_monsterinsights_sitenote_category":0,"jetpack_post_was_ever_published":false,"_jetpack_newsletter_access":"","_jetpack_dont_email_post_to_subs":false,"_jetpack_newsletter_tier_id":0,"_jetpack_memberships_contains_paywalled_content":false,"_jetpack_memberships_contains_paid_content":false,"footnotes":"","jetpack_publicize_message":"","jetpack_publicize_feature_enabled":true,"jetpack_social_post_already_shared":true,"jetpack_social_options":{"image_generator_settings":{"template":"highway","default_image_id":0,"font":"","enabled":false},"version":2},"_wpas_customize_per_network":false},"categories":[30],"tags":[11636],"class_list":["post-102089","post","type-post","status-publish","format-standard","has-post-thumbnail","hentry","category-municipio","tag-avenida-2","generate-columns","tablet-grid-50","mobile-grid-100","grid-parent","grid-50"],"jetpack_publicize_connections":[],"jetpack_featured_media_url":"https:\/\/www.hoymercedes.com.ar\/principal\/wp-content\/uploads\/2019\/11\/recuperacion-hormigon-piedras-3.jpeg","wps_subtitle":"Recuperaci\u00f3n de materiales ","jetpack_sharing_enabled":true,"_links":{"self":[{"href":"https:\/\/www.hoymercedes.com.ar\/principal\/wp-json\/wp\/v2\/posts\/102089","targetHints":{"allow":["GET"]}}],"collection":[{"href":"https:\/\/www.hoymercedes.com.ar\/principal\/wp-json\/wp\/v2\/posts"}],"about":[{"href":"https:\/\/www.hoymercedes.com.ar\/principal\/wp-json\/wp\/v2\/types\/post"}],"author":[{"embeddable":true,"href":"https:\/\/www.hoymercedes.com.ar\/principal\/wp-json\/wp\/v2\/users\/1"}],"replies":[{"embeddable":true,"href":"https:\/\/www.hoymercedes.com.ar\/principal\/wp-json\/wp\/v2\/comments?post=102089"}],"version-history":[{"count":0,"href":"https:\/\/www.hoymercedes.com.ar\/principal\/wp-json\/wp\/v2\/posts\/102089\/revisions"}],"wp:featuredmedia":[{"embeddable":true,"href":"https:\/\/www.hoymercedes.com.ar\/principal\/wp-json\/wp\/v2\/media\/102090"}],"wp:attachment":[{"href":"https:\/\/www.hoymercedes.com.ar\/principal\/wp-json\/wp\/v2\/media?parent=102089"}],"wp:term":[{"taxonomy":"category","embeddable":true,"href":"https:\/\/www.hoymercedes.com.ar\/principal\/wp-json\/wp\/v2\/categories?post=102089"},{"taxonomy":"post_tag","embeddable":true,"href":"https:\/\/www.hoymercedes.com.ar\/principal\/wp-json\/wp\/v2\/tags?post=102089"}],"curies":[{"name":"wp","href":"https:\/\/api.w.org\/{rel}","templated":true}]}}