{"id":102100,"date":"2019-11-07T21:35:57","date_gmt":"2019-11-08T00:35:57","guid":{"rendered":"http:\/\/www.hoymercedes.com.ar\/principal\/?p=102100"},"modified":"2019-11-08T01:57:15","modified_gmt":"2019-11-08T04:57:15","slug":"mercedes-unica-ciudad-el-pais-premiada-por-su-gestion-y-politicas-de-ninez","status":"publish","type":"post","link":"https:\/\/www.hoymercedes.com.ar\/principal\/2019\/11\/07\/mercedes-unica-ciudad-el-pais-premiada-por-su-gestion-y-politicas-de-ninez\/","title":{"rendered":"Mercedes, unica ciudad del pa\u00eds premiada por su gesti\u00f3n y pol\u00edticas de ni\u00f1ez"},"content":{"rendered":"\n<figure class=\"wp-block-embed-youtube wp-block-embed is-type-video is-provider-youtube wp-embed-aspect-16-9 wp-has-aspect-ratio\"><div class=\"wp-block-embed__wrapper\">\n<span class=\"embed-youtube\" style=\"text-align:center; display: block;\"><iframe loading=\"lazy\" class=\"youtube-player\" width=\"1200\" height=\"675\" src=\"https:\/\/www.youtube.com\/embed\/S7DY2wYc3fc?version=3&#038;rel=1&#038;showsearch=0&#038;showinfo=1&#038;iv_load_policy=1&#038;fs=1&#038;hl=es-ES&#038;autohide=2&#038;wmode=transparent\" allowfullscreen=\"true\" style=\"border:0;\" sandbox=\"allow-scripts allow-same-origin allow-popups allow-presentation allow-popups-to-escape-sandbox\"><\/iframe><\/span>\n<\/div><\/figure>\n\n\n\n<p>Desde el palacio Municipal, el\nintendente Juan Ignacio Ustarroz junto al secretario de Salud Pablo Cassiani, la\nsecretaria de desarrollo social, Jorgelina Silva y parte del equipo que trabaja\nen el programa \u201cPrimeros Mil D\u00edas\u201d informaron que el Municipio de Mercedes fue\nreconocido por el Senado Nacional por su buena gesti\u00f3n 2019. Destac\u00e1ndose,\nadem\u00e1s, que fue el \u00fanico municipio del pa\u00eds en recibir este reconocimiento. \u201cEs\nun honor este reconocimiento que ha recibido toda la comunidad de Mercedes en\nalgo que es muy sensible e important\u00edsimo y que tiene que ver con el presente y\nel futuro de nuestra ciudad que es la ni\u00f1ez\u201d subray\u00f3 el Dr. Ustarroz. &nbsp;&nbsp;<\/p>\n\n\n\n<figure class=\"wp-block-image\"><img loading=\"lazy\" decoding=\"async\" width=\"948\" height=\"632\" data-attachment-id=\"102101\" data-permalink=\"https:\/\/www.hoymercedes.com.ar\/principal\/2019\/11\/07\/mercedes-unica-ciudad-el-pais-premiada-por-su-gestion-y-politicas-de-ninez\/dsc_0122\/#main\" data-orig-file=\"https:\/\/www.hoymercedes.com.ar\/principal\/wp-content\/uploads\/2019\/11\/DSC_0122.jpg\" data-orig-size=\"948,632\" data-comments-opened=\"0\" data-image-meta=\"{&quot;aperture&quot;:&quot;0&quot;,&quot;credit&quot;:&quot;&quot;,&quot;camera&quot;:&quot;&quot;,&quot;caption&quot;:&quot;&quot;,&quot;created_timestamp&quot;:&quot;0&quot;,&quot;copyright&quot;:&quot;&quot;,&quot;focal_length&quot;:&quot;0&quot;,&quot;iso&quot;:&quot;0&quot;,&quot;shutter_speed&quot;:&quot;0&quot;,&quot;title&quot;:&quot;&quot;,&quot;orientation&quot;:&quot;0&quot;}\" data-image-title=\"DSC_0122\" data-image-description=\"\" data-image-caption=\"\" data-large-file=\"https:\/\/www.hoymercedes.com.ar\/principal\/wp-content\/uploads\/2019\/11\/DSC_0122.jpg\" src=\"https:\/\/www.hoymercedes.com.ar\/principal\/wp-content\/uploads\/2019\/11\/DSC_0122.jpg\" alt=\"\" class=\"wp-image-102101\" srcset=\"https:\/\/www.hoymercedes.com.ar\/principal\/wp-content\/uploads\/2019\/11\/DSC_0122.jpg 948w, https:\/\/www.hoymercedes.com.ar\/principal\/wp-content\/uploads\/2019\/11\/DSC_0122-150x100.jpg 150w, https:\/\/www.hoymercedes.com.ar\/principal\/wp-content\/uploads\/2019\/11\/DSC_0122-630x420.jpg 630w\" sizes=\"auto, (max-width: 948px) 100vw, 948px\" \/><figcaption>Equipo de Salud y Desarrollo Social <\/figcaption><\/figure>\n\n\n\n<p>El mismo fue llevado adelante por\nun jurado interdisciplinario conformado no s\u00f3lo por el Senado Nacional sino\ntambi\u00e9n por el Ministerio de Desarrollo Social y Salud de la Naci\u00f3n, el\nMinisterio de Infraestructura del Interior, el Ministerio de Econom\u00eda, tres\nUniversidades Nacionales, la FAM (Federaci\u00f3n Argentina de Municipios). Estos\norganismos e instituciones evaluaron 67 programas de todo el Pa\u00eds donde el\nprograma \u201cPrimeros Mil D\u00edas\u201d de nuestra ciudad fue el m\u00e1s valorado a nivel\nfederal. <\/p>\n\n\n\n<p>El intendente Ustarroz adem\u00e1s\nse\u00f1al\u00f3 \u201cquiero hacer una convocatoria a toda nuestra comunidad a que avancemos\nen lo importante y lo esencial de una comunidad y una ciudad que es trabajar\npor la consagraci\u00f3n de los derechos de los ni\u00f1os y de las personas\u201d y a\u00f1adi\u00f3 \u201ccreo\nque esto nos debe unir como pueblo, por eso vamos a convocar a todas las\ninstituciones cuando recibamos este premio\u201d.<\/p>\n\n\n\n<p>\u201cEsto nos da una gran inyecci\u00f3n\nde \u00e1nimo a todos los trabajadores que realizan una gran tarea y que todos los\nd\u00edas est\u00e1n poniendo el cuerpo, el coraz\u00f3n y la imaginaci\u00f3n al servicio de la\nconstrucci\u00f3n de una sociedad mejor\u201d ahond\u00f3 el Dr. Ustarroz. <\/p>\n\n\n\n<p>Adem\u00e1s, el jefe comunal enumer\u00f3\nlos criterios por medio de los cuales nuestra ciudad fue premiado: innovaci\u00f3n,\ncapacidad de r\u00e9plica, eficacia en la utilizaci\u00f3n de los recursos,\nfinanciamiento alternativo, mejoramiento de la capacidad de gesti\u00f3n municipal a\npartir del proyecto, la potencialidad de sustentabilidad en los tiempos de los\nlogros, empoderamiento de la comunidad local, la participaci\u00f3n de las diversas\n\u00e1reas del gobierno y de un equipo interdisciplinario, mecanismos de monitoreo y\nevaluaci\u00f3n y con la promoci\u00f3n de las capacidades de liderazgo y nivel de\nparticipaci\u00f3n ciudadana. <\/p>\n\n\n\n<p>El Programa Mil D\u00edas es una\npropuesta integral que incluye el cuidado nutricional, socio ambiental, f\u00edsico,\nmental, educativo y formativo de las mam\u00e1s y futuras mam\u00e1s hasta los primeros\nmil d\u00edas del ni\u00f1o, combatiendo la mortalidad infantil y dando mayor calidad de\nvida integral. Es una apuesta clara y s\u00f3lida hacia el cuidado del ser humano.<\/p>\n\n\n\n<p>El secretario de Salud Pablo\nCassiani manifest\u00f3 \u201ces un orgullo para m\u00ed ser funcionario de la gesti\u00f3n del Dr.\nUstarroz y agradezco enormemente que hayas depositado en m\u00ed y en todos nosotros\npara poder hacer un Mercedes mejor\u201d y agreg\u00f3 \u201ceste no s\u00f3lo es un reconocimiento\nal municipio sino a toda la comunidad\u201d. &nbsp;<\/p>\n","protected":false},"excerpt":{"rendered":"<p>Desde el palacio Municipal, el intendente Juan Ignacio Ustarroz junto al secretario de Salud Pablo Cassiani, la secretaria de desarrollo &#8230; <a title=\"Mercedes, unica ciudad del pa\u00eds premiada por su gesti\u00f3n y pol\u00edticas de ni\u00f1ez\" class=\"read-more\" href=\"https:\/\/www.hoymercedes.com.ar\/principal\/2019\/11\/07\/mercedes-unica-ciudad-el-pais-premiada-por-su-gestion-y-politicas-de-ninez\/\" aria-label=\"Leer m\u00e1s sobre Mercedes, unica ciudad del pa\u00eds premiada por su gesti\u00f3n y pol\u00edticas de ni\u00f1ez\">Leer m\u00e1s<\/a><\/p>\n","protected":false},"author":1,"featured_media":102101,"comment_status":"closed","ping_status":"open","sticky":false,"template":"","format":"standard","meta":{"_monsterinsights_skip_tracking":false,"_monsterinsights_sitenote_active":false,"_monsterinsights_sitenote_note":"","_monsterinsights_sitenote_category":0,"jetpack_post_was_ever_published":false,"_jetpack_newsletter_access":"","_jetpack_dont_email_post_to_subs":false,"_jetpack_newsletter_tier_id":0,"_jetpack_memberships_contains_paywalled_content":false,"_jetpack_memberships_contains_paid_content":false,"footnotes":"","jetpack_publicize_message":"","jetpack_publicize_feature_enabled":true,"jetpack_social_post_already_shared":true,"jetpack_social_options":{"image_generator_settings":{"template":"highway","default_image_id":0,"font":"","enabled":false},"version":2},"_wpas_customize_per_network":false},"categories":[30],"tags":[5473,15892],"class_list":["post-102100","post","type-post","status-publish","format-standard","has-post-thumbnail","hentry","category-municipio","tag-jorgelina-silva","tag-premio-mil-dias","generate-columns","tablet-grid-50","mobile-grid-100","grid-parent","grid-50"],"jetpack_publicize_connections":[],"jetpack_featured_media_url":"https:\/\/www.hoymercedes.com.ar\/principal\/wp-content\/uploads\/2019\/11\/DSC_0122.jpg","wps_subtitle":"Reconocimiento","jetpack_sharing_enabled":true,"_links":{"self":[{"href":"https:\/\/www.hoymercedes.com.ar\/principal\/wp-json\/wp\/v2\/posts\/102100","targetHints":{"allow":["GET"]}}],"collection":[{"href":"https:\/\/www.hoymercedes.com.ar\/principal\/wp-json\/wp\/v2\/posts"}],"about":[{"href":"https:\/\/www.hoymercedes.com.ar\/principal\/wp-json\/wp\/v2\/types\/post"}],"author":[{"embeddable":true,"href":"https:\/\/www.hoymercedes.com.ar\/principal\/wp-json\/wp\/v2\/users\/1"}],"replies":[{"embeddable":true,"href":"https:\/\/www.hoymercedes.com.ar\/principal\/wp-json\/wp\/v2\/comments?post=102100"}],"version-history":[{"count":0,"href":"https:\/\/www.hoymercedes.com.ar\/principal\/wp-json\/wp\/v2\/posts\/102100\/revisions"}],"wp:featuredmedia":[{"embeddable":true,"href":"https:\/\/www.hoymercedes.com.ar\/principal\/wp-json\/wp\/v2\/media\/102101"}],"wp:attachment":[{"href":"https:\/\/www.hoymercedes.com.ar\/principal\/wp-json\/wp\/v2\/media?parent=102100"}],"wp:term":[{"taxonomy":"category","embeddable":true,"href":"https:\/\/www.hoymercedes.com.ar\/principal\/wp-json\/wp\/v2\/categories?post=102100"},{"taxonomy":"post_tag","embeddable":true,"href":"https:\/\/www.hoymercedes.com.ar\/principal\/wp-json\/wp\/v2\/tags?post=102100"}],"curies":[{"name":"wp","href":"https:\/\/api.w.org\/{rel}","templated":true}]}}