{"id":102139,"date":"2019-11-10T01:58:54","date_gmt":"2019-11-10T04:58:54","guid":{"rendered":"http:\/\/www.hoymercedes.com.ar\/principal\/?p=102139"},"modified":"2019-11-10T01:59:00","modified_gmt":"2019-11-10T04:59:00","slug":"huracan-automovil-club-posterga-actividades-en-autodromo","status":"publish","type":"post","link":"https:\/\/www.hoymercedes.com.ar\/principal\/2019\/11\/10\/huracan-automovil-club-posterga-actividades-en-autodromo\/","title":{"rendered":"Hurac\u00e1n Autom\u00f3vil Club posterga actividades en aut\u00f3dromo"},"content":{"rendered":"\n<figure class=\"wp-block-image is-resized\"><img loading=\"lazy\" decoding=\"async\" data-attachment-id=\"97650\" data-permalink=\"https:\/\/www.hoymercedes.com.ar\/principal\/2019\/08\/05\/re-abrio-el-mitico-circuito-del-huracan-automovil-club-mercedes\/huracanmercedesautomovilclub\/#main\" data-orig-file=\"https:\/\/www.hoymercedes.com.ar\/principal\/wp-content\/uploads\/2019\/08\/HuracanMercedesAutomovilClub.jpg\" data-orig-size=\"657,369\" data-comments-opened=\"0\" data-image-meta=\"{&quot;aperture&quot;:&quot;0&quot;,&quot;credit&quot;:&quot;&quot;,&quot;camera&quot;:&quot;&quot;,&quot;caption&quot;:&quot;&quot;,&quot;created_timestamp&quot;:&quot;0&quot;,&quot;copyright&quot;:&quot;&quot;,&quot;focal_length&quot;:&quot;0&quot;,&quot;iso&quot;:&quot;0&quot;,&quot;shutter_speed&quot;:&quot;0&quot;,&quot;title&quot;:&quot;&quot;,&quot;orientation&quot;:&quot;0&quot;}\" data-image-title=\"HuracanMercedesAutomovilClub\" data-image-description=\"\" data-image-caption=\"\" data-large-file=\"https:\/\/www.hoymercedes.com.ar\/principal\/wp-content\/uploads\/2019\/08\/HuracanMercedesAutomovilClub.jpg\" src=\"https:\/\/www.hoymercedes.com.ar\/principal\/wp-content\/uploads\/2019\/08\/HuracanMercedesAutomovilClub.jpg\" alt=\"\" class=\"wp-image-97650\" width=\"778\" height=\"437\" srcset=\"https:\/\/www.hoymercedes.com.ar\/principal\/wp-content\/uploads\/2019\/08\/HuracanMercedesAutomovilClub.jpg 657w, https:\/\/www.hoymercedes.com.ar\/principal\/wp-content\/uploads\/2019\/08\/HuracanMercedesAutomovilClub-150x84.jpg 150w, https:\/\/www.hoymercedes.com.ar\/principal\/wp-content\/uploads\/2019\/08\/HuracanMercedesAutomovilClub-630x354.jpg 630w\" sizes=\"auto, (max-width: 778px) 100vw, 778px\" \/><\/figure>\n\n\n\n<p>El Hurac\u00e1n Autom\u00f3vil Club ten\u00eda planificado para este domingo\nuna jornada completa con picadas y actividades del deporte motor que debi\u00f3 ser\nreprogramada para el pr\u00f3ximo 24 de noviembre.<\/p>\n\n\n\n<p>Desde el perfil de las redes sociales de la entidad\ncomentaron que \u201ctodo el esfuerzo hecho para esta nueva\nfecha con la esperanza puesta en el clima, y atento a que hay competidores de\nm\u00e1s de 200 km de distancia lamentamos comunicar nuevamente que debemos\nreprogramar una nueva fecha para las picadas de entrenamiento. La misma ser\u00e1 para\nel domingo 24 de noviembre. Pedimos disculpas. Los esperamos\u201d informaron.<\/p>\n\n\n\n<p>Tras la lluvia ca\u00edda el d\u00eda s\u00e1bado se\ngener\u00f3 barr\u00f3 y condiciones an\u00f3malas para competencias, con lo cual se tom\u00f3 la\ndecisi\u00f3n de reprogramar desenado el clima acompa\u00f1e.<\/p>\n","protected":false},"excerpt":{"rendered":"<p>El Hurac\u00e1n Autom\u00f3vil Club ten\u00eda planificado para este domingo una jornada completa con picadas y actividades del deporte motor que &#8230; <a title=\"Hurac\u00e1n Autom\u00f3vil Club posterga actividades en aut\u00f3dromo\" class=\"read-more\" href=\"https:\/\/www.hoymercedes.com.ar\/principal\/2019\/11\/10\/huracan-automovil-club-posterga-actividades-en-autodromo\/\" aria-label=\"Leer m\u00e1s sobre Hurac\u00e1n Autom\u00f3vil Club posterga actividades en aut\u00f3dromo\">Leer m\u00e1s<\/a><\/p>\n","protected":false},"author":1,"featured_media":97650,"comment_status":"closed","ping_status":"open","sticky":false,"template":"","format":"standard","meta":{"_monsterinsights_skip_tracking":false,"_monsterinsights_sitenote_active":false,"_monsterinsights_sitenote_note":"","_monsterinsights_sitenote_category":0,"jetpack_post_was_ever_published":false,"_jetpack_newsletter_access":"","_jetpack_dont_email_post_to_subs":false,"_jetpack_newsletter_tier_id":0,"_jetpack_memberships_contains_paywalled_content":false,"_jetpack_memberships_contains_paid_content":false,"footnotes":"","jetpack_publicize_message":"","jetpack_publicize_feature_enabled":true,"jetpack_social_post_already_shared":true,"jetpack_social_options":{"image_generator_settings":{"template":"highway","default_image_id":0,"font":"","enabled":false},"version":2},"_wpas_customize_per_network":false},"categories":[21],"tags":[12498],"class_list":["post-102139","post","type-post","status-publish","format-standard","has-post-thumbnail","hentry","category-deportes","tag-huracan-automovil-club","generate-columns","tablet-grid-50","mobile-grid-100","grid-parent","grid-50"],"jetpack_publicize_connections":[],"jetpack_featured_media_url":"https:\/\/www.hoymercedes.com.ar\/principal\/wp-content\/uploads\/2019\/08\/HuracanMercedesAutomovilClub.jpg","wps_subtitle":"Deporte Motor ","jetpack_sharing_enabled":true,"_links":{"self":[{"href":"https:\/\/www.hoymercedes.com.ar\/principal\/wp-json\/wp\/v2\/posts\/102139","targetHints":{"allow":["GET"]}}],"collection":[{"href":"https:\/\/www.hoymercedes.com.ar\/principal\/wp-json\/wp\/v2\/posts"}],"about":[{"href":"https:\/\/www.hoymercedes.com.ar\/principal\/wp-json\/wp\/v2\/types\/post"}],"author":[{"embeddable":true,"href":"https:\/\/www.hoymercedes.com.ar\/principal\/wp-json\/wp\/v2\/users\/1"}],"replies":[{"embeddable":true,"href":"https:\/\/www.hoymercedes.com.ar\/principal\/wp-json\/wp\/v2\/comments?post=102139"}],"version-history":[{"count":0,"href":"https:\/\/www.hoymercedes.com.ar\/principal\/wp-json\/wp\/v2\/posts\/102139\/revisions"}],"wp:featuredmedia":[{"embeddable":true,"href":"https:\/\/www.hoymercedes.com.ar\/principal\/wp-json\/wp\/v2\/media\/97650"}],"wp:attachment":[{"href":"https:\/\/www.hoymercedes.com.ar\/principal\/wp-json\/wp\/v2\/media?parent=102139"}],"wp:term":[{"taxonomy":"category","embeddable":true,"href":"https:\/\/www.hoymercedes.com.ar\/principal\/wp-json\/wp\/v2\/categories?post=102139"},{"taxonomy":"post_tag","embeddable":true,"href":"https:\/\/www.hoymercedes.com.ar\/principal\/wp-json\/wp\/v2\/tags?post=102139"}],"curies":[{"name":"wp","href":"https:\/\/api.w.org\/{rel}","templated":true}]}}