{"id":102188,"date":"2019-11-11T21:23:48","date_gmt":"2019-11-12T00:23:48","guid":{"rendered":"http:\/\/www.hoymercedes.com.ar\/principal\/?p=102188"},"modified":"2019-11-11T21:27:41","modified_gmt":"2019-11-12T00:27:41","slug":"trocha-volvio-a-ganar-y-se-consolida-en-la-primera-c-de-afa","status":"publish","type":"post","link":"https:\/\/www.hoymercedes.com.ar\/principal\/2019\/11\/11\/trocha-volvio-a-ganar-y-se-consolida-en-la-primera-c-de-afa\/","title":{"rendered":"Trocha volvi\u00f3 a ganar y se consolida en la Primera C de AFA"},"content":{"rendered":"\n<p>El conjunto de Juan Ignacio Menendez derrot\u00f3 como local en cancha de Quilmes a Sportivo Italiano por 3 a 0, con dos goles de Guadalupe Rojas y el restante de Jorgelina Landini. La Carbonilla sum\u00f3 su cuarto triunfo en el campeonato y se meti\u00f3 en la pelea de la mitad de la tabla al alcanzar a Ca\u00f1uelas, con 12 unidades.<\/p>\n\n\n\n<div class=\"wp-block-image\"><figure class=\"aligncenter\"><img loading=\"lazy\" decoding=\"async\" width=\"603\" height=\"438\" data-attachment-id=\"102189\" data-permalink=\"https:\/\/www.hoymercedes.com.ar\/principal\/2019\/11\/11\/trocha-volvio-a-ganar-y-se-consolida-en-la-primera-c-de-afa\/whatsapp-image-2019-11-10-at-23-42-18\/#main\" data-orig-file=\"https:\/\/www.hoymercedes.com.ar\/principal\/wp-content\/uploads\/2019\/11\/WhatsApp-Image-2019-11-10-at-23.42.18.jpeg\" data-orig-size=\"603,438\" data-comments-opened=\"0\" data-image-meta=\"{&quot;aperture&quot;:&quot;0&quot;,&quot;credit&quot;:&quot;&quot;,&quot;camera&quot;:&quot;&quot;,&quot;caption&quot;:&quot;&quot;,&quot;created_timestamp&quot;:&quot;0&quot;,&quot;copyright&quot;:&quot;&quot;,&quot;focal_length&quot;:&quot;0&quot;,&quot;iso&quot;:&quot;0&quot;,&quot;shutter_speed&quot;:&quot;0&quot;,&quot;title&quot;:&quot;&quot;,&quot;orientation&quot;:&quot;0&quot;}\" data-image-title=\"WhatsApp-Image-2019-11-10-at-23.42.18\" data-image-description=\"\" data-image-caption=\"\" data-large-file=\"https:\/\/www.hoymercedes.com.ar\/principal\/wp-content\/uploads\/2019\/11\/WhatsApp-Image-2019-11-10-at-23.42.18.jpeg\" src=\"https:\/\/www.hoymercedes.com.ar\/principal\/wp-content\/uploads\/2019\/11\/WhatsApp-Image-2019-11-10-at-23.42.18.jpeg\" alt=\"\" class=\"wp-image-102189\" srcset=\"https:\/\/www.hoymercedes.com.ar\/principal\/wp-content\/uploads\/2019\/11\/WhatsApp-Image-2019-11-10-at-23.42.18.jpeg 603w, https:\/\/www.hoymercedes.com.ar\/principal\/wp-content\/uploads\/2019\/11\/WhatsApp-Image-2019-11-10-at-23.42.18-150x109.jpeg 150w\" sizes=\"auto, (max-width: 603px) 100vw, 603px\" \/><\/figure><\/div>\n\n\n\n<p>El pr\u00f3ximo fin de semana viajar\u00e1 a Capital Federal para enfrentar a Nueva Chicago en el barrio de Mataderos. Trocha, tras ganar en la segunda fecha en los papeles ante Fenix, perdi\u00f3 al encuentro siguiente y ahora suma tres triunfos al hilo (Claypole, Country Canning y Sportivo Italiano) y ahora se viene un rival que est\u00e1 por debajo en la tabla.<\/p>\n\n\n\n<div class=\"wp-block-image\"><figure class=\"aligncenter\"><img loading=\"lazy\" decoding=\"async\" width=\"531\" height=\"361\" data-attachment-id=\"102190\" data-permalink=\"https:\/\/www.hoymercedes.com.ar\/principal\/2019\/11\/11\/trocha-volvio-a-ganar-y-se-consolida-en-la-primera-c-de-afa\/whatsapp-image-2019-11-11-at-10-10-37\/#main\" data-orig-file=\"https:\/\/www.hoymercedes.com.ar\/principal\/wp-content\/uploads\/2019\/11\/WhatsApp-Image-2019-11-11-at-10.10.37.jpeg\" data-orig-size=\"531,361\" data-comments-opened=\"0\" data-image-meta=\"{&quot;aperture&quot;:&quot;0&quot;,&quot;credit&quot;:&quot;&quot;,&quot;camera&quot;:&quot;&quot;,&quot;caption&quot;:&quot;&quot;,&quot;created_timestamp&quot;:&quot;0&quot;,&quot;copyright&quot;:&quot;&quot;,&quot;focal_length&quot;:&quot;0&quot;,&quot;iso&quot;:&quot;0&quot;,&quot;shutter_speed&quot;:&quot;0&quot;,&quot;title&quot;:&quot;&quot;,&quot;orientation&quot;:&quot;0&quot;}\" data-image-title=\"WhatsApp-Image-2019-11-11-at-10.10.37\" data-image-description=\"\" data-image-caption=\"\" data-large-file=\"https:\/\/www.hoymercedes.com.ar\/principal\/wp-content\/uploads\/2019\/11\/WhatsApp-Image-2019-11-11-at-10.10.37.jpeg\" src=\"https:\/\/www.hoymercedes.com.ar\/principal\/wp-content\/uploads\/2019\/11\/WhatsApp-Image-2019-11-11-at-10.10.37.jpeg\" alt=\"\" class=\"wp-image-102190\" srcset=\"https:\/\/www.hoymercedes.com.ar\/principal\/wp-content\/uploads\/2019\/11\/WhatsApp-Image-2019-11-11-at-10.10.37.jpeg 531w, https:\/\/www.hoymercedes.com.ar\/principal\/wp-content\/uploads\/2019\/11\/WhatsApp-Image-2019-11-11-at-10.10.37-150x102.jpeg 150w\" sizes=\"auto, (max-width: 531px) 100vw, 531px\" \/><\/figure><\/div>\n","protected":false},"excerpt":{"rendered":"<p>El conjunto de Juan Ignacio Menendez derrot\u00f3 como local en cancha de Quilmes a Sportivo Italiano por 3 a 0, &#8230; <a title=\"Trocha volvi\u00f3 a ganar y se consolida en la Primera C de AFA\" class=\"read-more\" href=\"https:\/\/www.hoymercedes.com.ar\/principal\/2019\/11\/11\/trocha-volvio-a-ganar-y-se-consolida-en-la-primera-c-de-afa\/\" aria-label=\"Leer m\u00e1s sobre Trocha volvi\u00f3 a ganar y se consolida en la Primera C de AFA\">Leer m\u00e1s<\/a><\/p>\n","protected":false},"author":1,"featured_media":102189,"comment_status":"closed","ping_status":"open","sticky":false,"template":"","format":"standard","meta":{"_monsterinsights_skip_tracking":false,"_monsterinsights_sitenote_active":false,"_monsterinsights_sitenote_note":"","_monsterinsights_sitenote_category":0,"jetpack_post_was_ever_published":false,"_jetpack_newsletter_access":"","_jetpack_dont_email_post_to_subs":false,"_jetpack_newsletter_tier_id":0,"_jetpack_memberships_contains_paywalled_content":false,"_jetpack_memberships_contains_paid_content":false,"footnotes":"","jetpack_publicize_message":"","jetpack_publicize_feature_enabled":true,"jetpack_social_post_already_shared":true,"jetpack_social_options":{"image_generator_settings":{"template":"highway","default_image_id":0,"font":"","enabled":false},"version":2},"_wpas_customize_per_network":false},"categories":[21],"tags":[10725],"class_list":["post-102188","post","type-post","status-publish","format-standard","has-post-thumbnail","hentry","category-deportes","tag-primera-c","generate-columns","tablet-grid-50","mobile-grid-100","grid-parent","grid-50"],"jetpack_publicize_connections":[],"jetpack_featured_media_url":"https:\/\/www.hoymercedes.com.ar\/principal\/wp-content\/uploads\/2019\/11\/WhatsApp-Image-2019-11-10-at-23.42.18.jpeg","wps_subtitle":"Primera C","jetpack_sharing_enabled":true,"_links":{"self":[{"href":"https:\/\/www.hoymercedes.com.ar\/principal\/wp-json\/wp\/v2\/posts\/102188","targetHints":{"allow":["GET"]}}],"collection":[{"href":"https:\/\/www.hoymercedes.com.ar\/principal\/wp-json\/wp\/v2\/posts"}],"about":[{"href":"https:\/\/www.hoymercedes.com.ar\/principal\/wp-json\/wp\/v2\/types\/post"}],"author":[{"embeddable":true,"href":"https:\/\/www.hoymercedes.com.ar\/principal\/wp-json\/wp\/v2\/users\/1"}],"replies":[{"embeddable":true,"href":"https:\/\/www.hoymercedes.com.ar\/principal\/wp-json\/wp\/v2\/comments?post=102188"}],"version-history":[{"count":0,"href":"https:\/\/www.hoymercedes.com.ar\/principal\/wp-json\/wp\/v2\/posts\/102188\/revisions"}],"wp:featuredmedia":[{"embeddable":true,"href":"https:\/\/www.hoymercedes.com.ar\/principal\/wp-json\/wp\/v2\/media\/102189"}],"wp:attachment":[{"href":"https:\/\/www.hoymercedes.com.ar\/principal\/wp-json\/wp\/v2\/media?parent=102188"}],"wp:term":[{"taxonomy":"category","embeddable":true,"href":"https:\/\/www.hoymercedes.com.ar\/principal\/wp-json\/wp\/v2\/categories?post=102188"},{"taxonomy":"post_tag","embeddable":true,"href":"https:\/\/www.hoymercedes.com.ar\/principal\/wp-json\/wp\/v2\/tags?post=102188"}],"curies":[{"name":"wp","href":"https:\/\/api.w.org\/{rel}","templated":true}]}}