{"id":102213,"date":"2019-11-12T18:32:12","date_gmt":"2019-11-12T21:32:12","guid":{"rendered":"http:\/\/www.hoymercedes.com.ar\/principal\/?p=102213"},"modified":"2019-11-12T18:45:50","modified_gmt":"2019-11-12T21:45:50","slug":"quilmes-y-juventud-de-suipacha-definiran-el-campeon-de-reserva","status":"publish","type":"post","link":"https:\/\/www.hoymercedes.com.ar\/principal\/2019\/11\/12\/quilmes-y-juventud-de-suipacha-definiran-el-campeon-de-reserva\/","title":{"rendered":"Quilmes y Juventud de Suipacha definir\u00e1n el campe\u00f3n de Reserva"},"content":{"rendered":"\n<p>Las dos semifinales del torneo de Reserva de la Liga Mercedina se definieron en los penales. El primero de los dos partidos se disput\u00f3 este s\u00e1bado, cuando en San Andr\u00e9s de Giles, El Front\u00f3n y Juventud empardaron en 2 y desde la pena m\u00e1xima, por 3 a 2 el triunfo fue para el Lechero en un partido que lo comenz\u00f3 ganando en el inicio pero el local lo empat\u00f3 r\u00e1pido, lo mismo ocurri\u00f3 en el inicio del complemento.<\/p>\n\n\n\n<figure class=\"wp-block-image\"><img loading=\"lazy\" decoding=\"async\" width=\"960\" height=\"639\" data-attachment-id=\"102216\" data-permalink=\"https:\/\/www.hoymercedes.com.ar\/principal\/2019\/11\/12\/quilmes-y-juventud-de-suipacha-definiran-el-campeon-de-reserva\/juventud-suipacha-reserva-1\/#main\" data-orig-file=\"https:\/\/www.hoymercedes.com.ar\/principal\/wp-content\/uploads\/2019\/11\/Juventud-Suipacha-Reserva-1.jpg\" data-orig-size=\"960,639\" data-comments-opened=\"0\" data-image-meta=\"{&quot;aperture&quot;:&quot;0&quot;,&quot;credit&quot;:&quot;&quot;,&quot;camera&quot;:&quot;&quot;,&quot;caption&quot;:&quot;&quot;,&quot;created_timestamp&quot;:&quot;0&quot;,&quot;copyright&quot;:&quot;&quot;,&quot;focal_length&quot;:&quot;0&quot;,&quot;iso&quot;:&quot;0&quot;,&quot;shutter_speed&quot;:&quot;0&quot;,&quot;title&quot;:&quot;&quot;,&quot;orientation&quot;:&quot;0&quot;}\" data-image-title=\"Juventud-Suipacha-Reserva-1\" data-image-description=\"\" data-image-caption=\"\" data-large-file=\"https:\/\/www.hoymercedes.com.ar\/principal\/wp-content\/uploads\/2019\/11\/Juventud-Suipacha-Reserva-1.jpg\" src=\"https:\/\/www.hoymercedes.com.ar\/principal\/wp-content\/uploads\/2019\/11\/Juventud-Suipacha-Reserva-1.jpg\" alt=\"\" class=\"wp-image-102216\" srcset=\"https:\/\/www.hoymercedes.com.ar\/principal\/wp-content\/uploads\/2019\/11\/Juventud-Suipacha-Reserva-1.jpg 960w, https:\/\/www.hoymercedes.com.ar\/principal\/wp-content\/uploads\/2019\/11\/Juventud-Suipacha-Reserva-1-150x100.jpg 150w, https:\/\/www.hoymercedes.com.ar\/principal\/wp-content\/uploads\/2019\/11\/Juventud-Suipacha-Reserva-1-630x419.jpg 630w, https:\/\/www.hoymercedes.com.ar\/principal\/wp-content\/uploads\/2019\/11\/Juventud-Suipacha-Reserva-1-700x465.jpg 700w\" sizes=\"auto, (max-width: 960px) 100vw, 960px\" \/><\/figure>\n\n\n\n<p>El otro partido se disput\u00f3 en la noche del lunes y tras el cero a cero, por penales, Quilmes super\u00f3 a V\u00e9lez por 7 a 6. Ahora se viene la final entre Lecheros y Cerveceros, en cancha de la Liga Mercedina, a partido \u00fanico y nuevamente sin ventaja deportiva<\/p>\n\n\n\n<p><strong>El Front\u00f3n 2 (2):<\/strong>&nbsp;Santiago Gaynor e Ignacio Leiva.<br><strong>Juventud 2 (3):<\/strong>&nbsp;Hern\u00e1n Carreto 2. <\/p>\n\n\n\n<p><strong>Quilmes 0 (7).<br>V\u00e9lez 0 (6).<\/strong><\/p>\n\n\n\n<figure class=\"wp-block-image\"><img loading=\"lazy\" decoding=\"async\" width=\"974\" height=\"588\" data-attachment-id=\"102220\" data-permalink=\"https:\/\/www.hoymercedes.com.ar\/principal\/2019\/11\/12\/quilmes-y-juventud-de-suipacha-definiran-el-campeon-de-reserva\/liguilla-reserva-2\/#main\" data-orig-file=\"https:\/\/www.hoymercedes.com.ar\/principal\/wp-content\/uploads\/2019\/11\/LIGUILLA-RESERVA.png\" data-orig-size=\"974,588\" data-comments-opened=\"0\" data-image-meta=\"{&quot;aperture&quot;:&quot;0&quot;,&quot;credit&quot;:&quot;&quot;,&quot;camera&quot;:&quot;&quot;,&quot;caption&quot;:&quot;&quot;,&quot;created_timestamp&quot;:&quot;0&quot;,&quot;copyright&quot;:&quot;&quot;,&quot;focal_length&quot;:&quot;0&quot;,&quot;iso&quot;:&quot;0&quot;,&quot;shutter_speed&quot;:&quot;0&quot;,&quot;title&quot;:&quot;&quot;,&quot;orientation&quot;:&quot;0&quot;}\" data-image-title=\"LIGUILLA-RESERVA\" data-image-description=\"\" data-image-caption=\"\" data-large-file=\"https:\/\/www.hoymercedes.com.ar\/principal\/wp-content\/uploads\/2019\/11\/LIGUILLA-RESERVA.png\" src=\"https:\/\/www.hoymercedes.com.ar\/principal\/wp-content\/uploads\/2019\/11\/LIGUILLA-RESERVA.png\" alt=\"\" class=\"wp-image-102220\" srcset=\"https:\/\/www.hoymercedes.com.ar\/principal\/wp-content\/uploads\/2019\/11\/LIGUILLA-RESERVA.png 974w, https:\/\/www.hoymercedes.com.ar\/principal\/wp-content\/uploads\/2019\/11\/LIGUILLA-RESERVA-150x91.png 150w, https:\/\/www.hoymercedes.com.ar\/principal\/wp-content\/uploads\/2019\/11\/LIGUILLA-RESERVA-630x380.png 630w\" sizes=\"auto, (max-width: 974px) 100vw, 974px\" \/><\/figure>\n","protected":false},"excerpt":{"rendered":"<p>Las dos semifinales del torneo de Reserva de la Liga Mercedina se definieron en los penales. El primero de los &#8230; <a title=\"Quilmes y Juventud de Suipacha definir\u00e1n el campe\u00f3n de Reserva\" class=\"read-more\" href=\"https:\/\/www.hoymercedes.com.ar\/principal\/2019\/11\/12\/quilmes-y-juventud-de-suipacha-definiran-el-campeon-de-reserva\/\" aria-label=\"Leer m\u00e1s sobre Quilmes y Juventud de Suipacha definir\u00e1n el campe\u00f3n de Reserva\">Leer m\u00e1s<\/a><\/p>\n","protected":false},"author":1,"featured_media":102216,"comment_status":"closed","ping_status":"open","sticky":false,"template":"","format":"standard","meta":{"_monsterinsights_skip_tracking":false,"_monsterinsights_sitenote_active":false,"_monsterinsights_sitenote_note":"","_monsterinsights_sitenote_category":0,"jetpack_post_was_ever_published":false,"_jetpack_newsletter_access":"","_jetpack_dont_email_post_to_subs":false,"_jetpack_newsletter_tier_id":0,"_jetpack_memberships_contains_paywalled_content":false,"_jetpack_memberships_contains_paid_content":false,"footnotes":"","jetpack_publicize_message":"","jetpack_publicize_feature_enabled":true,"jetpack_social_post_already_shared":true,"jetpack_social_options":{"image_generator_settings":{"template":"highway","default_image_id":0,"font":"","enabled":false},"version":2},"_wpas_customize_per_network":false},"categories":[21],"tags":[2666,1413],"class_list":["post-102213","post","type-post","status-publish","format-standard","has-post-thumbnail","hentry","category-deportes","tag-juventud-suipacha","tag-quilmes","generate-columns","tablet-grid-50","mobile-grid-100","grid-parent","grid-50"],"jetpack_publicize_connections":[],"jetpack_featured_media_url":"https:\/\/www.hoymercedes.com.ar\/principal\/wp-content\/uploads\/2019\/11\/Juventud-Suipacha-Reserva-1.jpg","wps_subtitle":"Liga Mercedina","jetpack_sharing_enabled":true,"_links":{"self":[{"href":"https:\/\/www.hoymercedes.com.ar\/principal\/wp-json\/wp\/v2\/posts\/102213","targetHints":{"allow":["GET"]}}],"collection":[{"href":"https:\/\/www.hoymercedes.com.ar\/principal\/wp-json\/wp\/v2\/posts"}],"about":[{"href":"https:\/\/www.hoymercedes.com.ar\/principal\/wp-json\/wp\/v2\/types\/post"}],"author":[{"embeddable":true,"href":"https:\/\/www.hoymercedes.com.ar\/principal\/wp-json\/wp\/v2\/users\/1"}],"replies":[{"embeddable":true,"href":"https:\/\/www.hoymercedes.com.ar\/principal\/wp-json\/wp\/v2\/comments?post=102213"}],"version-history":[{"count":0,"href":"https:\/\/www.hoymercedes.com.ar\/principal\/wp-json\/wp\/v2\/posts\/102213\/revisions"}],"wp:featuredmedia":[{"embeddable":true,"href":"https:\/\/www.hoymercedes.com.ar\/principal\/wp-json\/wp\/v2\/media\/102216"}],"wp:attachment":[{"href":"https:\/\/www.hoymercedes.com.ar\/principal\/wp-json\/wp\/v2\/media?parent=102213"}],"wp:term":[{"taxonomy":"category","embeddable":true,"href":"https:\/\/www.hoymercedes.com.ar\/principal\/wp-json\/wp\/v2\/categories?post=102213"},{"taxonomy":"post_tag","embeddable":true,"href":"https:\/\/www.hoymercedes.com.ar\/principal\/wp-json\/wp\/v2\/tags?post=102213"}],"curies":[{"name":"wp","href":"https:\/\/api.w.org\/{rel}","templated":true}]}}