{"id":102229,"date":"2019-11-13T07:27:20","date_gmt":"2019-11-13T10:27:20","guid":{"rendered":"http:\/\/www.hoymercedes.com.ar\/principal\/?p=102229"},"modified":"2019-11-12T19:38:55","modified_gmt":"2019-11-12T22:38:55","slug":"triangular-de-handball-en-san-andres-de-giles","status":"publish","type":"post","link":"https:\/\/www.hoymercedes.com.ar\/principal\/2019\/11\/13\/triangular-de-handball-en-san-andres-de-giles\/","title":{"rendered":"Triangular de handball en San Andr\u00e9s de Giles"},"content":{"rendered":"\n<p>En la ma\u00f1ana del s\u00e1bado se disput\u00f3 en el gimnasio del CEF N\u00b0 24 de San Andr\u00e9s de Giles un encuentro triangular inter CEF de la categor\u00eda mayores masculina, fue con la presencia del CEF N\u00b0136 de San Antonio de Areco, el CEF N\u00b040 de Mercedes y el equipo local.<\/p>\n\n\n\n<div class=\"wp-block-image\"><figure class=\"aligncenter\"><img loading=\"lazy\" decoding=\"async\" width=\"650\" height=\"325\" data-attachment-id=\"102230\" data-permalink=\"https:\/\/www.hoymercedes.com.ar\/principal\/2019\/11\/13\/triangular-de-handball-en-san-andres-de-giles\/cef-handball\/#main\" data-orig-file=\"https:\/\/www.hoymercedes.com.ar\/principal\/wp-content\/uploads\/2019\/11\/CEF-Handball.jpg\" data-orig-size=\"650,325\" data-comments-opened=\"0\" data-image-meta=\"{&quot;aperture&quot;:&quot;0&quot;,&quot;credit&quot;:&quot;&quot;,&quot;camera&quot;:&quot;&quot;,&quot;caption&quot;:&quot;&quot;,&quot;created_timestamp&quot;:&quot;0&quot;,&quot;copyright&quot;:&quot;&quot;,&quot;focal_length&quot;:&quot;0&quot;,&quot;iso&quot;:&quot;0&quot;,&quot;shutter_speed&quot;:&quot;0&quot;,&quot;title&quot;:&quot;&quot;,&quot;orientation&quot;:&quot;0&quot;}\" data-image-title=\"CEF-Handball\" data-image-description=\"\" data-image-caption=\"\" data-large-file=\"https:\/\/www.hoymercedes.com.ar\/principal\/wp-content\/uploads\/2019\/11\/CEF-Handball.jpg\" src=\"https:\/\/www.hoymercedes.com.ar\/principal\/wp-content\/uploads\/2019\/11\/CEF-Handball.jpg\" alt=\"\" class=\"wp-image-102230\" srcset=\"https:\/\/www.hoymercedes.com.ar\/principal\/wp-content\/uploads\/2019\/11\/CEF-Handball.jpg 650w, https:\/\/www.hoymercedes.com.ar\/principal\/wp-content\/uploads\/2019\/11\/CEF-Handball-150x75.jpg 150w, https:\/\/www.hoymercedes.com.ar\/principal\/wp-content\/uploads\/2019\/11\/CEF-Handball-630x315.jpg 630w\" sizes=\"auto, (max-width: 650px) 100vw, 650px\" \/><\/figure><\/div>\n\n\n\n<p>El certamen fue completamente amistoso y result\u00f3 muy importante para el elenco mercedino que aprovech\u00f3 para sumar minutos de sus jugadores en este descanso de 5 semanas que tuvo la competencia de la Copa AsAmBal.<\/p>\n\n\n\n<p>La jornada comenz\u00f3 con el triunfo del local sobre San Antonio de Areco por 23 a 9, con la actuaci\u00f3n destacada en San Andr\u00e9s de Giles de Tom\u00e1s Sierghentale que convirti\u00f3 10 goles.<\/p>\n\n\n\n<p>En el segundo encuentro, los gilenses se enfrentaron al conjunto mercedino, imponi\u00e9ndose por 20 a 16. En este partido se destacaron en el goleo Diego Morell y Daniel Morada convirtiendo 6 tantos cada uno.<\/p>\n\n\n\n<p>En el tercer partido del d\u00eda, el CEF N\u00b0 40 encontr\u00f3 el triunfo frente a San Antonio de Areco por 26 a 19, sobresaliendo Bruno Saion con 5 goles en el ganador, mientras que resalt\u00f3 Mat\u00edas Ciafardini con 7 goles obtenidos en el rival.<\/p>\n\n\n\n<p>El CEF N\u00b040 estuvo conformado por Francisco Ponce, Jorge Gioscio, Juan Gioscio, Agust\u00edn Lapenta, Francisco Moriconi, Bruno Saion, Tomas Toscano, Sebasti\u00e1n Gonz\u00e1lez, Marcos Kesseler y Dami\u00e1n Altieri.<\/p>\n\n\n\n<p>El equipo mercedino volver\u00e1 a jugar la fecha de la Copa AsAmBal el pr\u00f3ximo domingo 24 de noviembre cuando disputen como locales la d\u00e9cima y \u00faltima fecha de la competencia en las instalaciones de calle &nbsp;30 entre 45 y 43.<\/p>\n","protected":false},"excerpt":{"rendered":"<p>En la ma\u00f1ana del s\u00e1bado se disput\u00f3 en el gimnasio del CEF N\u00b0 24 de San Andr\u00e9s de Giles un &#8230; <a title=\"Triangular de handball en San Andr\u00e9s de Giles\" class=\"read-more\" href=\"https:\/\/www.hoymercedes.com.ar\/principal\/2019\/11\/13\/triangular-de-handball-en-san-andres-de-giles\/\" aria-label=\"Leer m\u00e1s sobre Triangular de handball en San Andr\u00e9s de Giles\">Leer m\u00e1s<\/a><\/p>\n","protected":false},"author":1,"featured_media":102230,"comment_status":"closed","ping_status":"open","sticky":false,"template":"","format":"standard","meta":{"_monsterinsights_skip_tracking":false,"_monsterinsights_sitenote_active":false,"_monsterinsights_sitenote_note":"","_monsterinsights_sitenote_category":0,"jetpack_post_was_ever_published":false,"_jetpack_newsletter_access":"","_jetpack_dont_email_post_to_subs":false,"_jetpack_newsletter_tier_id":0,"_jetpack_memberships_contains_paywalled_content":false,"_jetpack_memberships_contains_paid_content":false,"footnotes":"","jetpack_publicize_message":"","jetpack_publicize_feature_enabled":true,"jetpack_social_post_already_shared":true,"jetpack_social_options":{"image_generator_settings":{"template":"highway","default_image_id":0,"font":"","enabled":false},"version":2},"_wpas_customize_per_network":false},"categories":[21],"tags":[15425,2123],"class_list":["post-102229","post","type-post","status-publish","format-standard","has-post-thumbnail","hentry","category-deportes","tag-cef-24","tag-san-andres-de-giles","generate-columns","tablet-grid-50","mobile-grid-100","grid-parent","grid-50"],"jetpack_publicize_connections":[],"jetpack_featured_media_url":"https:\/\/www.hoymercedes.com.ar\/principal\/wp-content\/uploads\/2019\/11\/CEF-Handball.jpg","wps_subtitle":"Handball","jetpack_sharing_enabled":true,"_links":{"self":[{"href":"https:\/\/www.hoymercedes.com.ar\/principal\/wp-json\/wp\/v2\/posts\/102229","targetHints":{"allow":["GET"]}}],"collection":[{"href":"https:\/\/www.hoymercedes.com.ar\/principal\/wp-json\/wp\/v2\/posts"}],"about":[{"href":"https:\/\/www.hoymercedes.com.ar\/principal\/wp-json\/wp\/v2\/types\/post"}],"author":[{"embeddable":true,"href":"https:\/\/www.hoymercedes.com.ar\/principal\/wp-json\/wp\/v2\/users\/1"}],"replies":[{"embeddable":true,"href":"https:\/\/www.hoymercedes.com.ar\/principal\/wp-json\/wp\/v2\/comments?post=102229"}],"version-history":[{"count":0,"href":"https:\/\/www.hoymercedes.com.ar\/principal\/wp-json\/wp\/v2\/posts\/102229\/revisions"}],"wp:featuredmedia":[{"embeddable":true,"href":"https:\/\/www.hoymercedes.com.ar\/principal\/wp-json\/wp\/v2\/media\/102230"}],"wp:attachment":[{"href":"https:\/\/www.hoymercedes.com.ar\/principal\/wp-json\/wp\/v2\/media?parent=102229"}],"wp:term":[{"taxonomy":"category","embeddable":true,"href":"https:\/\/www.hoymercedes.com.ar\/principal\/wp-json\/wp\/v2\/categories?post=102229"},{"taxonomy":"post_tag","embeddable":true,"href":"https:\/\/www.hoymercedes.com.ar\/principal\/wp-json\/wp\/v2\/tags?post=102229"}],"curies":[{"name":"wp","href":"https:\/\/api.w.org\/{rel}","templated":true}]}}