{"id":102233,"date":"2019-11-13T12:00:19","date_gmt":"2019-11-13T15:00:19","guid":{"rendered":"http:\/\/www.hoymercedes.com.ar\/principal\/?p=102233"},"modified":"2019-11-13T12:37:51","modified_gmt":"2019-11-13T15:37:51","slug":"lorenzo-deluca-fue-el-mejor-en-la-milla-urbana","status":"publish","type":"post","link":"https:\/\/www.hoymercedes.com.ar\/principal\/2019\/11\/13\/lorenzo-deluca-fue-el-mejor-en-la-milla-urbana\/","title":{"rendered":"Lorenzo Deluca fue el mejor en la Milla Urbana"},"content":{"rendered":"\n<p>Este s\u00e1bado 9 de noviembre el atleta mercedino Lorenzo Deluca particip\u00f3 de la prueba \u00abLa Milla Urbana\u00bb, 1609 mts, que se realiz\u00f3 en un circuito callejero de la ciudad de Buenos Aires. <\/p>\n\n\n\n<figure class=\"wp-block-image\"><img loading=\"lazy\" decoding=\"async\" width=\"1000\" height=\"1000\" data-attachment-id=\"102234\" data-permalink=\"https:\/\/www.hoymercedes.com.ar\/principal\/2019\/11\/13\/lorenzo-deluca-fue-el-mejor-en-la-milla-urbana\/36de2505-adab-4bca-af1d-ddd204e964a4\/#main\" data-orig-file=\"https:\/\/www.hoymercedes.com.ar\/principal\/wp-content\/uploads\/2019\/11\/36de2505-adab-4bca-af1d-ddd204e964a4.jpg\" data-orig-size=\"1000,1000\" data-comments-opened=\"0\" data-image-meta=\"{&quot;aperture&quot;:&quot;0&quot;,&quot;credit&quot;:&quot;&quot;,&quot;camera&quot;:&quot;&quot;,&quot;caption&quot;:&quot;&quot;,&quot;created_timestamp&quot;:&quot;1573402587&quot;,&quot;copyright&quot;:&quot;&quot;,&quot;focal_length&quot;:&quot;0&quot;,&quot;iso&quot;:&quot;0&quot;,&quot;shutter_speed&quot;:&quot;0&quot;,&quot;title&quot;:&quot;&quot;,&quot;orientation&quot;:&quot;0&quot;}\" data-image-title=\"36de2505-adab-4bca-af1d-ddd204e964a4\" data-image-description=\"\" data-image-caption=\"\" data-large-file=\"https:\/\/www.hoymercedes.com.ar\/principal\/wp-content\/uploads\/2019\/11\/36de2505-adab-4bca-af1d-ddd204e964a4.jpg\" src=\"https:\/\/www.hoymercedes.com.ar\/principal\/wp-content\/uploads\/2019\/11\/36de2505-adab-4bca-af1d-ddd204e964a4.jpg\" alt=\"\" class=\"wp-image-102234\" srcset=\"https:\/\/www.hoymercedes.com.ar\/principal\/wp-content\/uploads\/2019\/11\/36de2505-adab-4bca-af1d-ddd204e964a4.jpg 1000w, https:\/\/www.hoymercedes.com.ar\/principal\/wp-content\/uploads\/2019\/11\/36de2505-adab-4bca-af1d-ddd204e964a4-150x150.jpg 150w, https:\/\/www.hoymercedes.com.ar\/principal\/wp-content\/uploads\/2019\/11\/36de2505-adab-4bca-af1d-ddd204e964a4-620x620.jpg 620w\" sizes=\"auto, (max-width: 1000px) 100vw, 1000px\" \/><\/figure>\n\n\n\n<p>Fue un circuito muy r\u00e1pido y estrat\u00e9gico y el mercedino se qued\u00f3 con el 1\u00b0 lugar en su categor\u00eda con un tiempo de 4 minutos 44 segundos. Este a\u00f1o estuvo auspiciada por la empresa deportiva New Balance.<br><\/p>\n","protected":false},"excerpt":{"rendered":"<p>Este s\u00e1bado 9 de noviembre el atleta mercedino Lorenzo Deluca particip\u00f3 de la prueba \u00abLa Milla Urbana\u00bb, 1609 mts, que &#8230; <a title=\"Lorenzo Deluca fue el mejor en la Milla Urbana\" class=\"read-more\" href=\"https:\/\/www.hoymercedes.com.ar\/principal\/2019\/11\/13\/lorenzo-deluca-fue-el-mejor-en-la-milla-urbana\/\" aria-label=\"Leer m\u00e1s sobre Lorenzo Deluca fue el mejor en la Milla Urbana\">Leer m\u00e1s<\/a><\/p>\n","protected":false},"author":1,"featured_media":102234,"comment_status":"closed","ping_status":"open","sticky":false,"template":"","format":"standard","meta":{"_monsterinsights_skip_tracking":false,"_monsterinsights_sitenote_active":false,"_monsterinsights_sitenote_note":"","_monsterinsights_sitenote_category":0,"jetpack_post_was_ever_published":false,"_jetpack_newsletter_access":"","_jetpack_dont_email_post_to_subs":false,"_jetpack_newsletter_tier_id":0,"_jetpack_memberships_contains_paywalled_content":false,"_jetpack_memberships_contains_paid_content":false,"footnotes":"","jetpack_publicize_message":"","jetpack_publicize_feature_enabled":true,"jetpack_social_post_already_shared":false,"jetpack_social_options":{"image_generator_settings":{"template":"highway","default_image_id":0,"font":"","enabled":false},"version":2},"_wpas_customize_per_network":false},"categories":[21],"tags":[13051],"class_list":["post-102233","post","type-post","status-publish","format-standard","has-post-thumbnail","hentry","category-deportes","tag-lorenzo-deluca","generate-columns","tablet-grid-50","mobile-grid-100","grid-parent","grid-50"],"jetpack_publicize_connections":[],"jetpack_featured_media_url":"https:\/\/www.hoymercedes.com.ar\/principal\/wp-content\/uploads\/2019\/11\/36de2505-adab-4bca-af1d-ddd204e964a4.jpg","wps_subtitle":"Atletismo","jetpack_sharing_enabled":true,"_links":{"self":[{"href":"https:\/\/www.hoymercedes.com.ar\/principal\/wp-json\/wp\/v2\/posts\/102233","targetHints":{"allow":["GET"]}}],"collection":[{"href":"https:\/\/www.hoymercedes.com.ar\/principal\/wp-json\/wp\/v2\/posts"}],"about":[{"href":"https:\/\/www.hoymercedes.com.ar\/principal\/wp-json\/wp\/v2\/types\/post"}],"author":[{"embeddable":true,"href":"https:\/\/www.hoymercedes.com.ar\/principal\/wp-json\/wp\/v2\/users\/1"}],"replies":[{"embeddable":true,"href":"https:\/\/www.hoymercedes.com.ar\/principal\/wp-json\/wp\/v2\/comments?post=102233"}],"version-history":[{"count":0,"href":"https:\/\/www.hoymercedes.com.ar\/principal\/wp-json\/wp\/v2\/posts\/102233\/revisions"}],"wp:featuredmedia":[{"embeddable":true,"href":"https:\/\/www.hoymercedes.com.ar\/principal\/wp-json\/wp\/v2\/media\/102234"}],"wp:attachment":[{"href":"https:\/\/www.hoymercedes.com.ar\/principal\/wp-json\/wp\/v2\/media?parent=102233"}],"wp:term":[{"taxonomy":"category","embeddable":true,"href":"https:\/\/www.hoymercedes.com.ar\/principal\/wp-json\/wp\/v2\/categories?post=102233"},{"taxonomy":"post_tag","embeddable":true,"href":"https:\/\/www.hoymercedes.com.ar\/principal\/wp-json\/wp\/v2\/tags?post=102233"}],"curies":[{"name":"wp","href":"https:\/\/api.w.org\/{rel}","templated":true}]}}