{"id":102238,"date":"2019-11-12T20:00:33","date_gmt":"2019-11-12T23:00:33","guid":{"rendered":"http:\/\/www.hoymercedes.com.ar\/principal\/?p=102238"},"modified":"2019-11-13T17:51:44","modified_gmt":"2019-11-13T20:51:44","slug":"juan-martin-andres-inicio-un-nuevo-periodo-de-la-secretaria-general-de-aefip-mercedes","status":"publish","type":"post","link":"https:\/\/www.hoymercedes.com.ar\/principal\/2019\/11\/12\/juan-martin-andres-inicio-un-nuevo-periodo-de-la-secretaria-general-de-aefip-mercedes\/","title":{"rendered":"Juan Mart\u00edn Andr\u00e9s inici\u00f3 un nuevo periodo de la Secretar\u00eda General de AEFIP Mercedes"},"content":{"rendered":"\n<p><em>La Comisi\u00f3n Directiva de la AEFIP Seccional Mercedes asumi\u00f3 para cumplir su mandato para el periodo 2019\/2023. Invitados de la dirigencia, pol\u00edticos, gremiales, sociales y trabajadores se hicieron presentes en el acto. <\/em><\/p>\n\n\n\n<figure class=\"wp-block-image\"><img loading=\"lazy\" decoding=\"async\" width=\"800\" height=\"368\" data-attachment-id=\"102239\" data-permalink=\"https:\/\/www.hoymercedes.com.ar\/principal\/2019\/11\/12\/juan-martin-andres-inicio-un-nuevo-periodo-de-la-secretaria-general-de-aefip-mercedes\/los-integrantes-de-la-comision-directiva-de-aefip-periodo-2019-2023-junto-a-pablo-flores\/#main\" data-orig-file=\"https:\/\/www.hoymercedes.com.ar\/principal\/wp-content\/uploads\/2019\/11\/Los-integrantes-de-la-Comisi\u00f3n-Directiva-de-AEFIP-periodo-2019.2023-junto-a-Pablo-Flores.jpeg\" data-orig-size=\"800,368\" data-comments-opened=\"0\" data-image-meta=\"{&quot;aperture&quot;:&quot;0&quot;,&quot;credit&quot;:&quot;&quot;,&quot;camera&quot;:&quot;&quot;,&quot;caption&quot;:&quot;&quot;,&quot;created_timestamp&quot;:&quot;0&quot;,&quot;copyright&quot;:&quot;&quot;,&quot;focal_length&quot;:&quot;0&quot;,&quot;iso&quot;:&quot;0&quot;,&quot;shutter_speed&quot;:&quot;0&quot;,&quot;title&quot;:&quot;&quot;,&quot;orientation&quot;:&quot;0&quot;}\" data-image-title=\"Los integrantes de la Comisi\u00f3n Directiva de AEFIP periodo 2019.2023 junto a Pablo Flores\" data-image-description=\"\" data-image-caption=\"\" data-large-file=\"https:\/\/www.hoymercedes.com.ar\/principal\/wp-content\/uploads\/2019\/11\/Los-integrantes-de-la-Comisi\u00f3n-Directiva-de-AEFIP-periodo-2019.2023-junto-a-Pablo-Flores.jpeg\" src=\"https:\/\/www.hoymercedes.com.ar\/principal\/wp-content\/uploads\/2019\/11\/Los-integrantes-de-la-Comisi\u00f3n-Directiva-de-AEFIP-periodo-2019.2023-junto-a-Pablo-Flores.jpeg\" alt=\"\" class=\"wp-image-102239\" srcset=\"https:\/\/www.hoymercedes.com.ar\/principal\/wp-content\/uploads\/2019\/11\/Los-integrantes-de-la-Comisi\u00f3n-Directiva-de-AEFIP-periodo-2019.2023-junto-a-Pablo-Flores.jpeg 800w, https:\/\/www.hoymercedes.com.ar\/principal\/wp-content\/uploads\/2019\/11\/Los-integrantes-de-la-Comisi\u00f3n-Directiva-de-AEFIP-periodo-2019.2023-junto-a-Pablo-Flores-150x69.jpeg 150w, https:\/\/www.hoymercedes.com.ar\/principal\/wp-content\/uploads\/2019\/11\/Los-integrantes-de-la-Comisi\u00f3n-Directiva-de-AEFIP-periodo-2019.2023-junto-a-Pablo-Flores-630x290.jpeg 630w\" sizes=\"auto, (max-width: 800px) 100vw, 800px\" \/><\/figure>\n\n\n\n<p>En la jornada del lunes pasado, se llev\u00f3 a\ncabo el acto de asunci\u00f3n de autoridades de la Comisi\u00f3n Directiva de AEFIP\nSeccional Mercedes para el periodo 2019\/2023. En la sede de calle 28, Juan\nMart\u00edn Andr\u00e9s renov\u00f3 su cargo en la Secretar\u00eda General del gremio que re\u00fane a\nlos trabajadores impositivos y habl\u00f3 ante los presentes e invitados especiales.\n<\/p>\n\n\n\n<p>El Secretario General de la Seccional\nMercedes, Juan Mart\u00edn Andr\u00e9s indic\u00f3 en su discurso que \u201cen la unidad esta la\nfuerza, y el equipo es fundamental para cualquier conducci\u00f3n. Lo que hay es una\nfederalizaci\u00f3n del sindicato, que pretende que cada compa\u00f1ero en cada lugar de\ntrabajo se sienta a la par y en la misma situaci\u00f3n que estamos nosotros, porque\nen definitiva el sindicato somos todos\u201d.<\/p>\n\n\n\n<p>\u201cAgradecemos la presencia de todos, a los\ncompa\u00f1eros de la futura conducci\u00f3n nacional, y al Secretario Nacional electo de\nla Mesa Directiva Nacional,&nbsp; Pablo\nFlores, es la primera vez que viene un Secretario General a nuestra sede,\nestamos muy felices y muy agradecidos. Por sobre todas las cosas desde ac\u00e1\nsiempre vamos a estar acompa\u00f1ando y te deseamos el mejor de los \u00e9xitos\u201d, agreg\u00f3\nAndr\u00e9s. &nbsp;&nbsp;&nbsp;&nbsp;&nbsp;&nbsp;&nbsp;&nbsp;&nbsp;&nbsp;&nbsp;&nbsp;&nbsp;&nbsp;&nbsp;&nbsp;&nbsp;&nbsp;&nbsp;&nbsp;&nbsp;&nbsp;&nbsp;&nbsp;&nbsp;&nbsp;&nbsp;&nbsp;&nbsp; <\/p>\n\n\n\n<p>Finalmente, el Secretario General de AEFIP\nMercedes resalt\u00f3 que \u201ca nosotros los que nos mueve es el bien com\u00fan, el inter\u00e9s\ngeneral, el representar a nuestros compa\u00f1eros todos los d\u00edas con las mismas\nfrescuras que lo so\u00f1amos hace 10 a\u00f1os, y eso nos llena de esperanza, nadie cree\nque lleg\u00f3 a ning\u00fan techo, por el contrario reci\u00e9n estamos empezando\u201d <\/p>\n\n\n\n<p>Sobre el final del acto, el Secretario\nGeneral electo de la MDN Pablo Flores manifest\u00f3: \u201cQueremos que las seccionales\nsean protagonistas de una transformaci\u00f3n, que el camino sea por el dialogo, el\nentendimiento. Le deseamos el mayor de los \u00e9xitos a toda la comisi\u00f3n directiva,\ns\u00e9 que contamos con ustedes, tambi\u00e9n cuenten totalmente con nosotros\u201d. <\/p>\n\n\n\n<p>Desde la organizaci\u00f3n sindical impositiva\ndestacaron la presencia del Secretario General electo de la Mesa Directiva\nNacional, Pablo Flores, junto a miembros de la MDN, como el Secretario de\nEstudios Fiscales Roberto \u00c1lvarez, el Secretario Administrativo Mart\u00edn Torrilla\ny el Secretario de Organizaci\u00f3n e Interior Fabio Coppola, el intendente de\nMercedes Juan Ignacio Ustarroz, el Secretario General de la CGT Mario Vi\u00f1ales,\nla Presidenta del HCD Sabrina Vi\u00f1ales, presidentes de bloque del HCD y el\nDirector Regional Sergio Flossi, como as\u00ed la de diferentes dirigentes de\ninstituciones gremiales y agrupaciones sociales. <\/p>\n\n\n\n<p>Por \u00faltimo, desde el gremio impositivo\nindicaron que el 2 de diciembre se llevar\u00e1 a cabo la asunci\u00f3n de las\nautoridades de la Mesa Directiva Nacional, en la cual Juan Mart\u00edn Andr\u00e9s asumir\u00e1\ncomo Secretario de Asuntos Sociales. <\/p>\n","protected":false},"excerpt":{"rendered":"<p>La Comisi\u00f3n Directiva de la AEFIP Seccional Mercedes asumi\u00f3 para cumplir su mandato para el periodo 2019\/2023. Invitados de la &#8230; <a title=\"Juan Mart\u00edn Andr\u00e9s inici\u00f3 un nuevo periodo de la Secretar\u00eda General de AEFIP Mercedes\" class=\"read-more\" href=\"https:\/\/www.hoymercedes.com.ar\/principal\/2019\/11\/12\/juan-martin-andres-inicio-un-nuevo-periodo-de-la-secretaria-general-de-aefip-mercedes\/\" aria-label=\"Leer m\u00e1s sobre Juan Mart\u00edn Andr\u00e9s inici\u00f3 un nuevo periodo de la Secretar\u00eda General de AEFIP Mercedes\">Leer m\u00e1s<\/a><\/p>\n","protected":false},"author":1,"featured_media":102239,"comment_status":"closed","ping_status":"open","sticky":false,"template":"","format":"standard","meta":{"_monsterinsights_skip_tracking":false,"_monsterinsights_sitenote_active":false,"_monsterinsights_sitenote_note":"","_monsterinsights_sitenote_category":0,"jetpack_post_was_ever_published":false,"_jetpack_newsletter_access":"","_jetpack_dont_email_post_to_subs":false,"_jetpack_newsletter_tier_id":0,"_jetpack_memberships_contains_paywalled_content":false,"_jetpack_memberships_contains_paid_content":false,"footnotes":"","jetpack_publicize_message":"","jetpack_publicize_feature_enabled":true,"jetpack_social_post_already_shared":true,"jetpack_social_options":{"image_generator_settings":{"template":"highway","default_image_id":0,"font":"","enabled":false},"version":2},"_wpas_customize_per_network":false},"categories":[10563],"tags":[2381,8990,8799,1443],"class_list":["post-102238","post","type-post","status-publish","format-standard","has-post-thumbnail","hentry","category-gremios-sindicatos","tag-aefip","tag-autoridades","tag-gremios","tag-sindicatos","generate-columns","tablet-grid-50","mobile-grid-100","grid-parent","grid-50"],"jetpack_publicize_connections":[],"jetpack_featured_media_url":"https:\/\/www.hoymercedes.com.ar\/principal\/wp-content\/uploads\/2019\/11\/Los-integrantes-de-la-Comisi\u00f3n-Directiva-de-AEFIP-periodo-2019.2023-junto-a-Pablo-Flores.jpeg","wps_subtitle":"Acto realizado en la sede local","jetpack_sharing_enabled":true,"jetpack-related-posts":[{"id":163463,"url":"https:\/\/www.hoymercedes.com.ar\/principal\/2023\/06\/17\/andres-renovo-en-la-seccional-mercedes-de-aefip\/","url_meta":{"origin":102238,"position":0},"title":"Andr\u00e9s renov\u00f3 en la Seccional Mercedes de AEFIP","author":"hoymercedes","date":"17 junio, 2023","format":false,"excerpt":"La comisi\u00f3n directiva del gremio impositivo encabezada por el Secretario General Juan Mart\u00edn Andr\u00e9s fue reelecta para el siguiente periodo 2023-2027, obstuvo m\u00e1s del 90% de votos positivos, al no tener oposici\u00f3n.\u00a0 El pasado mi\u00e9rcoles se desarrollaron en el \u00e1mbito de toda la Seccional AEFIP\u00a0 Mercedes las elecciones que convocaron\u2026","rel":"","context":"En \u00abGremios - Sindicatos\u00bb","block_context":{"text":"Gremios - Sindicatos","link":"https:\/\/www.hoymercedes.com.ar\/principal\/category\/gremios-sindicatos\/"},"img":{"alt_text":"","src":"https:\/\/i0.wp.com\/www.hoymercedes.com.ar\/principal\/wp-content\/uploads\/2023\/06\/La-CD-fue-reelecta-para-conducir-el-siguiente-periodo.jpg?resize=350%2C200&ssl=1","width":350,"height":200,"srcset":"https:\/\/i0.wp.com\/www.hoymercedes.com.ar\/principal\/wp-content\/uploads\/2023\/06\/La-CD-fue-reelecta-para-conducir-el-siguiente-periodo.jpg?resize=350%2C200&ssl=1 1x, https:\/\/i0.wp.com\/www.hoymercedes.com.ar\/principal\/wp-content\/uploads\/2023\/06\/La-CD-fue-reelecta-para-conducir-el-siguiente-periodo.jpg?resize=525%2C300&ssl=1 1.5x, https:\/\/i0.wp.com\/www.hoymercedes.com.ar\/principal\/wp-content\/uploads\/2023\/06\/La-CD-fue-reelecta-para-conducir-el-siguiente-periodo.jpg?resize=700%2C400&ssl=1 2x"},"classes":[]},{"id":169398,"url":"https:\/\/www.hoymercedes.com.ar\/principal\/2023\/11\/12\/asumio-la-comision-directiva-de-aefip-seccional-mercedes\/","url_meta":{"origin":102238,"position":1},"title":"Asumi\u00f3 la Comisi\u00f3n Directiva de AEFIP Seccional Mercedes","author":"hoymercedes","date":"12 noviembre, 2023","format":false,"excerpt":"El pasado martes se desarroll\u00f3 el acto de asunci\u00f3n de la Comisi\u00f3n Directiva de la Seccional AEFIP Mercedes, encabezada por el Secretario General Juan Mart\u00edn Andr\u00e9s, \u00a0correspondiente al periodo 2023-2027. El mismo se desarroll\u00f3\u00a0 en un sal\u00f3n dirigentes y trabajadores del sector. El Secretario General de la MDN Pablo Flores\u2026","rel":"","context":"En \u00abSociedad\u00bb","block_context":{"text":"Sociedad","link":"https:\/\/www.hoymercedes.com.ar\/principal\/category\/sociedad\/"},"img":{"alt_text":"","src":"https:\/\/i0.wp.com\/www.hoymercedes.com.ar\/principal\/wp-content\/uploads\/2023\/11\/Comision-Directiva-Asuncion.jpg?resize=350%2C200&ssl=1","width":350,"height":200,"srcset":"https:\/\/i0.wp.com\/www.hoymercedes.com.ar\/principal\/wp-content\/uploads\/2023\/11\/Comision-Directiva-Asuncion.jpg?resize=350%2C200&ssl=1 1x, https:\/\/i0.wp.com\/www.hoymercedes.com.ar\/principal\/wp-content\/uploads\/2023\/11\/Comision-Directiva-Asuncion.jpg?resize=525%2C300&ssl=1 1.5x, https:\/\/i0.wp.com\/www.hoymercedes.com.ar\/principal\/wp-content\/uploads\/2023\/11\/Comision-Directiva-Asuncion.jpg?resize=700%2C400&ssl=1 2x"},"classes":[]},{"id":100276,"url":"https:\/\/www.hoymercedes.com.ar\/principal\/2019\/09\/23\/juan-martin-andres-integrara-la-mesa-directiva-nacional-de-aefip\/","url_meta":{"origin":102238,"position":2},"title":"Juan Mart\u00edn Andr\u00e9s integrar\u00e1 la Mesa Directiva Nacional de AEFIP","author":"hoymercedes","date":"23 septiembre, 2019","format":false,"excerpt":"Una nueva conducci\u00f3n del gremio impositivo nacional fue electa para el periodo 2019-2023. El referente de la Seccional de Mercedes fue designado como Secretario de Asuntos Sociales de la MDN. Tras reuni\u00f3n de Consejeros Nacionales de la Asociaci\u00f3n de Empleados Fiscales e Ingresos P\u00fablicos (AEFIP), una nueva conducci\u00f3n de la\u2026","rel":"","context":"En \u00abGremios - Sindicatos\u00bb","block_context":{"text":"Gremios - Sindicatos","link":"https:\/\/www.hoymercedes.com.ar\/principal\/category\/gremios-sindicatos\/"},"img":{"alt_text":"","src":"https:\/\/i0.wp.com\/www.hoymercedes.com.ar\/principal\/wp-content\/uploads\/2019\/09\/23-andres-aefip.jpg?resize=350%2C200&ssl=1","width":350,"height":200,"srcset":"https:\/\/i0.wp.com\/www.hoymercedes.com.ar\/principal\/wp-content\/uploads\/2019\/09\/23-andres-aefip.jpg?resize=350%2C200&ssl=1 1x, https:\/\/i0.wp.com\/www.hoymercedes.com.ar\/principal\/wp-content\/uploads\/2019\/09\/23-andres-aefip.jpg?resize=525%2C300&ssl=1 1.5x, https:\/\/i0.wp.com\/www.hoymercedes.com.ar\/principal\/wp-content\/uploads\/2019\/09\/23-andres-aefip.jpg?resize=700%2C400&ssl=1 2x"},"classes":[]},{"id":103638,"url":"https:\/\/www.hoymercedes.com.ar\/principal\/2019\/12\/07\/andres-asumio-en-la-mesa-directiva-nacional-de-aefip\/","url_meta":{"origin":102238,"position":3},"title":"Andr\u00e9s asumi\u00f3 en la Mesa Directiva Nacional de AEFIP","author":"hoymercedes","date":"7 diciembre, 2019","format":false,"excerpt":"El representante sindical de la Seccional Mercedes estar\u00e1 al frente de la Secretar\u00eda de Asuntos Sociales de la nueva conducci\u00f3n Nacional a cargo Pablo Flores. Contundente apoyo de representantes nacionales sindicales, sociales y pol\u00edticos. El jueves 5 de diciembre, a sala repleta en el hotel Intercontinental de la Ciudad de\u2026","rel":"","context":"En \u00abGremios - Sindicatos\u00bb","block_context":{"text":"Gremios - Sindicatos","link":"https:\/\/www.hoymercedes.com.ar\/principal\/category\/gremios-sindicatos\/"},"img":{"alt_text":"","src":"https:\/\/i0.wp.com\/www.hoymercedes.com.ar\/principal\/wp-content\/uploads\/2019\/12\/07-AFIPO.jpeg?resize=350%2C200&ssl=1","width":350,"height":200,"srcset":"https:\/\/i0.wp.com\/www.hoymercedes.com.ar\/principal\/wp-content\/uploads\/2019\/12\/07-AFIPO.jpeg?resize=350%2C200&ssl=1 1x, https:\/\/i0.wp.com\/www.hoymercedes.com.ar\/principal\/wp-content\/uploads\/2019\/12\/07-AFIPO.jpeg?resize=525%2C300&ssl=1 1.5x, https:\/\/i0.wp.com\/www.hoymercedes.com.ar\/principal\/wp-content\/uploads\/2019\/12\/07-AFIPO.jpeg?resize=700%2C400&ssl=1 2x"},"classes":[]},{"id":135745,"url":"https:\/\/www.hoymercedes.com.ar\/principal\/2021\/08\/22\/aefip-seccional-mercedes-cumple-65-anos-de-historia\/","url_meta":{"origin":102238,"position":4},"title":"AEFIP Seccional Mercedes cumple 65 a\u00f1os de historia","author":"hoymercedes","date":"22 agosto, 2021","format":false,"excerpt":"La instituci\u00f3n regional es parte de las delegaciones fundacionales del Gremio. Juan Mart\u00edn Andr\u00e9s: \u201cLlevamos adelante esta vocaci\u00f3n que se aprende con solidaridad, responsabilidad y compromiso\u201d Foto con historia; inauguraci\u00f3n de la sede actual en 2011. El 27 de agosto de 1956 se firm\u00f3 el Acta de Constituci\u00f3n, precisamente en\u2026","rel":"","context":"En \u00abGremios - Sindicatos\u00bb","block_context":{"text":"Gremios - Sindicatos","link":"https:\/\/www.hoymercedes.com.ar\/principal\/category\/gremios-sindicatos\/"},"img":{"alt_text":"","src":"https:\/\/i0.wp.com\/www.hoymercedes.com.ar\/principal\/wp-content\/uploads\/2021\/08\/Foto-con-historia-inauguracion-de-la-sede-actual-en-2011.-e1629669312309.jpg?resize=350%2C200&ssl=1","width":350,"height":200,"srcset":"https:\/\/i0.wp.com\/www.hoymercedes.com.ar\/principal\/wp-content\/uploads\/2021\/08\/Foto-con-historia-inauguracion-de-la-sede-actual-en-2011.-e1629669312309.jpg?resize=350%2C200&ssl=1 1x, https:\/\/i0.wp.com\/www.hoymercedes.com.ar\/principal\/wp-content\/uploads\/2021\/08\/Foto-con-historia-inauguracion-de-la-sede-actual-en-2011.-e1629669312309.jpg?resize=525%2C300&ssl=1 1.5x, https:\/\/i0.wp.com\/www.hoymercedes.com.ar\/principal\/wp-content\/uploads\/2021\/08\/Foto-con-historia-inauguracion-de-la-sede-actual-en-2011.-e1629669312309.jpg?resize=700%2C400&ssl=1 2x"},"classes":[]},{"id":145507,"url":"https:\/\/www.hoymercedes.com.ar\/principal\/2022\/03\/18\/eligieron-nuevos-delegados-de-la-seccional-mercedes-de-aefip\/","url_meta":{"origin":102238,"position":5},"title":"Eligieron nuevos delegados de la Seccional Mercedes de AEFIP","author":"hoymercedes","date":"18 marzo, 2022","format":false,"excerpt":"D\u00edas atr\u00e1s hubo elecciones en AEFIP Seccional Mercedes. Desde el gremio, resaltaron \u201cla importancia de que se sumen activamente a la estructura sindical, a los fines de trabajar en la defensa de los intereses de la familia impositiva\u201d. El pasado jueves 10 de marzo, se llevaron adelante las elecciones que\u2026","rel":"","context":"En \u00abGremios - Sindicatos\u00bb","block_context":{"text":"Gremios - Sindicatos","link":"https:\/\/www.hoymercedes.com.ar\/principal\/category\/gremios-sindicatos\/"},"img":{"alt_text":"","src":"https:\/\/i0.wp.com\/www.hoymercedes.com.ar\/principal\/wp-content\/uploads\/2011\/12\/Aefip-sede-II.jpg?resize=350%2C200&ssl=1","width":350,"height":200,"srcset":"https:\/\/i0.wp.com\/www.hoymercedes.com.ar\/principal\/wp-content\/uploads\/2011\/12\/Aefip-sede-II.jpg?resize=350%2C200&ssl=1 1x, https:\/\/i0.wp.com\/www.hoymercedes.com.ar\/principal\/wp-content\/uploads\/2011\/12\/Aefip-sede-II.jpg?resize=525%2C300&ssl=1 1.5x"},"classes":[]}],"_links":{"self":[{"href":"https:\/\/www.hoymercedes.com.ar\/principal\/wp-json\/wp\/v2\/posts\/102238","targetHints":{"allow":["GET"]}}],"collection":[{"href":"https:\/\/www.hoymercedes.com.ar\/principal\/wp-json\/wp\/v2\/posts"}],"about":[{"href":"https:\/\/www.hoymercedes.com.ar\/principal\/wp-json\/wp\/v2\/types\/post"}],"author":[{"embeddable":true,"href":"https:\/\/www.hoymercedes.com.ar\/principal\/wp-json\/wp\/v2\/users\/1"}],"replies":[{"embeddable":true,"href":"https:\/\/www.hoymercedes.com.ar\/principal\/wp-json\/wp\/v2\/comments?post=102238"}],"version-history":[{"count":0,"href":"https:\/\/www.hoymercedes.com.ar\/principal\/wp-json\/wp\/v2\/posts\/102238\/revisions"}],"wp:featuredmedia":[{"embeddable":true,"href":"https:\/\/www.hoymercedes.com.ar\/principal\/wp-json\/wp\/v2\/media\/102239"}],"wp:attachment":[{"href":"https:\/\/www.hoymercedes.com.ar\/principal\/wp-json\/wp\/v2\/media?parent=102238"}],"wp:term":[{"taxonomy":"category","embeddable":true,"href":"https:\/\/www.hoymercedes.com.ar\/principal\/wp-json\/wp\/v2\/categories?post=102238"},{"taxonomy":"post_tag","embeddable":true,"href":"https:\/\/www.hoymercedes.com.ar\/principal\/wp-json\/wp\/v2\/tags?post=102238"}],"curies":[{"name":"wp","href":"https:\/\/api.w.org\/{rel}","templated":true}]}}