{"id":102250,"date":"2019-11-14T11:19:19","date_gmt":"2019-11-14T14:19:19","guid":{"rendered":"http:\/\/www.hoymercedes.com.ar\/principal\/?p=102250"},"modified":"2019-11-12T20:23:48","modified_gmt":"2019-11-12T23:23:48","slug":"club-estudiantes-participo-de-la-tercera-fecha-del-metropolitano","status":"publish","type":"post","link":"https:\/\/www.hoymercedes.com.ar\/principal\/2019\/11\/14\/club-estudiantes-participo-de-la-tercera-fecha-del-metropolitano\/","title":{"rendered":"Club Estudiantes particip\u00f3 de la tercera fecha del Metropolitano"},"content":{"rendered":"\n<p>Las alumnas federadas del Club Estudiantes, acompa\u00f1adas por sus t\u00e9cnicas Nacionales Candela y Sof\u00eda Bruschi, participaron de la tercera jornada del segundo Metropolitano de la divisional C, organizado por la Federaci\u00f3n Porte\u00f1a de Pat\u00edn. Todo se realiz\u00f3 los d\u00edas 9 y 10 de noviembre en el Centro Integral de Pat\u00edn (CIPA) ubicado en Avellaneda. Las patinadoras consiguieron excelentes resultados:<\/p>\n\n\n\n<figure class=\"wp-block-image\"><img loading=\"lazy\" decoding=\"async\" width=\"856\" height=\"512\" data-attachment-id=\"102251\" data-permalink=\"https:\/\/www.hoymercedes.com.ar\/principal\/2019\/11\/14\/club-estudiantes-participo-de-la-tercera-fecha-del-metropolitano\/598f68b7-d369-4d0e-9947-f078f717557f\/#main\" data-orig-file=\"https:\/\/www.hoymercedes.com.ar\/principal\/wp-content\/uploads\/2019\/11\/598f68b7-d369-4d0e-9947-f078f717557f.jpg\" data-orig-size=\"856,512\" data-comments-opened=\"0\" data-image-meta=\"{&quot;aperture&quot;:&quot;0&quot;,&quot;credit&quot;:&quot;&quot;,&quot;camera&quot;:&quot;&quot;,&quot;caption&quot;:&quot;&quot;,&quot;created_timestamp&quot;:&quot;0&quot;,&quot;copyright&quot;:&quot;&quot;,&quot;focal_length&quot;:&quot;0&quot;,&quot;iso&quot;:&quot;0&quot;,&quot;shutter_speed&quot;:&quot;0&quot;,&quot;title&quot;:&quot;&quot;,&quot;orientation&quot;:&quot;0&quot;}\" data-image-title=\"598f68b7-d369-4d0e-9947-f078f717557f\" data-image-description=\"\" data-image-caption=\"\" data-large-file=\"https:\/\/www.hoymercedes.com.ar\/principal\/wp-content\/uploads\/2019\/11\/598f68b7-d369-4d0e-9947-f078f717557f.jpg\" src=\"https:\/\/www.hoymercedes.com.ar\/principal\/wp-content\/uploads\/2019\/11\/598f68b7-d369-4d0e-9947-f078f717557f.jpg\" alt=\"\" class=\"wp-image-102251\" srcset=\"https:\/\/www.hoymercedes.com.ar\/principal\/wp-content\/uploads\/2019\/11\/598f68b7-d369-4d0e-9947-f078f717557f.jpg 856w, https:\/\/www.hoymercedes.com.ar\/principal\/wp-content\/uploads\/2019\/11\/598f68b7-d369-4d0e-9947-f078f717557f-150x90.jpg 150w, https:\/\/www.hoymercedes.com.ar\/principal\/wp-content\/uploads\/2019\/11\/598f68b7-d369-4d0e-9947-f078f717557f-630x377.jpg 630w, https:\/\/www.hoymercedes.com.ar\/principal\/wp-content\/uploads\/2019\/11\/598f68b7-d369-4d0e-9947-f078f717557f-445x265.jpg 445w\" sizes=\"auto, (max-width: 856px) 100vw, 856px\" \/><\/figure>\n\n\n\n<p>5 C 11 a\u00f1os: Sof\u00eda Barrag\u00e1n tercer puesto.<br>4 C 16 a\u00f1os: Ail\u00e9n Morales segundo puesto.<\/p>\n\n\n\n<p>Sus t\u00e9cnicas felicitan a Sof\u00eda y Ail\u00e9n por los excelentes resultados.<\/p>\n","protected":false},"excerpt":{"rendered":"<p>Las alumnas federadas del Club Estudiantes, acompa\u00f1adas por sus t\u00e9cnicas Nacionales Candela y Sof\u00eda Bruschi, participaron de la tercera jornada &#8230; <a title=\"Club Estudiantes particip\u00f3 de la tercera fecha del Metropolitano\" class=\"read-more\" href=\"https:\/\/www.hoymercedes.com.ar\/principal\/2019\/11\/14\/club-estudiantes-participo-de-la-tercera-fecha-del-metropolitano\/\" aria-label=\"Leer m\u00e1s sobre Club Estudiantes particip\u00f3 de la tercera fecha del Metropolitano\">Leer m\u00e1s<\/a><\/p>\n","protected":false},"author":1,"featured_media":102251,"comment_status":"closed","ping_status":"open","sticky":false,"template":"","format":"standard","meta":{"_monsterinsights_skip_tracking":false,"_monsterinsights_sitenote_active":false,"_monsterinsights_sitenote_note":"","_monsterinsights_sitenote_category":0,"jetpack_post_was_ever_published":false,"_jetpack_newsletter_access":"","_jetpack_dont_email_post_to_subs":false,"_jetpack_newsletter_tier_id":0,"_jetpack_memberships_contains_paywalled_content":false,"_jetpack_memberships_contains_paid_content":false,"footnotes":"","jetpack_publicize_message":"","jetpack_publicize_feature_enabled":true,"jetpack_social_post_already_shared":true,"jetpack_social_options":{"image_generator_settings":{"template":"highway","default_image_id":0,"font":"","enabled":false},"version":2},"_wpas_customize_per_network":false},"categories":[21],"tags":[3388,9183],"class_list":["post-102250","post","type-post","status-publish","format-standard","has-post-thumbnail","hentry","category-deportes","tag-club-estudiantes","tag-patin-artistico","generate-columns","tablet-grid-50","mobile-grid-100","grid-parent","grid-50"],"jetpack_publicize_connections":[],"jetpack_featured_media_url":"https:\/\/www.hoymercedes.com.ar\/principal\/wp-content\/uploads\/2019\/11\/598f68b7-d369-4d0e-9947-f078f717557f.jpg","wps_subtitle":"Pat\u00edn Art\u00edstico","jetpack_sharing_enabled":true,"_links":{"self":[{"href":"https:\/\/www.hoymercedes.com.ar\/principal\/wp-json\/wp\/v2\/posts\/102250","targetHints":{"allow":["GET"]}}],"collection":[{"href":"https:\/\/www.hoymercedes.com.ar\/principal\/wp-json\/wp\/v2\/posts"}],"about":[{"href":"https:\/\/www.hoymercedes.com.ar\/principal\/wp-json\/wp\/v2\/types\/post"}],"author":[{"embeddable":true,"href":"https:\/\/www.hoymercedes.com.ar\/principal\/wp-json\/wp\/v2\/users\/1"}],"replies":[{"embeddable":true,"href":"https:\/\/www.hoymercedes.com.ar\/principal\/wp-json\/wp\/v2\/comments?post=102250"}],"version-history":[{"count":0,"href":"https:\/\/www.hoymercedes.com.ar\/principal\/wp-json\/wp\/v2\/posts\/102250\/revisions"}],"wp:featuredmedia":[{"embeddable":true,"href":"https:\/\/www.hoymercedes.com.ar\/principal\/wp-json\/wp\/v2\/media\/102251"}],"wp:attachment":[{"href":"https:\/\/www.hoymercedes.com.ar\/principal\/wp-json\/wp\/v2\/media?parent=102250"}],"wp:term":[{"taxonomy":"category","embeddable":true,"href":"https:\/\/www.hoymercedes.com.ar\/principal\/wp-json\/wp\/v2\/categories?post=102250"},{"taxonomy":"post_tag","embeddable":true,"href":"https:\/\/www.hoymercedes.com.ar\/principal\/wp-json\/wp\/v2\/tags?post=102250"}],"curies":[{"name":"wp","href":"https:\/\/api.w.org\/{rel}","templated":true}]}}