{"id":102260,"date":"2019-11-13T08:11:52","date_gmt":"2019-11-13T11:11:52","guid":{"rendered":"http:\/\/www.hoymercedes.com.ar\/principal\/?p=102260"},"modified":"2019-11-13T17:51:25","modified_gmt":"2019-11-13T20:51:25","slug":"maria-amalia-de-marco-es-la-nueva-secretaria-general-de-la-ueb-mercedes","status":"publish","type":"post","link":"https:\/\/www.hoymercedes.com.ar\/principal\/2019\/11\/13\/maria-amalia-de-marco-es-la-nueva-secretaria-general-de-la-ueb-mercedes\/","title":{"rendered":"Mar\u00eda Amalia De Marco es la nueva Secretaria General de la UEB Mercedes"},"content":{"rendered":"\n<p><em>Estar\u00e1 a cargo del gremio docente por los pr\u00f3ximos cuatro a\u00f1os.\u00a0 Ciento setenta y cinco afiliados participaron de la elecci\u00f3n en la que se hab\u00eda presentado una \u00fanica lista. La comisi\u00f3n actual tiene entre los cargos principales a Adri\u00e1n Bianchi, Luciano Bonafina, Paulina Luna y Gladys Paz.<\/em><\/p>\n\n\n\n<figure class=\"wp-block-image\"><img loading=\"lazy\" decoding=\"async\" width=\"800\" height=\"600\" data-attachment-id=\"102261\" data-permalink=\"https:\/\/www.hoymercedes.com.ar\/principal\/2019\/11\/13\/maria-amalia-de-marco-es-la-nueva-secretaria-general-de-la-ueb-mercedes\/img_20191112_211520528\/#main\" data-orig-file=\"https:\/\/www.hoymercedes.com.ar\/principal\/wp-content\/uploads\/2019\/11\/IMG_20191112_211520528.jpg\" data-orig-size=\"800,600\" data-comments-opened=\"0\" data-image-meta=\"{&quot;aperture&quot;:&quot;2&quot;,&quot;credit&quot;:&quot;&quot;,&quot;camera&quot;:&quot;Moto G (5S) Plus&quot;,&quot;caption&quot;:&quot;&quot;,&quot;created_timestamp&quot;:&quot;1573593321&quot;,&quot;copyright&quot;:&quot;&quot;,&quot;focal_length&quot;:&quot;3.59&quot;,&quot;iso&quot;:&quot;215&quot;,&quot;shutter_speed&quot;:&quot;0.03030303030303&quot;,&quot;title&quot;:&quot;&quot;,&quot;orientation&quot;:&quot;1&quot;}\" data-image-title=\"IMG_20191112_211520528\" data-image-description=\"\" data-image-caption=\"\" data-large-file=\"https:\/\/www.hoymercedes.com.ar\/principal\/wp-content\/uploads\/2019\/11\/IMG_20191112_211520528.jpg\" src=\"https:\/\/www.hoymercedes.com.ar\/principal\/wp-content\/uploads\/2019\/11\/IMG_20191112_211520528.jpg\" alt=\"\" class=\"wp-image-102261\" srcset=\"https:\/\/www.hoymercedes.com.ar\/principal\/wp-content\/uploads\/2019\/11\/IMG_20191112_211520528.jpg 800w, https:\/\/www.hoymercedes.com.ar\/principal\/wp-content\/uploads\/2019\/11\/IMG_20191112_211520528-150x113.jpg 150w, https:\/\/www.hoymercedes.com.ar\/principal\/wp-content\/uploads\/2019\/11\/IMG_20191112_211520528-630x473.jpg 630w\" sizes=\"auto, (max-width: 800px) 100vw, 800px\" \/><\/figure>\n\n\n\n<p>Durante la jornada de este martes, la Uni\u00f3n de Educadores\nBonaerenses de Mercedes concret\u00f3 el acto eleccionario en donde una sola lista\nse present\u00f3 para conformar la comisi\u00f3n directiva. La lista encabezada por\nintegrantes de la comisi\u00f3n que conclu\u00eda su mandato y algunos nuevos integrantes\nque eran delegados de las escuelas comienzan en sus cargos este mismo d\u00eda. <\/p>\n\n\n\n<p>Pasadas las nueve de la noche la junta electoral\nintegrada por Bibiana Ferrari, Marisa Defelippe y Mar\u00eda del Carmen Lossino,\ncerraron los comicios de las ocho mesas instaladas en el gremio y en distintas\nescuelas de la ciudad para que votasen los 930 afiliados entre jubilados y\ntrabajadores en actividad. Solo 175 afiliados participaron de la elecci\u00f3n. De\nellos, uno s\u00f3lo vot\u00f3 en blanco. Mientras que la amplia mayor\u00eda de los participantes\nexpresaron su acompa\u00f1amiento a la lista Blanca N\u00b0 19 que encabez\u00f3 Mar\u00eda Amalia\nDe Marco, ingeniera agr\u00f3noma y docente de materias de Ciencias Naturales desde\nhace 25 a\u00f1os. Desde sus inicios en la docencia est\u00e1 agremiada, activamente\nparticip\u00f3 como delegada gremial en el Colegio Nacional, pero hace unos seis\na\u00f1os comenz\u00f3 a participar de la comisi\u00f3n directiva de la UEB Mercedes. En la\ncomisi\u00f3n saliente, Mar\u00eda Amalia De Marco era vocal primera. <\/p>\n\n\n\n<p>Cuando toman conocimiento que Silvia Gandolfi no\ncontinuar\u00eda al frente del gremio, entre los integrantes de la comisi\u00f3n\ncomenzaron a ver qui\u00e9n podr\u00eda sucederla. Varios sugirieron que la De Marco\nfuese la continuadora. \u201cAl estar en la comisi\u00f3n de POF y MAD como representante\ndel gremio, me permiti\u00f3 estar m\u00e1s en el gremio y trabajar mucho m\u00e1s en la\nnormativa y problem\u00e1ticas de los docentes. Mi idea era continuar y apoyar a la\npersona que quisiese continuar. Cuando me lo sugirieron, lo empec\u00e9 a pensar\nmejor, y acept\u00e9\u201d, cont\u00f3 la profesora de Ciencias Naturales. <\/p>\n\n\n\n<p>\u201cYo pensaba jubilarme y colaborar en el gremio. Siempre consider\u00e9 que cuando uno hace una experiencia, tiene que transmitirlo y pasarlo. El desaf\u00edo personal es organizar con los tiempos hasta que llegue la jubilaci\u00f3n. Yo sigo frente al aula y eso requiere un tiempo importante. No hay un cambio abrupto en la comisi\u00f3n. Yo vengo integrando la comisi\u00f3n con Silvia (Gandolfi) y muchos de los chicos tambi\u00e9n la integraban. En gran medida, va a ser una continuidad, porque participaba de la toma de decisiones. Por supuesto habr\u00e1 diferencias en el estilo de manejo, porque somos personas distintas. Adem\u00e1s se incorpora gente nueva, joven, con pocos a\u00f1os de antig\u00fcedad, y en los \u00faltimos tiempos hubo muchos cambios en la docencia, y es bueno estas nuevas incorporaciones\u201d, agreg\u00f3 la profesora De Marco que espera, a su vez, definiciones en cuanto al nuevo gobierno bonaerense en cuanto a las paritarias docentes que deben definirse antes del inicio de las clases y a la espera de las titularizaciones que los docentes tendr\u00e1n en el mes de diciembre.\u00a0 <\/p>\n\n\n\n<figure class=\"wp-block-image\"><img loading=\"lazy\" decoding=\"async\" width=\"800\" height=\"600\" data-attachment-id=\"102262\" data-permalink=\"https:\/\/www.hoymercedes.com.ar\/principal\/2019\/11\/13\/maria-amalia-de-marco-es-la-nueva-secretaria-general-de-la-ueb-mercedes\/img_20191112_205210436_burst000_cover_top\/#main\" data-orig-file=\"https:\/\/www.hoymercedes.com.ar\/principal\/wp-content\/uploads\/2019\/11\/IMG_20191112_205210436_BURST000_COVER_TOP.jpg\" data-orig-size=\"800,600\" data-comments-opened=\"0\" data-image-meta=\"{&quot;aperture&quot;:&quot;2&quot;,&quot;credit&quot;:&quot;&quot;,&quot;camera&quot;:&quot;Moto G (5S) Plus&quot;,&quot;caption&quot;:&quot;&quot;,&quot;created_timestamp&quot;:&quot;1573591931&quot;,&quot;copyright&quot;:&quot;&quot;,&quot;focal_length&quot;:&quot;3.59&quot;,&quot;iso&quot;:&quot;1300&quot;,&quot;shutter_speed&quot;:&quot;0.058823529411765&quot;,&quot;title&quot;:&quot;&quot;,&quot;orientation&quot;:&quot;1&quot;}\" data-image-title=\"IMG_20191112_205210436_BURST000_COVER_TOP\" data-image-description=\"\" data-image-caption=\"\" data-large-file=\"https:\/\/www.hoymercedes.com.ar\/principal\/wp-content\/uploads\/2019\/11\/IMG_20191112_205210436_BURST000_COVER_TOP.jpg\" src=\"https:\/\/www.hoymercedes.com.ar\/principal\/wp-content\/uploads\/2019\/11\/IMG_20191112_205210436_BURST000_COVER_TOP.jpg\" alt=\"\" class=\"wp-image-102262\" srcset=\"https:\/\/www.hoymercedes.com.ar\/principal\/wp-content\/uploads\/2019\/11\/IMG_20191112_205210436_BURST000_COVER_TOP.jpg 800w, https:\/\/www.hoymercedes.com.ar\/principal\/wp-content\/uploads\/2019\/11\/IMG_20191112_205210436_BURST000_COVER_TOP-150x113.jpg 150w, https:\/\/www.hoymercedes.com.ar\/principal\/wp-content\/uploads\/2019\/11\/IMG_20191112_205210436_BURST000_COVER_TOP-630x473.jpg 630w\" sizes=\"auto, (max-width: 800px) 100vw, 800px\" \/><\/figure>\n\n\n\n<p><strong>Comisi\u00f3n Directiva<\/strong><\/p>\n\n\n\n<p>La Comisi\u00f3n Directiva est\u00e1 encabezada por Mar\u00eda Amalia De\nMarco en la Secretar\u00eda General, Adri\u00e1n Bianchi contin\u00faa como Secretario\nAdjunto; mientras que Luciano Bonafina ser\u00e1 el Secretario Gremial; Paulina Luna\nla Secretaria Administrativa y Gladys Paz la Secretaria de Finanzas. <\/p>\n\n\n\n<p>Los Vocales Titulares son Marcia Beltramini, Claudia\nLucero, Ariel Boero, Anal\u00eda Skrypczuk, Paola Alfaro. En tanto, los suplentes\nson Agust\u00edn Blanco, Mar\u00eda Soledad Dadea, Daniel Santilli, Mar\u00eda Celeste De\nBiagi y Ang\u00e9lica Mandaglio. <\/p>\n\n\n\n<p>La Comisi\u00f3n Revisora de Cuentas y Fiscalizadora est\u00e1\nintegrada por Andrea Mi\u00f1o, Mar\u00eda Florencia Palomero y Marisa Siri como\ntitulares y Silvia Giorgetta, Priscila Siri y Romina Casavalle como suplentes. <\/p>\n\n\n\n<p>Los congresales titulares son Mar\u00eda Amalia De Marco,\nAdri\u00e1n Bianchi y Luciano Bonafina y los suplentes son Paulina Luna, Marcia\nBeltramini y Claudia Lucero. <\/p>\n\n\n\n<p>Por su parte, Silvia Gandolfi dej\u00f3 su cargo en la\nSecretar\u00eda General de la Uni\u00f3n de Educadores Bonaerenses de Mercedes y tampoco\nest\u00e1 en la comisi\u00f3n directiva que asume hoy. Hace 30 a\u00f1os que arranc\u00f3 en el\ngremio y anunci\u00f3 su retiro a la actividad gremial, aunque continuar\u00e1\nparticipando en organizaciones sociales y colaborando con la comisi\u00f3n gremial. <\/p>\n","protected":false},"excerpt":{"rendered":"<p>Estar\u00e1 a cargo del gremio docente por los pr\u00f3ximos cuatro a\u00f1os.\u00a0 Ciento setenta y cinco afiliados participaron de la elecci\u00f3n &#8230; <a title=\"Mar\u00eda Amalia De Marco es la nueva Secretaria General de la UEB Mercedes\" class=\"read-more\" href=\"https:\/\/www.hoymercedes.com.ar\/principal\/2019\/11\/13\/maria-amalia-de-marco-es-la-nueva-secretaria-general-de-la-ueb-mercedes\/\" aria-label=\"Leer m\u00e1s sobre Mar\u00eda Amalia De Marco es la nueva Secretaria General de la UEB Mercedes\">Leer m\u00e1s<\/a><\/p>\n","protected":false},"author":1,"featured_media":102262,"comment_status":"closed","ping_status":"open","sticky":false,"template":"","format":"standard","meta":{"_monsterinsights_skip_tracking":false,"_monsterinsights_sitenote_active":false,"_monsterinsights_sitenote_note":"","_monsterinsights_sitenote_category":0,"jetpack_post_was_ever_published":false,"_jetpack_newsletter_access":"","_jetpack_dont_email_post_to_subs":false,"_jetpack_newsletter_tier_id":0,"_jetpack_memberships_contains_paywalled_content":false,"_jetpack_memberships_contains_paid_content":false,"footnotes":"","jetpack_publicize_message":"","jetpack_publicize_feature_enabled":true,"jetpack_social_post_already_shared":true,"jetpack_social_options":{"image_generator_settings":{"template":"highway","default_image_id":0,"font":"","enabled":false},"version":2},"_wpas_customize_per_network":false},"categories":[10563],"tags":[484,47,9142,8799,1027],"class_list":["post-102260","post","type-post","status-publish","format-standard","has-post-thumbnail","hentry","category-gremios-sindicatos","tag-docentes","tag-educacion-2","tag-elecciones","tag-gremios","tag-ueb","generate-columns","tablet-grid-50","mobile-grid-100","grid-parent","grid-50"],"jetpack_publicize_connections":[],"jetpack_featured_media_url":"https:\/\/www.hoymercedes.com.ar\/principal\/wp-content\/uploads\/2019\/11\/IMG_20191112_205210436_BURST000_COVER_TOP.jpg","wps_subtitle":"Elecciones gremiales","jetpack_sharing_enabled":true,"_links":{"self":[{"href":"https:\/\/www.hoymercedes.com.ar\/principal\/wp-json\/wp\/v2\/posts\/102260","targetHints":{"allow":["GET"]}}],"collection":[{"href":"https:\/\/www.hoymercedes.com.ar\/principal\/wp-json\/wp\/v2\/posts"}],"about":[{"href":"https:\/\/www.hoymercedes.com.ar\/principal\/wp-json\/wp\/v2\/types\/post"}],"author":[{"embeddable":true,"href":"https:\/\/www.hoymercedes.com.ar\/principal\/wp-json\/wp\/v2\/users\/1"}],"replies":[{"embeddable":true,"href":"https:\/\/www.hoymercedes.com.ar\/principal\/wp-json\/wp\/v2\/comments?post=102260"}],"version-history":[{"count":0,"href":"https:\/\/www.hoymercedes.com.ar\/principal\/wp-json\/wp\/v2\/posts\/102260\/revisions"}],"wp:featuredmedia":[{"embeddable":true,"href":"https:\/\/www.hoymercedes.com.ar\/principal\/wp-json\/wp\/v2\/media\/102262"}],"wp:attachment":[{"href":"https:\/\/www.hoymercedes.com.ar\/principal\/wp-json\/wp\/v2\/media?parent=102260"}],"wp:term":[{"taxonomy":"category","embeddable":true,"href":"https:\/\/www.hoymercedes.com.ar\/principal\/wp-json\/wp\/v2\/categories?post=102260"},{"taxonomy":"post_tag","embeddable":true,"href":"https:\/\/www.hoymercedes.com.ar\/principal\/wp-json\/wp\/v2\/tags?post=102260"}],"curies":[{"name":"wp","href":"https:\/\/api.w.org\/{rel}","templated":true}]}}