{"id":102265,"date":"2019-11-13T13:00:07","date_gmt":"2019-11-13T16:00:07","guid":{"rendered":"http:\/\/www.hoymercedes.com.ar\/principal\/?p=102265"},"modified":"2019-11-13T17:51:07","modified_gmt":"2019-11-13T20:51:07","slug":"reconocen-al-cept-n-4-por-su-participacion-en-la-fiesta-nacional-del-salame","status":"publish","type":"post","link":"https:\/\/www.hoymercedes.com.ar\/principal\/2019\/11\/13\/reconocen-al-cept-n-4-por-su-participacion-en-la-fiesta-nacional-del-salame\/","title":{"rendered":"Reconocen al CEPT N\u00b0 4 por su participaci\u00f3n en la Fiesta Nacional del Salame"},"content":{"rendered":"\n<p><em>El proyecto de elaboraci\u00f3n del Salame Quintero que la instituci\u00f3n de educaci\u00f3n de alternancia viene desarrollando fue reconocido por los Concejales. Los alumnos y docentes compitieron entre los productores. <\/em><\/p>\n\n\n\n<figure class=\"wp-block-image\"><img loading=\"lazy\" decoding=\"async\" width=\"800\" height=\"600\" data-attachment-id=\"102267\" data-permalink=\"https:\/\/www.hoymercedes.com.ar\/principal\/2019\/11\/13\/reconocen-al-cept-n-4-por-su-participacion-en-la-fiesta-nacional-del-salame\/img-20191112-wa0007\/#main\" data-orig-file=\"https:\/\/www.hoymercedes.com.ar\/principal\/wp-content\/uploads\/2019\/11\/IMG-20191112-WA0007.jpg\" data-orig-size=\"800,600\" data-comments-opened=\"0\" data-image-meta=\"{&quot;aperture&quot;:&quot;0&quot;,&quot;credit&quot;:&quot;&quot;,&quot;camera&quot;:&quot;&quot;,&quot;caption&quot;:&quot;&quot;,&quot;created_timestamp&quot;:&quot;0&quot;,&quot;copyright&quot;:&quot;&quot;,&quot;focal_length&quot;:&quot;0&quot;,&quot;iso&quot;:&quot;0&quot;,&quot;shutter_speed&quot;:&quot;0&quot;,&quot;title&quot;:&quot;&quot;,&quot;orientation&quot;:&quot;0&quot;}\" data-image-title=\"IMG-20191112-WA0007\" data-image-description=\"\" data-image-caption=\"\" data-large-file=\"https:\/\/www.hoymercedes.com.ar\/principal\/wp-content\/uploads\/2019\/11\/IMG-20191112-WA0007.jpg\" src=\"https:\/\/www.hoymercedes.com.ar\/principal\/wp-content\/uploads\/2019\/11\/IMG-20191112-WA0007.jpg\" alt=\"\" class=\"wp-image-102267\" srcset=\"https:\/\/www.hoymercedes.com.ar\/principal\/wp-content\/uploads\/2019\/11\/IMG-20191112-WA0007.jpg 800w, https:\/\/www.hoymercedes.com.ar\/principal\/wp-content\/uploads\/2019\/11\/IMG-20191112-WA0007-150x113.jpg 150w, https:\/\/www.hoymercedes.com.ar\/principal\/wp-content\/uploads\/2019\/11\/IMG-20191112-WA0007-630x473.jpg 630w\" sizes=\"auto, (max-width: 800px) 100vw, 800px\" \/><\/figure>\n\n\n\n<p>En el marco de la\nsesi\u00f3n del Concejo Deliberante realizada en las \u00faltimas horas del pasado lunes,\nlos legisladores de la ciudad concretaron un reconocimiento a alumnos y\ndocentes del Centro Educativo para la Producci\u00f3n Total N\u00b0 4 de Mercedes por su\nparticipaci\u00f3n en la Fiesta Nacional del Salame Quintero con su proyecto de\nelaboraci\u00f3n del Salame Quintero. <\/p>\n\n\n\n<p>En sesiones\nanteriores, una resoluci\u00f3n un\u00e1nime declar\u00f3 de inter\u00e9s legislativo la participaci\u00f3n\nen la elaboraci\u00f3n de salame quintero de los alumnos del CEPT N\u00ba 4. Alumnos y\ndocentes participaban por primera vez en la Fiesta Nacional del Salame Quintero\ncomo productores y compet\u00edan en el certamen a la mejor producci\u00f3n. A\u00f1os\nanteriores, la instituci\u00f3n educativa fue parte de las demostraciones y de la\nmuestra de las escuelas t\u00e9cnicas. <\/p>\n\n\n\n<p>Este a\u00f1o fueron por\nm\u00e1s y presentaron algunas muestras para la evaluaci\u00f3n del jurado. Aunque s\u00f3lo\nuno de los cursos estuvo entre los primeros diez puestos, s\u00ed lograron una\nexperiencia y una devoluci\u00f3n del jurado que les permitir\u00e1 seguir trabajando. <\/p>\n\n\n\n<p>Las autoridades\nlegislativas convocaron a los estudiantes y docentes para recibir la\ndistinci\u00f3n. As\u00ed es como el Director Fabi\u00e1n Rodr\u00edguez, junto al docente Leonardo\nFagundez y Lourdes Piccone y los alumnos que pudieron hacerse presentes\nrecibieron el diploma destinado a cada uno de los que formaron parte del proyecto\nllevado a cabo dentro del espacio curricular \u00abGesti\u00f3n de Proyectos. Pr\u00e1cticas\nprofesionalizantes\u00bb. <\/p>\n\n\n\n<p>A la hora de\nagradecer la distinci\u00f3n, el director Rodr\u00edguez y el profesor Fagundez contaron\nque el proyecto fue surgiendo en el marco de las pr\u00e1cticas laborales para los\nalumnos del \u00faltimo a\u00f1o. \u201cFuimos haciendo de a poco la producci\u00f3n, hasta que\ndecidimos hacer una faena completa. Tanto fue el entusiasmo que los chicos no\nsal\u00edan al recreo para seguir eligiendo carnes, cortando tocinos. El a\u00f1o pasado\nparticiparon de la demostraci\u00f3n y este a\u00f1o presentamos cuatro muestras de\ncuatro cursos diferentes se presentaron\u201d, explic\u00f3 Fagundez. <\/p>\n\n\n\n<p>\u201cEl impacto mayor fue cuando subieron a la premiaci\u00f3n y se quedaron enloquecidos al ver tanta gente presente. Y el a\u00f1o pr\u00f3ximo se redoblar\u00e1 la apuesta. Adem\u00e1s de agradecerles a los concejales, queremos reconocer y agradecer a un productor que falleci\u00f3 a los pocos d\u00edas de la fiesta, Oscar Cigliotti. \u00c9l fue uno de los que nos impuls\u00f3 y nos acompa\u00f1\u00f3 d\u00e1ndonos algunas pautas para mejorar la producci\u00f3n\u201d, agreg\u00f3 el docente. <\/p>\n\n\n\n<figure class=\"wp-block-image\"><img loading=\"lazy\" decoding=\"async\" width=\"800\" height=\"533\" data-attachment-id=\"102266\" data-permalink=\"https:\/\/www.hoymercedes.com.ar\/principal\/2019\/11\/13\/reconocen-al-cept-n-4-por-su-participacion-en-la-fiesta-nacional-del-salame\/img-20191112-wa0009\/#main\" data-orig-file=\"https:\/\/www.hoymercedes.com.ar\/principal\/wp-content\/uploads\/2019\/11\/IMG-20191112-WA0009.jpg\" data-orig-size=\"800,533\" data-comments-opened=\"0\" data-image-meta=\"{&quot;aperture&quot;:&quot;0&quot;,&quot;credit&quot;:&quot;&quot;,&quot;camera&quot;:&quot;&quot;,&quot;caption&quot;:&quot;&quot;,&quot;created_timestamp&quot;:&quot;0&quot;,&quot;copyright&quot;:&quot;&quot;,&quot;focal_length&quot;:&quot;0&quot;,&quot;iso&quot;:&quot;0&quot;,&quot;shutter_speed&quot;:&quot;0&quot;,&quot;title&quot;:&quot;&quot;,&quot;orientation&quot;:&quot;0&quot;}\" data-image-title=\"IMG-20191112-WA0009\" data-image-description=\"\" data-image-caption=\"\" data-large-file=\"https:\/\/www.hoymercedes.com.ar\/principal\/wp-content\/uploads\/2019\/11\/IMG-20191112-WA0009.jpg\" src=\"https:\/\/www.hoymercedes.com.ar\/principal\/wp-content\/uploads\/2019\/11\/IMG-20191112-WA0009.jpg\" alt=\"\" class=\"wp-image-102266\" srcset=\"https:\/\/www.hoymercedes.com.ar\/principal\/wp-content\/uploads\/2019\/11\/IMG-20191112-WA0009.jpg 800w, https:\/\/www.hoymercedes.com.ar\/principal\/wp-content\/uploads\/2019\/11\/IMG-20191112-WA0009-150x100.jpg 150w, https:\/\/www.hoymercedes.com.ar\/principal\/wp-content\/uploads\/2019\/11\/IMG-20191112-WA0009-630x420.jpg 630w, https:\/\/www.hoymercedes.com.ar\/principal\/wp-content\/uploads\/2019\/11\/IMG-20191112-WA0009-700x465.jpg 700w\" sizes=\"auto, (max-width: 800px) 100vw, 800px\" \/><\/figure>\n\n\n\n<p>Por su parte, el\nDirector, en nombre de la comunidad educativa explic\u00f3 c\u00f3mo es la modalidad\neducativa de alternancia en donde los estudiantes est\u00e1n algunas semanas en la\nescuela y otras en sus casas haciendo tareas rurales. \u201cLa vida ense\u00f1a y cuando\nhablamos con los productores en las fiestas, enseguida nos damos cuenta de eso.\nAparece el recuerdo y las ense\u00f1anzas de los abuelos, del padre o del t\u00edo. La\nproducci\u00f3n de salame quintero se aprendi\u00f3 de generaci\u00f3n en generaci\u00f3n,\nhaciendo, para nosotros es un orgullo recuperar ese esp\u00edritu del proyecto\u201d, afirm\u00f3\nRodr\u00edguez. <\/p>\n\n\n\n<p>Tanto el director,\ncomo la secretaria, el profesor del espacio curricular y el Coordinador del\n\u00e1rea, Prof. Sergio Catatrataro, fueron reconocidos al igual que los alumnos\nValentina Aguilera, Mar\u00eda In\u00e9s Costa Paz, Pehu\u00e9n J\u00e1uregui, Valent\u00edn J\u00e1uregui,\nAgust\u00edn Ledesma, Cristian Lima, Marta Madariaga, Dafne Celina Melo, Mar\u00eda In\u00e9s\nPalacio, Noelia Luj\u00e1n Potes, Juan Bautista Riesco, Milagros Soledad Robledo,\nThomas Ezequiel Rodr\u00edguez, Micaela Ayel\u00e9n Rojas, Germ\u00e1n Sequeira, Luc\u00eda Soler,\nMar\u00eda Natali \u00c1lvarez, Roc\u00edo Bidart, Federico Fink, Greta Lucia Gotting, Sof\u00eda\nMelanie Ivachich, Magal\u00ed Aymara Ledesma, Nahuel Ledesma, Brisa Daiana Melo,\nMirco Alan Ojeda, Daniel Cristian Riesco, y Andrea Adelina Rojas.<\/p>\n\n\n\n<p>Cada uno de ellos\nrecibi\u00f3 el reconocimiento por su participaci\u00f3n y por lograr que las tradiciones\nrurales contin\u00faen trasmiti\u00e9ndose de generaci\u00f3n en generaci\u00f3n.&nbsp; <\/p>\n","protected":false},"excerpt":{"rendered":"<p>El proyecto de elaboraci\u00f3n del Salame Quintero que la instituci\u00f3n de educaci\u00f3n de alternancia viene desarrollando fue reconocido por los &#8230; <a title=\"Reconocen al CEPT N\u00b0 4 por su participaci\u00f3n en la Fiesta Nacional del Salame\" class=\"read-more\" href=\"https:\/\/www.hoymercedes.com.ar\/principal\/2019\/11\/13\/reconocen-al-cept-n-4-por-su-participacion-en-la-fiesta-nacional-del-salame\/\" aria-label=\"Leer m\u00e1s sobre Reconocen al CEPT N\u00b0 4 por su participaci\u00f3n en la Fiesta Nacional del Salame\">Leer m\u00e1s<\/a><\/p>\n","protected":false},"author":1,"featured_media":102266,"comment_status":"closed","ping_status":"open","sticky":false,"template":"","format":"standard","meta":{"_monsterinsights_skip_tracking":false,"_monsterinsights_sitenote_active":false,"_monsterinsights_sitenote_note":"","_monsterinsights_sitenote_category":0,"jetpack_post_was_ever_published":false,"_jetpack_newsletter_access":"","_jetpack_dont_email_post_to_subs":false,"_jetpack_newsletter_tier_id":0,"_jetpack_memberships_contains_paywalled_content":false,"_jetpack_memberships_contains_paid_content":false,"footnotes":"","jetpack_publicize_message":"","jetpack_publicize_feature_enabled":true,"jetpack_social_post_already_shared":true,"jetpack_social_options":{"image_generator_settings":{"template":"highway","default_image_id":0,"font":"","enabled":false},"version":2},"_wpas_customize_per_network":false},"categories":[23],"tags":[12483,47,7852,1169],"class_list":["post-102265","post","type-post","status-publish","format-standard","has-post-thumbnail","hentry","category-educacion","tag-cept-n-4","tag-educacion-2","tag-reconocimiento","tag-salame-quintero","generate-columns","tablet-grid-50","mobile-grid-100","grid-parent","grid-50"],"jetpack_publicize_connections":[],"jetpack_featured_media_url":"https:\/\/www.hoymercedes.com.ar\/principal\/wp-content\/uploads\/2019\/11\/IMG-20191112-WA0009.jpg","wps_subtitle":"Los Concejales de la ciudad","jetpack_sharing_enabled":true,"_links":{"self":[{"href":"https:\/\/www.hoymercedes.com.ar\/principal\/wp-json\/wp\/v2\/posts\/102265","targetHints":{"allow":["GET"]}}],"collection":[{"href":"https:\/\/www.hoymercedes.com.ar\/principal\/wp-json\/wp\/v2\/posts"}],"about":[{"href":"https:\/\/www.hoymercedes.com.ar\/principal\/wp-json\/wp\/v2\/types\/post"}],"author":[{"embeddable":true,"href":"https:\/\/www.hoymercedes.com.ar\/principal\/wp-json\/wp\/v2\/users\/1"}],"replies":[{"embeddable":true,"href":"https:\/\/www.hoymercedes.com.ar\/principal\/wp-json\/wp\/v2\/comments?post=102265"}],"version-history":[{"count":0,"href":"https:\/\/www.hoymercedes.com.ar\/principal\/wp-json\/wp\/v2\/posts\/102265\/revisions"}],"wp:featuredmedia":[{"embeddable":true,"href":"https:\/\/www.hoymercedes.com.ar\/principal\/wp-json\/wp\/v2\/media\/102266"}],"wp:attachment":[{"href":"https:\/\/www.hoymercedes.com.ar\/principal\/wp-json\/wp\/v2\/media?parent=102265"}],"wp:term":[{"taxonomy":"category","embeddable":true,"href":"https:\/\/www.hoymercedes.com.ar\/principal\/wp-json\/wp\/v2\/categories?post=102265"},{"taxonomy":"post_tag","embeddable":true,"href":"https:\/\/www.hoymercedes.com.ar\/principal\/wp-json\/wp\/v2\/tags?post=102265"}],"curies":[{"name":"wp","href":"https:\/\/api.w.org\/{rel}","templated":true}]}}