{"id":102279,"date":"2019-11-14T07:25:35","date_gmt":"2019-11-14T10:25:35","guid":{"rendered":"http:\/\/www.hoymercedes.com.ar\/principal\/?p=102279"},"modified":"2019-11-13T17:57:17","modified_gmt":"2019-11-13T20:57:17","slug":"el-mercedes-rugby-club-jugara-ante-lujan-rc-por-el-ascenso-a-primera-c","status":"publish","type":"post","link":"https:\/\/www.hoymercedes.com.ar\/principal\/2019\/11\/14\/el-mercedes-rugby-club-jugara-ante-lujan-rc-por-el-ascenso-a-primera-c\/","title":{"rendered":"El Mercedes Rugby Club jugar\u00e1 ante Luj\u00e1n RC por el ascenso a Primera C"},"content":{"rendered":"\n<p>El MRC viaj\u00f3 a la ciudad de Luj\u00e1n para hacer de local ante Tiro Federal de San Pedro, en un partido en el que ambos ten\u00edan cosas importantes en juego. La cancha del Parque Municipal Independencia no se pudo utilizar debido a que la zona estaba imposibilitada por el Mastai. El cuadro mercedino peleaba por el tercer puesto, aunque ya estaba clasificado al repechaje por el ascenso, mientras que la visita evit\u00f3 jugar el repechaje por el descenso y se mantendr\u00e1 una temporada m\u00e1s en Segunda Divisi\u00f3n.<\/p>\n\n\n\n<div class=\"wp-block-image\"><figure class=\"aligncenter size-large\"><img loading=\"lazy\" decoding=\"async\" width=\"540\" height=\"510\" data-attachment-id=\"102286\" data-permalink=\"https:\/\/www.hoymercedes.com.ar\/principal\/2019\/11\/14\/el-mercedes-rugby-club-jugara-ante-lujan-rc-por-el-ascenso-a-primera-c\/captura-de-pantalla-2019-11-13-17-51-52\/#main\" data-orig-file=\"https:\/\/www.hoymercedes.com.ar\/principal\/wp-content\/uploads\/2019\/11\/Captura-de-pantalla-2019-11-13-17.51.52.png\" data-orig-size=\"540,510\" data-comments-opened=\"0\" data-image-meta=\"{&quot;aperture&quot;:&quot;0&quot;,&quot;credit&quot;:&quot;&quot;,&quot;camera&quot;:&quot;&quot;,&quot;caption&quot;:&quot;&quot;,&quot;created_timestamp&quot;:&quot;0&quot;,&quot;copyright&quot;:&quot;&quot;,&quot;focal_length&quot;:&quot;0&quot;,&quot;iso&quot;:&quot;0&quot;,&quot;shutter_speed&quot;:&quot;0&quot;,&quot;title&quot;:&quot;&quot;,&quot;orientation&quot;:&quot;0&quot;}\" data-image-title=\"Captura-de-pantalla-2019-11-13-17.51.52\" data-image-description=\"\" data-image-caption=\"\" data-large-file=\"https:\/\/www.hoymercedes.com.ar\/principal\/wp-content\/uploads\/2019\/11\/Captura-de-pantalla-2019-11-13-17.51.52.png\" src=\"https:\/\/www.hoymercedes.com.ar\/principal\/wp-content\/uploads\/2019\/11\/Captura-de-pantalla-2019-11-13-17.51.52.png\" alt=\"\" class=\"wp-image-102286\" srcset=\"https:\/\/www.hoymercedes.com.ar\/principal\/wp-content\/uploads\/2019\/11\/Captura-de-pantalla-2019-11-13-17.51.52.png 540w, https:\/\/www.hoymercedes.com.ar\/principal\/wp-content\/uploads\/2019\/11\/Captura-de-pantalla-2019-11-13-17.51.52-150x142.png 150w\" sizes=\"auto, (max-width: 540px) 100vw, 540px\" \/><\/figure><\/div>\n\n\n\n<p>Tras la victoria de Las Ca\u00f1as ante Ciudad de Campana, los mercedinos quedaron ubicados en la cuarta colocaci\u00f3n de cara al repechaje. En tanto, definida la totalidad de la Segunda Divisi\u00f3n, ya quedaron claros los ascensos y descensos, as\u00ed como los partidos repechajes. Atl\u00e9tico Chascom\u00fas y San Miguel tendr\u00e1n que pelear la permanencia en Segunda ante Italiano y Gimnasia y Esgrima.<\/p>\n\n\n\n<p><strong>Resultados Fecha 23<\/strong><\/p>\n\n\n\n<p>Las Ca\u00f1as 33 \u2013 27 Ciudad de Campana<\/p>\n\n\n\n<p>Mercedes 24 \u2013 35 Tiro Federal de San Pedro<\/p>\n\n\n\n<p><strong>Repechajes a Primera C<\/strong><\/p>\n\n\n\n<p>Domingo 17 de noviembre &#8211; 15.30 hs &#8211; Lujan R.C. vs. Mercedes Rugby Club<\/p>\n\n\n\n<p> Domingo 17 de noviembre &#8211; 15.30 hs &#8211; Casa de Padua vs. Las Ca\u00f1as<\/p>\n\n\n\n<div class=\"wp-block-image\"><figure class=\"aligncenter size-large\"><img loading=\"lazy\" decoding=\"async\" width=\"293\" height=\"446\" data-attachment-id=\"102287\" data-permalink=\"https:\/\/www.hoymercedes.com.ar\/principal\/2019\/11\/14\/el-mercedes-rugby-club-jugara-ante-lujan-rc-por-el-ascenso-a-primera-c\/captura-de-pantalla-2019-11-13-17-52-28\/#main\" data-orig-file=\"https:\/\/www.hoymercedes.com.ar\/principal\/wp-content\/uploads\/2019\/11\/Captura-de-pantalla-2019-11-13-17.52.28.png\" data-orig-size=\"293,446\" data-comments-opened=\"0\" data-image-meta=\"{&quot;aperture&quot;:&quot;0&quot;,&quot;credit&quot;:&quot;&quot;,&quot;camera&quot;:&quot;&quot;,&quot;caption&quot;:&quot;&quot;,&quot;created_timestamp&quot;:&quot;0&quot;,&quot;copyright&quot;:&quot;&quot;,&quot;focal_length&quot;:&quot;0&quot;,&quot;iso&quot;:&quot;0&quot;,&quot;shutter_speed&quot;:&quot;0&quot;,&quot;title&quot;:&quot;&quot;,&quot;orientation&quot;:&quot;0&quot;}\" data-image-title=\"Captura-de-pantalla-2019-11-13-17.52.28\" data-image-description=\"\" data-image-caption=\"\" data-large-file=\"https:\/\/www.hoymercedes.com.ar\/principal\/wp-content\/uploads\/2019\/11\/Captura-de-pantalla-2019-11-13-17.52.28.png\" src=\"https:\/\/www.hoymercedes.com.ar\/principal\/wp-content\/uploads\/2019\/11\/Captura-de-pantalla-2019-11-13-17.52.28.png\" alt=\"\" class=\"wp-image-102287\" srcset=\"https:\/\/www.hoymercedes.com.ar\/principal\/wp-content\/uploads\/2019\/11\/Captura-de-pantalla-2019-11-13-17.52.28.png 293w, https:\/\/www.hoymercedes.com.ar\/principal\/wp-content\/uploads\/2019\/11\/Captura-de-pantalla-2019-11-13-17.52.28-99x150.png 99w\" sizes=\"auto, (max-width: 293px) 100vw, 293px\" \/><\/figure><\/div>\n","protected":false},"excerpt":{"rendered":"<p>El MRC viaj\u00f3 a la ciudad de Luj\u00e1n para hacer de local ante Tiro Federal de San Pedro, en un &#8230; <a title=\"El Mercedes Rugby Club jugar\u00e1 ante Luj\u00e1n RC por el ascenso a Primera C\" class=\"read-more\" href=\"https:\/\/www.hoymercedes.com.ar\/principal\/2019\/11\/14\/el-mercedes-rugby-club-jugara-ante-lujan-rc-por-el-ascenso-a-primera-c\/\" aria-label=\"Leer m\u00e1s sobre El Mercedes Rugby Club jugar\u00e1 ante Luj\u00e1n RC por el ascenso a Primera C\">Leer m\u00e1s<\/a><\/p>\n","protected":false},"author":1,"featured_media":102286,"comment_status":"closed","ping_status":"open","sticky":false,"template":"","format":"standard","meta":{"_monsterinsights_skip_tracking":false,"_monsterinsights_sitenote_active":false,"_monsterinsights_sitenote_note":"","_monsterinsights_sitenote_category":0,"jetpack_post_was_ever_published":false,"_jetpack_newsletter_access":"","_jetpack_dont_email_post_to_subs":false,"_jetpack_newsletter_tier_id":0,"_jetpack_memberships_contains_paywalled_content":false,"_jetpack_memberships_contains_paid_content":false,"footnotes":"","jetpack_publicize_message":"","jetpack_publicize_feature_enabled":true,"jetpack_social_post_already_shared":true,"jetpack_social_options":{"image_generator_settings":{"template":"highway","default_image_id":0,"font":"","enabled":false},"version":2},"_wpas_customize_per_network":false},"categories":[21],"tags":[7084,10725],"class_list":["post-102279","post","type-post","status-publish","format-standard","has-post-thumbnail","hentry","category-deportes","tag-mercedes-rugby-club","tag-primera-c","generate-columns","tablet-grid-50","mobile-grid-100","grid-parent","grid-50"],"jetpack_publicize_connections":[],"jetpack_featured_media_url":"https:\/\/www.hoymercedes.com.ar\/principal\/wp-content\/uploads\/2019\/11\/Captura-de-pantalla-2019-11-13-17.51.52.png","wps_subtitle":"Rugby","jetpack_sharing_enabled":true,"_links":{"self":[{"href":"https:\/\/www.hoymercedes.com.ar\/principal\/wp-json\/wp\/v2\/posts\/102279","targetHints":{"allow":["GET"]}}],"collection":[{"href":"https:\/\/www.hoymercedes.com.ar\/principal\/wp-json\/wp\/v2\/posts"}],"about":[{"href":"https:\/\/www.hoymercedes.com.ar\/principal\/wp-json\/wp\/v2\/types\/post"}],"author":[{"embeddable":true,"href":"https:\/\/www.hoymercedes.com.ar\/principal\/wp-json\/wp\/v2\/users\/1"}],"replies":[{"embeddable":true,"href":"https:\/\/www.hoymercedes.com.ar\/principal\/wp-json\/wp\/v2\/comments?post=102279"}],"version-history":[{"count":0,"href":"https:\/\/www.hoymercedes.com.ar\/principal\/wp-json\/wp\/v2\/posts\/102279\/revisions"}],"wp:featuredmedia":[{"embeddable":true,"href":"https:\/\/www.hoymercedes.com.ar\/principal\/wp-json\/wp\/v2\/media\/102286"}],"wp:attachment":[{"href":"https:\/\/www.hoymercedes.com.ar\/principal\/wp-json\/wp\/v2\/media?parent=102279"}],"wp:term":[{"taxonomy":"category","embeddable":true,"href":"https:\/\/www.hoymercedes.com.ar\/principal\/wp-json\/wp\/v2\/categories?post=102279"},{"taxonomy":"post_tag","embeddable":true,"href":"https:\/\/www.hoymercedes.com.ar\/principal\/wp-json\/wp\/v2\/tags?post=102279"}],"curies":[{"name":"wp","href":"https:\/\/api.w.org\/{rel}","templated":true}]}}