{"id":102312,"date":"2019-11-15T07:10:31","date_gmt":"2019-11-15T10:10:31","guid":{"rendered":"http:\/\/www.hoymercedes.com.ar\/principal\/?p=102312"},"modified":"2019-11-13T20:14:55","modified_gmt":"2019-11-13T23:14:55","slug":"continuan-los-exitos-en-el-centro-ecuestre-maria-silvina","status":"publish","type":"post","link":"https:\/\/www.hoymercedes.com.ar\/principal\/2019\/11\/15\/continuan-los-exitos-en-el-centro-ecuestre-maria-silvina\/","title":{"rendered":"Contin\u00faan los \u00e9xitos en el Centro Ecuestre Mar\u00eda Silvina"},"content":{"rendered":"\n<p>El pasado domingo 10 de noviembre el Centro Ecuestre Mar\u00eda Silvina junto a su instructor Lucas Rey, particip\u00f3 de la ante\u00faltima fecha del Campeonato Amistosos Hipicos del Oeste organizado por el Club H\u00edpico Luj\u00e1n.<\/p>\n\n\n\n<figure class=\"wp-block-image size-large\"><img loading=\"lazy\" decoding=\"async\" width=\"1024\" height=\"768\" data-attachment-id=\"102313\" data-permalink=\"https:\/\/www.hoymercedes.com.ar\/principal\/2019\/11\/15\/continuan-los-exitos-en-el-centro-ecuestre-maria-silvina\/whatsapp-image-2019-11-10-at-18-09-11\/#main\" data-orig-file=\"https:\/\/www.hoymercedes.com.ar\/principal\/wp-content\/uploads\/2019\/11\/WhatsApp-Image-2019-11-10-at-18.09.11.jpeg\" data-orig-size=\"1032,774\" data-comments-opened=\"0\" data-image-meta=\"{&quot;aperture&quot;:&quot;0&quot;,&quot;credit&quot;:&quot;&quot;,&quot;camera&quot;:&quot;&quot;,&quot;caption&quot;:&quot;&quot;,&quot;created_timestamp&quot;:&quot;0&quot;,&quot;copyright&quot;:&quot;&quot;,&quot;focal_length&quot;:&quot;0&quot;,&quot;iso&quot;:&quot;0&quot;,&quot;shutter_speed&quot;:&quot;0&quot;,&quot;title&quot;:&quot;&quot;,&quot;orientation&quot;:&quot;0&quot;}\" data-image-title=\"WhatsApp-Image-2019-11-10-at-18.09.11\" data-image-description=\"\" data-image-caption=\"\" data-large-file=\"https:\/\/www.hoymercedes.com.ar\/principal\/wp-content\/uploads\/2019\/11\/WhatsApp-Image-2019-11-10-at-18.09.11-1024x768.jpeg\" src=\"https:\/\/www.hoymercedes.com.ar\/principal\/wp-content\/uploads\/2019\/11\/WhatsApp-Image-2019-11-10-at-18.09.11-1024x768.jpeg\" alt=\"\" class=\"wp-image-102313\" srcset=\"https:\/\/www.hoymercedes.com.ar\/principal\/wp-content\/uploads\/2019\/11\/WhatsApp-Image-2019-11-10-at-18.09.11-1024x768.jpeg 1024w, https:\/\/www.hoymercedes.com.ar\/principal\/wp-content\/uploads\/2019\/11\/WhatsApp-Image-2019-11-10-at-18.09.11-630x473.jpeg 630w, https:\/\/www.hoymercedes.com.ar\/principal\/wp-content\/uploads\/2019\/11\/WhatsApp-Image-2019-11-10-at-18.09.11-150x113.jpeg 150w, https:\/\/www.hoymercedes.com.ar\/principal\/wp-content\/uploads\/2019\/11\/WhatsApp-Image-2019-11-10-at-18.09.11.jpeg 1032w\" sizes=\"auto, (max-width: 1024px) 100vw, 1024px\" \/><\/figure>\n\n\n\n<p>Los Mercedinos viajaron y obtuvieron excelentes resultados.<\/p>\n\n\n\n<p>En 30 cm: 1\u00b0 puesto para Luisina Martinelli&nbsp; con Blanqui.<\/p>\n\n\n\n<p>En 40 cm: 1\u00b0 Puesto Enzo Marcelo con Blanqui.<\/p>\n\n\n\n<p>En 60 cm: 1\u00b0 Puesto Romina Spettolli con BP Jofre.<\/p>\n\n\n\n<p>En 70 cm: 2 \u00b0 Puesto Cloe Guardines con Blanqui. 3\u00b0 Puesto Romina Spettolli con BP Jofre.<\/p>\n\n\n\n<p>En 80 cm: 1\u00b0 Puesto Joaquina Dellafontana con Elektra.<\/p>\n\n\n\n<p>En 90 cm: 2\u00b0 Puesto Joaquina Dellafontana con Elektra.<\/p>\n\n\n\n<p>En 1 metro: 1\u00b0 Puesto Joaquina Dellafontana con Elektra. 2\u00b0 Puesto Catalina Revello con Mr. Gato.<\/p>\n\n\n\n<p>Participaron tambi\u00e9n con excelentes recorridos&nbsp; Clementina Renaldo, Victoria Cecco, Manuela Campos, Abril Guardines, Albertina G\u00f3mez Vinacua, F\u00e1tima Averame, Agust\u00edn Ciollaro, Juana Castillo, Mar\u00eda Paz Rey Pruzzo y Tom\u00e1s Rond\u00f3n.<\/p>\n\n\n\n<p>Felicitamos a todos por su participaci\u00f3n y esperamos la \u00faltima fecha del AHDO, en donde este peque\u00f1o semillero mercedino sigue participando activamente, que ser\u00e1 el 24 de noviembre en nuestra localidad.<\/p>\n","protected":false},"excerpt":{"rendered":"<p>El pasado domingo 10 de noviembre el Centro Ecuestre Mar\u00eda Silvina junto a su instructor Lucas Rey, particip\u00f3 de la &#8230; <a title=\"Contin\u00faan los \u00e9xitos en el Centro Ecuestre Mar\u00eda Silvina\" class=\"read-more\" href=\"https:\/\/www.hoymercedes.com.ar\/principal\/2019\/11\/15\/continuan-los-exitos-en-el-centro-ecuestre-maria-silvina\/\" aria-label=\"Leer m\u00e1s sobre Contin\u00faan los \u00e9xitos en el Centro Ecuestre Mar\u00eda Silvina\">Leer m\u00e1s<\/a><\/p>\n","protected":false},"author":1,"featured_media":102313,"comment_status":"closed","ping_status":"open","sticky":false,"template":"","format":"standard","meta":{"_monsterinsights_skip_tracking":false,"_monsterinsights_sitenote_active":false,"_monsterinsights_sitenote_note":"","_monsterinsights_sitenote_category":0,"jetpack_post_was_ever_published":false,"_jetpack_newsletter_access":"","_jetpack_dont_email_post_to_subs":false,"_jetpack_newsletter_tier_id":0,"_jetpack_memberships_contains_paywalled_content":false,"_jetpack_memberships_contains_paid_content":false,"footnotes":"","jetpack_publicize_message":"","jetpack_publicize_feature_enabled":true,"jetpack_social_post_already_shared":true,"jetpack_social_options":{"image_generator_settings":{"template":"highway","default_image_id":0,"font":"","enabled":false},"version":2},"_wpas_customize_per_network":false},"categories":[21],"tags":[14844,1821],"class_list":["post-102312","post","type-post","status-publish","format-standard","has-post-thumbnail","hentry","category-deportes","tag-ahdo","tag-equitacion","generate-columns","tablet-grid-50","mobile-grid-100","grid-parent","grid-50"],"jetpack_publicize_connections":[],"jetpack_featured_media_url":"https:\/\/www.hoymercedes.com.ar\/principal\/wp-content\/uploads\/2019\/11\/WhatsApp-Image-2019-11-10-at-18.09.11.jpeg","wps_subtitle":"Equitaci\u00f3n","jetpack_sharing_enabled":true,"_links":{"self":[{"href":"https:\/\/www.hoymercedes.com.ar\/principal\/wp-json\/wp\/v2\/posts\/102312","targetHints":{"allow":["GET"]}}],"collection":[{"href":"https:\/\/www.hoymercedes.com.ar\/principal\/wp-json\/wp\/v2\/posts"}],"about":[{"href":"https:\/\/www.hoymercedes.com.ar\/principal\/wp-json\/wp\/v2\/types\/post"}],"author":[{"embeddable":true,"href":"https:\/\/www.hoymercedes.com.ar\/principal\/wp-json\/wp\/v2\/users\/1"}],"replies":[{"embeddable":true,"href":"https:\/\/www.hoymercedes.com.ar\/principal\/wp-json\/wp\/v2\/comments?post=102312"}],"version-history":[{"count":0,"href":"https:\/\/www.hoymercedes.com.ar\/principal\/wp-json\/wp\/v2\/posts\/102312\/revisions"}],"wp:featuredmedia":[{"embeddable":true,"href":"https:\/\/www.hoymercedes.com.ar\/principal\/wp-json\/wp\/v2\/media\/102313"}],"wp:attachment":[{"href":"https:\/\/www.hoymercedes.com.ar\/principal\/wp-json\/wp\/v2\/media?parent=102312"}],"wp:term":[{"taxonomy":"category","embeddable":true,"href":"https:\/\/www.hoymercedes.com.ar\/principal\/wp-json\/wp\/v2\/categories?post=102312"},{"taxonomy":"post_tag","embeddable":true,"href":"https:\/\/www.hoymercedes.com.ar\/principal\/wp-json\/wp\/v2\/tags?post=102312"}],"curies":[{"name":"wp","href":"https:\/\/api.w.org\/{rel}","templated":true}]}}