{"id":102317,"date":"2019-11-15T11:15:49","date_gmt":"2019-11-15T14:15:49","guid":{"rendered":"http:\/\/www.hoymercedes.com.ar\/principal\/?p=102317"},"modified":"2019-11-13T20:21:05","modified_gmt":"2019-11-13T23:21:05","slug":"se-realizo-un-concurso-hipico-en-la-sociedad-rural","status":"publish","type":"post","link":"https:\/\/www.hoymercedes.com.ar\/principal\/2019\/11\/15\/se-realizo-un-concurso-hipico-en-la-sociedad-rural\/","title":{"rendered":"Se realiz\u00f3 un concurso h\u00edpico en la Sociedad Rural"},"content":{"rendered":"\n<p>Se realiz\u00f3 el pasado domingo el Concurso H\u00edpico de la Secci\u00f3n H\u00edpica de la Sociedad Rural Mercedes con un gran n\u00famero de binomios en pista de Despertares de Suipacha, Bragado, H\u00edpico Jacarand\u00e1, Do\u00f1a Amalia, H\u00edpico La Favorita de Moreno y de la Secci\u00f3n H\u00edpica de la Sociedad Rural Mercedes.<\/p>\n\n\n\n<figure class=\"wp-block-image size-large\"><img loading=\"lazy\" decoding=\"async\" width=\"806\" height=\"1024\" data-attachment-id=\"102318\" data-permalink=\"https:\/\/www.hoymercedes.com.ar\/principal\/2019\/11\/15\/se-realizo-un-concurso-hipico-en-la-sociedad-rural\/whatsapp-image-2019-11-10-at-14-41-22\/#main\" data-orig-file=\"https:\/\/www.hoymercedes.com.ar\/principal\/wp-content\/uploads\/2019\/11\/WhatsApp-Image-2019-11-10-at-14.41.22.jpeg\" data-orig-size=\"1008,1280\" data-comments-opened=\"0\" data-image-meta=\"{&quot;aperture&quot;:&quot;0&quot;,&quot;credit&quot;:&quot;&quot;,&quot;camera&quot;:&quot;&quot;,&quot;caption&quot;:&quot;&quot;,&quot;created_timestamp&quot;:&quot;0&quot;,&quot;copyright&quot;:&quot;&quot;,&quot;focal_length&quot;:&quot;0&quot;,&quot;iso&quot;:&quot;0&quot;,&quot;shutter_speed&quot;:&quot;0&quot;,&quot;title&quot;:&quot;&quot;,&quot;orientation&quot;:&quot;0&quot;}\" data-image-title=\"WhatsApp-Image-2019-11-10-at-14.41.22\" data-image-description=\"\" data-image-caption=\"\" data-large-file=\"https:\/\/www.hoymercedes.com.ar\/principal\/wp-content\/uploads\/2019\/11\/WhatsApp-Image-2019-11-10-at-14.41.22-806x1024.jpeg\" src=\"https:\/\/www.hoymercedes.com.ar\/principal\/wp-content\/uploads\/2019\/11\/WhatsApp-Image-2019-11-10-at-14.41.22-806x1024.jpeg\" alt=\"\" class=\"wp-image-102318\" srcset=\"https:\/\/www.hoymercedes.com.ar\/principal\/wp-content\/uploads\/2019\/11\/WhatsApp-Image-2019-11-10-at-14.41.22-806x1024.jpeg 806w, https:\/\/www.hoymercedes.com.ar\/principal\/wp-content\/uploads\/2019\/11\/WhatsApp-Image-2019-11-10-at-14.41.22-488x620.jpeg 488w, https:\/\/www.hoymercedes.com.ar\/principal\/wp-content\/uploads\/2019\/11\/WhatsApp-Image-2019-11-10-at-14.41.22-118x150.jpeg 118w, https:\/\/www.hoymercedes.com.ar\/principal\/wp-content\/uploads\/2019\/11\/WhatsApp-Image-2019-11-10-at-14.41.22.jpeg 1008w\" sizes=\"auto, (max-width: 806px) 100vw, 806px\" \/><\/figure>\n\n\n\n<p>En la prueba de manejo participaron obteniendo cucarda: Martina Ponce, Mat\u00edas Solorzano, Elena L\u00f3pez Macchi, Amador Merialdo, Clara Andr\u00e9s, Emilia Castellino, Agust\u00edn Vellon, Facundo Saralegui, Guadalupe Foieri, Aron Solorzano, Matilda Pietruchi, Lucia Pserga, Violeta Villavicencio, Pilar Bandoni, Tatiana Bastonero, Santiago Saralegui, y Paz Mandelli.<\/p>\n\n\n\n<p><strong>En Cruzadas:<\/strong><\/p>\n\n\n\n<ol class=\"wp-block-list\"><li>Juana Spark con Domin\u00f3. Sociedad Rural Mercedes.<\/li><li>Anna Succhoweira con Bolita Toy. Moreno.<\/li><li>In\u00e9s Gullo con Muffin. Sociedad Rural Mercedes.<\/li><li>M\u00eda Ferrante con Argentina. Moreno.<\/li><li>Martin Ciarlitto con Rosendo. S. Rural Mercedes.<\/li><\/ol>\n\n\n\n<p><strong>Prueba 30 cm:<\/strong><\/p>\n\n\n\n<ol class=\"wp-block-list\"><li>Mia Ferrante con Argentina. Moreno.<\/li><li>Oriana Bernardi con Muffin. SRRM.<\/li><li>Ines Gullo con Muffin. SRRM.<\/li><li>Juana Spark con Domino. SRRM.<\/li><li>Emilia Castellino con Pampita. Bragado.<\/li><\/ol>\n\n\n\n<p><strong>Prueba 40 cm<\/strong>:<\/p>\n\n\n\n<ol class=\"wp-block-list\"><li>Mia Scarcella con Argentina. Moreno.<\/li><li>Juana Pereyra con Zorzal. Bragado.<\/li><li>Paulina Zuliani con Pampita. Bragado.<\/li><li>Milagros Benito Hernande con RZ Sagitario. SRRM.<\/li><\/ol>\n\n\n\n<p><strong>Prueba 50 cm:<\/strong><\/p>\n\n\n\n<ol class=\"wp-block-list\"><li>Santina Tacchini con Ulises. SRRM.<\/li><li>Gabriela Ormaechea con Zorzal. Bragado.<\/li><li>Axel Arus con Paloma. Bragado.<\/li><li>Ana Scuchobiera con Bolita Toy. Moreno.<\/li><\/ol>\n\n\n\n<p><strong>Prueba 60 cm:<\/strong><\/p>\n\n\n\n<ol class=\"wp-block-list\"><li>Mia Scarcella con Argentina. Moreno.<\/li><li>Micaela Pinto con Ulises. SRRM.<\/li><\/ol>\n\n\n\n<p><strong>Prueba 70 cm:<\/strong><\/p>\n\n\n\n<ol class=\"wp-block-list\"><li>Camila Giacobini con Tormenta. Bragado.<\/li><\/ol>\n\n\n\n<p><strong>Prueba 80 cm<\/strong>:<\/p>\n\n\n\n<ol class=\"wp-block-list\"><li>Ailin Heidel con Dulce. SRRM.<\/li><li>Julian Ravera con Valentina. SRRM.<\/li><\/ol>\n\n\n\n<p><strong>Prueba 90 cm:<\/strong><\/p>\n\n\n\n<ol class=\"wp-block-list\"><li>Margarita Bustos con Vitto. SRRM.<\/li><li>Nano Maciel con Montesquieu. Do\u00f1a Amalia.<\/li><\/ol>\n\n\n\n<p><strong>Prueba 1 m:<\/strong><\/p>\n\n\n\n<ol class=\"wp-block-list\"><li>Juli\u00e1n Ravera con Valentina. SRRM.<\/li><\/ol>\n\n\n\n<p>Finalizada la prueba de 1 metro, se coronaron los campeones, sub campeones y terceros.<\/p>\n\n\n\n<p><strong>Campeonato cruzadas y 30:<\/strong><\/p>\n\n\n\n<p>Campe\u00f3n: M\u00eda Ferrante. Moreno.<\/p>\n\n\n\n<p>Sub Campion: Juana Spark. SRRM<\/p>\n\n\n\n<p>Tercera: In\u00e9s Gullo. SRRM<\/p>\n\n\n\n<p><strong>Campeonato 40 y 50:<\/strong><\/p>\n\n\n\n<p>Campe\u00f3n: Axel Arus. Bragado.<\/p>\n\n\n\n<p>Sub Campe\u00f3n: Gabriela Ormaechea. Bragado.<\/p>\n\n\n\n<p>Tercera: Milagros Benito Hern\u00e1ndez. SRRM.<\/p>\n\n\n\n<p><strong>Campeonato 60 y 70:<\/strong><\/p>\n\n\n\n<p>Campe\u00f3n: Camila Giacobini. Bragado.<\/p>\n\n\n\n<p>Sub Campe\u00f3n: Lujan Cogorno. SRRM<\/p>\n\n\n\n<p>Tercera: Ana Destefano Testa. SRRM<\/p>\n\n\n\n<p><strong>Campeonato 80 y 90.<\/strong><\/p>\n\n\n\n<p>Campe\u00f3n: Margarita Bustos. SRRM.<\/p>\n\n\n\n<p>Sub Campe\u00f3n: Ailin Heidel.<\/p>\n\n\n\n<p>La secci\u00f3n h\u00edpica de la SRRM agradece a la Municipalidad de Mercedes, Veterinaria La Marca, MSC Tienda H\u00edpica, Natalia Merola Fotos y a las familias que colaboraron para que este campeonato sea un \u00e9xito.<\/p>\n","protected":false},"excerpt":{"rendered":"<p>Se realiz\u00f3 el pasado domingo el Concurso H\u00edpico de la Secci\u00f3n H\u00edpica de la Sociedad Rural Mercedes con un gran &#8230; <a title=\"Se realiz\u00f3 un concurso h\u00edpico en la Sociedad Rural\" class=\"read-more\" href=\"https:\/\/www.hoymercedes.com.ar\/principal\/2019\/11\/15\/se-realizo-un-concurso-hipico-en-la-sociedad-rural\/\" aria-label=\"Leer m\u00e1s sobre Se realiz\u00f3 un concurso h\u00edpico en la Sociedad Rural\">Leer m\u00e1s<\/a><\/p>\n","protected":false},"author":1,"featured_media":102318,"comment_status":"closed","ping_status":"open","sticky":false,"template":"","format":"standard","meta":{"_monsterinsights_skip_tracking":false,"_monsterinsights_sitenote_active":false,"_monsterinsights_sitenote_note":"","_monsterinsights_sitenote_category":0,"jetpack_post_was_ever_published":false,"_jetpack_newsletter_access":"","_jetpack_dont_email_post_to_subs":false,"_jetpack_newsletter_tier_id":0,"_jetpack_memberships_contains_paywalled_content":false,"_jetpack_memberships_contains_paid_content":false,"footnotes":"","jetpack_publicize_message":"","jetpack_publicize_feature_enabled":true,"jetpack_social_post_already_shared":true,"jetpack_social_options":{"image_generator_settings":{"template":"highway","default_image_id":0,"font":"","enabled":false},"version":2},"_wpas_customize_per_network":false},"categories":[21],"tags":[1543],"class_list":["post-102317","post","type-post","status-publish","format-standard","has-post-thumbnail","hentry","category-deportes","tag-sociedad-rural-mercedes","generate-columns","tablet-grid-50","mobile-grid-100","grid-parent","grid-50"],"jetpack_publicize_connections":[],"jetpack_featured_media_url":"https:\/\/www.hoymercedes.com.ar\/principal\/wp-content\/uploads\/2019\/11\/WhatsApp-Image-2019-11-10-at-14.41.22.jpeg","wps_subtitle":"Equitaci\u00f3n","jetpack_sharing_enabled":true,"_links":{"self":[{"href":"https:\/\/www.hoymercedes.com.ar\/principal\/wp-json\/wp\/v2\/posts\/102317","targetHints":{"allow":["GET"]}}],"collection":[{"href":"https:\/\/www.hoymercedes.com.ar\/principal\/wp-json\/wp\/v2\/posts"}],"about":[{"href":"https:\/\/www.hoymercedes.com.ar\/principal\/wp-json\/wp\/v2\/types\/post"}],"author":[{"embeddable":true,"href":"https:\/\/www.hoymercedes.com.ar\/principal\/wp-json\/wp\/v2\/users\/1"}],"replies":[{"embeddable":true,"href":"https:\/\/www.hoymercedes.com.ar\/principal\/wp-json\/wp\/v2\/comments?post=102317"}],"version-history":[{"count":0,"href":"https:\/\/www.hoymercedes.com.ar\/principal\/wp-json\/wp\/v2\/posts\/102317\/revisions"}],"wp:featuredmedia":[{"embeddable":true,"href":"https:\/\/www.hoymercedes.com.ar\/principal\/wp-json\/wp\/v2\/media\/102318"}],"wp:attachment":[{"href":"https:\/\/www.hoymercedes.com.ar\/principal\/wp-json\/wp\/v2\/media?parent=102317"}],"wp:term":[{"taxonomy":"category","embeddable":true,"href":"https:\/\/www.hoymercedes.com.ar\/principal\/wp-json\/wp\/v2\/categories?post=102317"},{"taxonomy":"post_tag","embeddable":true,"href":"https:\/\/www.hoymercedes.com.ar\/principal\/wp-json\/wp\/v2\/tags?post=102317"}],"curies":[{"name":"wp","href":"https:\/\/api.w.org\/{rel}","templated":true}]}}