{"id":102331,"date":"2019-11-13T20:50:56","date_gmt":"2019-11-13T23:50:56","guid":{"rendered":"http:\/\/www.hoymercedes.com.ar\/principal\/?p=102331"},"modified":"2019-11-14T17:24:57","modified_gmt":"2019-11-14T20:24:57","slug":"continuan-con-la-obra-pluvial-de-calle-113-entre-16-y-22-bis","status":"publish","type":"post","link":"https:\/\/www.hoymercedes.com.ar\/principal\/2019\/11\/13\/continuan-con-la-obra-pluvial-de-calle-113-entre-16-y-22-bis\/","title":{"rendered":"Contin\u00faan con la obra pluvial de calle 113 entre 16 y 22 bis"},"content":{"rendered":"\n<p><em>Se colocaron ca\u00f1os pluviales para luego hacer el hormig\u00f3n del asfalto. Adem\u00e1s, reformaron parte de la red cloacal para mejor soluci\u00f3n del desag\u00fce pluvial.<\/em><\/p>\n\n\n\n<figure class=\"wp-block-image size-large\"><img loading=\"lazy\" decoding=\"async\" width=\"800\" height=\"600\" data-attachment-id=\"102297\" data-permalink=\"https:\/\/www.hoymercedes.com.ar\/principal\/img-20191112-wa0026\/\" data-orig-file=\"https:\/\/www.hoymercedes.com.ar\/principal\/wp-content\/uploads\/2019\/11\/IMG-20191112-WA0026.jpg\" data-orig-size=\"800,600\" data-comments-opened=\"0\" data-image-meta=\"{&quot;aperture&quot;:&quot;0&quot;,&quot;credit&quot;:&quot;&quot;,&quot;camera&quot;:&quot;&quot;,&quot;caption&quot;:&quot;&quot;,&quot;created_timestamp&quot;:&quot;0&quot;,&quot;copyright&quot;:&quot;&quot;,&quot;focal_length&quot;:&quot;0&quot;,&quot;iso&quot;:&quot;0&quot;,&quot;shutter_speed&quot;:&quot;0&quot;,&quot;title&quot;:&quot;&quot;,&quot;orientation&quot;:&quot;0&quot;}\" data-image-title=\"IMG-20191112-WA0026\" data-image-description=\"\" data-image-caption=\"\" data-large-file=\"https:\/\/www.hoymercedes.com.ar\/principal\/wp-content\/uploads\/2019\/11\/IMG-20191112-WA0026.jpg\" src=\"https:\/\/www.hoymercedes.com.ar\/principal\/wp-content\/uploads\/2019\/11\/IMG-20191112-WA0026.jpg\" alt=\"\" class=\"wp-image-102297\" srcset=\"https:\/\/www.hoymercedes.com.ar\/principal\/wp-content\/uploads\/2019\/11\/IMG-20191112-WA0026.jpg 800w, https:\/\/www.hoymercedes.com.ar\/principal\/wp-content\/uploads\/2019\/11\/IMG-20191112-WA0026-630x473.jpg 630w, https:\/\/www.hoymercedes.com.ar\/principal\/wp-content\/uploads\/2019\/11\/IMG-20191112-WA0026-150x113.jpg 150w\" sizes=\"auto, (max-width: 800px) 100vw, 800px\" \/><\/figure>\n\n\n\n<p>En los barrios Almafuerte y Blandengues se est\u00e1 realizando\nuna obra que mejorar\u00eda el escurrimiento de las lluvias en la zona. Se trata de\nla instalaci\u00f3n de ca\u00f1os pluviales en a lo largo de las calles 113 y 16. <\/p>\n\n\n\n<p>De acuerdo a la informaci\u00f3n suministrada por Mat\u00edas Dematei\nse colocaron los ca\u00f1os pluviales \u201ccasi en su totalidad\u201d. Adem\u00e1s explic\u00f3 que los\nca\u00f1os desembocar\u00e1n en la 22 bis para conectarse con el desagote pluvial mayor\nde 22 bis y 111. \u201cAh\u00ed se desagotar\u00e1 totalmente esas dos calles. Ahora empezaron\ncon las distintas capas de suelo. Suelo cal, suelo cemento, para que en el\ntranscurso de esta semana y la pr\u00f3xima empezar a hormigonear\u201d, explic\u00f3 el\nfuncionario. <\/p>\n\n\n\n<p>Asimismo, el Jefe de Gabinete a cargo de la Secretar\u00eda de\nObras cont\u00f3 que \u201cel tramo de la calle 16, entre la 105 y la 107, est\u00e1\nhormigoneada en su totalidad y los trabajos est\u00e1n concluidos\u201d. <\/p>\n\n\n\n<p>Seg\u00fan explic\u00f3 Dematei la obra completa un circuito de obras\npluviales y de asfalto. Un circuito que contiene las calles 113, de 22 bis a 16,\ny 16 de 113 a 105, a metros del CAPS de 16 y 105. <\/p>\n\n\n\n<p>\u201cEs una obra completamente en hormig\u00f3n que incluye pluviales\ny tambi\u00e9n en algunas de las cuadras se ha desvinculado la red cloacal. Esto es\nporque hab\u00eda un colector cloacal que pasaba por una de las manos de estas\ncuadras y al pasar un pluvial por el medio, se desvincul\u00f3 para que pasen de\nmanera independiente por otro lado. Esto nos permiti\u00f3 hacer el pluvial como\ncorresponde y mejorar\u00e1 el desagote de las lluvias de la zona. Adem\u00e1s contar\u00e1\ncon sumideros que le permitir\u00e1 dar mejor soluci\u00f3n al problema que ten\u00edan las\ncuadras de estos barrios\u201d, agreg\u00f3 Mat\u00edas Dematei. <\/p>\n","protected":false},"excerpt":{"rendered":"<p>Se colocaron ca\u00f1os pluviales para luego hacer el hormig\u00f3n del asfalto. Adem\u00e1s, reformaron parte de la red cloacal para mejor &#8230; <a title=\"Contin\u00faan con la obra pluvial de calle 113 entre 16 y 22 bis\" class=\"read-more\" href=\"https:\/\/www.hoymercedes.com.ar\/principal\/2019\/11\/13\/continuan-con-la-obra-pluvial-de-calle-113-entre-16-y-22-bis\/\" aria-label=\"Leer m\u00e1s sobre Contin\u00faan con la obra pluvial de calle 113 entre 16 y 22 bis\">Leer m\u00e1s<\/a><\/p>\n","protected":false},"author":1,"featured_media":102297,"comment_status":"closed","ping_status":"open","sticky":false,"template":"","format":"standard","meta":{"_monsterinsights_skip_tracking":false,"_monsterinsights_sitenote_active":false,"_monsterinsights_sitenote_note":"","_monsterinsights_sitenote_category":0,"jetpack_post_was_ever_published":false,"_jetpack_newsletter_access":"","_jetpack_dont_email_post_to_subs":false,"_jetpack_newsletter_tier_id":0,"_jetpack_memberships_contains_paywalled_content":false,"_jetpack_memberships_contains_paid_content":false,"footnotes":"","jetpack_publicize_message":"","jetpack_publicize_feature_enabled":true,"jetpack_social_post_already_shared":true,"jetpack_social_options":{"image_generator_settings":{"template":"highway","default_image_id":0,"font":"","enabled":false},"version":2},"_wpas_customize_per_network":false},"categories":[30],"tags":[244,8628],"class_list":["post-102331","post","type-post","status-publish","format-standard","has-post-thumbnail","hentry","category-municipio","tag-municipio-2","tag-servicios-publicos","generate-columns","tablet-grid-50","mobile-grid-100","grid-parent","grid-50"],"jetpack_publicize_connections":[],"jetpack_featured_media_url":"https:\/\/www.hoymercedes.com.ar\/principal\/wp-content\/uploads\/2019\/11\/IMG-20191112-WA0026.jpg","wps_subtitle":"Trabajos en los servicios p\u00fablicos","jetpack_sharing_enabled":true,"_links":{"self":[{"href":"https:\/\/www.hoymercedes.com.ar\/principal\/wp-json\/wp\/v2\/posts\/102331","targetHints":{"allow":["GET"]}}],"collection":[{"href":"https:\/\/www.hoymercedes.com.ar\/principal\/wp-json\/wp\/v2\/posts"}],"about":[{"href":"https:\/\/www.hoymercedes.com.ar\/principal\/wp-json\/wp\/v2\/types\/post"}],"author":[{"embeddable":true,"href":"https:\/\/www.hoymercedes.com.ar\/principal\/wp-json\/wp\/v2\/users\/1"}],"replies":[{"embeddable":true,"href":"https:\/\/www.hoymercedes.com.ar\/principal\/wp-json\/wp\/v2\/comments?post=102331"}],"version-history":[{"count":0,"href":"https:\/\/www.hoymercedes.com.ar\/principal\/wp-json\/wp\/v2\/posts\/102331\/revisions"}],"wp:featuredmedia":[{"embeddable":true,"href":"https:\/\/www.hoymercedes.com.ar\/principal\/wp-json\/wp\/v2\/media\/102297"}],"wp:attachment":[{"href":"https:\/\/www.hoymercedes.com.ar\/principal\/wp-json\/wp\/v2\/media?parent=102331"}],"wp:term":[{"taxonomy":"category","embeddable":true,"href":"https:\/\/www.hoymercedes.com.ar\/principal\/wp-json\/wp\/v2\/categories?post=102331"},{"taxonomy":"post_tag","embeddable":true,"href":"https:\/\/www.hoymercedes.com.ar\/principal\/wp-json\/wp\/v2\/tags?post=102331"}],"curies":[{"name":"wp","href":"https:\/\/api.w.org\/{rel}","templated":true}]}}