{"id":102334,"date":"2019-11-13T23:51:00","date_gmt":"2019-11-14T02:51:00","guid":{"rendered":"http:\/\/www.hoymercedes.com.ar\/principal\/?p=102334"},"modified":"2019-11-14T17:29:15","modified_gmt":"2019-11-14T20:29:15","slug":"nuevo-equipo-de-rayos-odontologico-para-consultorio-municipal","status":"publish","type":"post","link":"https:\/\/www.hoymercedes.com.ar\/principal\/2019\/11\/13\/nuevo-equipo-de-rayos-odontologico-para-consultorio-municipal\/","title":{"rendered":"Nuevo equipo de rayos odontol\u00f3gico para consultorio municipal"},"content":{"rendered":"\n<p><em>Est\u00e1 instalado en el CIC donde funciona la guardia odontol\u00f3gica que atienden odont\u00f3logos de la Universidad de La Plata que hacen sus residencias en la ciudad. El equipo permitir\u00e1 realizar placas dentales y hacer una atenci\u00f3n integral de los pacientes. <\/em><\/p>\n\n\n\n<figure class=\"wp-block-image size-large\"><img loading=\"lazy\" decoding=\"async\" width=\"800\" height=\"533\" data-attachment-id=\"102298\" data-permalink=\"https:\/\/www.hoymercedes.com.ar\/principal\/img_20191112_112049702\/\" data-orig-file=\"https:\/\/www.hoymercedes.com.ar\/principal\/wp-content\/uploads\/2019\/11\/IMG_20191112_112049702.jpg\" data-orig-size=\"800,533\" data-comments-opened=\"0\" data-image-meta=\"{&quot;aperture&quot;:&quot;0&quot;,&quot;credit&quot;:&quot;&quot;,&quot;camera&quot;:&quot;&quot;,&quot;caption&quot;:&quot;&quot;,&quot;created_timestamp&quot;:&quot;0&quot;,&quot;copyright&quot;:&quot;&quot;,&quot;focal_length&quot;:&quot;0&quot;,&quot;iso&quot;:&quot;0&quot;,&quot;shutter_speed&quot;:&quot;0&quot;,&quot;title&quot;:&quot;&quot;,&quot;orientation&quot;:&quot;0&quot;}\" data-image-title=\"IMG_20191112_112049702\" data-image-description=\"\" data-image-caption=\"\" data-large-file=\"https:\/\/www.hoymercedes.com.ar\/principal\/wp-content\/uploads\/2019\/11\/IMG_20191112_112049702.jpg\" src=\"https:\/\/www.hoymercedes.com.ar\/principal\/wp-content\/uploads\/2019\/11\/IMG_20191112_112049702.jpg\" alt=\"\" class=\"wp-image-102298\" srcset=\"https:\/\/www.hoymercedes.com.ar\/principal\/wp-content\/uploads\/2019\/11\/IMG_20191112_112049702.jpg 800w, https:\/\/www.hoymercedes.com.ar\/principal\/wp-content\/uploads\/2019\/11\/IMG_20191112_112049702-630x420.jpg 630w, https:\/\/www.hoymercedes.com.ar\/principal\/wp-content\/uploads\/2019\/11\/IMG_20191112_112049702-150x100.jpg 150w, https:\/\/www.hoymercedes.com.ar\/principal\/wp-content\/uploads\/2019\/11\/IMG_20191112_112049702-700x465.jpg 700w\" sizes=\"auto, (max-width: 800px) 100vw, 800px\" \/><\/figure>\n\n\n\n<p>En el marco del programa de salud bucal que lleva adelante\nel Municipio de Mercedes a trav\u00e9s de la Secretar\u00eda de Salud, en la ma\u00f1ana&nbsp; de este martes se present\u00f3 una nueva\naparatolog\u00eda en el consultorio y guardia odontol\u00f3gica que funciona en el CIC de\ncalle 10 y 65. Se trata de un equipo de rayos x de uso odontol\u00f3gico que\npermitir\u00e1 realizarse placas a los pacientes que all\u00ed se atienden. <\/p>\n\n\n\n<p>A trav\u00e9s de una conferencia de prensa en el espacio de salud\ny desarrollo social que atiende en su mayor\u00eda a los vecinos de la zona oeste de\nla ciudad, el Intendente Juan Ignacio Ustarroz, junto al Secretario de Salud,\nPablo Cassiani, y al equipo de odont\u00f3logos de la Universidad de La Plata que\nforman parte del programa de salud bucal que coordina Ver\u00f3nica Perigo\nexplicaron de qu\u00e9 se trata la nueva aparatolog\u00eda. <\/p>\n\n\n\n<p>Ante los medios presentes, el m\u00e9dico Cassiani dio cuenta del\ncrecimiento del \u201cambicioso plan de salud bucal\u201d que encar\u00f3 el municipio hace\nalgunos a\u00f1os. \u201cSumamos un nuevo servicio al CIC. Sumamos un equipo de rayos\nodontol\u00f3gico. Es un salto cualitativo en la atenci\u00f3n integral de los pacientes.\nAqu\u00ed, en el CIC, donde funciona la guardia odontol\u00f3gica nocturna que cumple 3\nmeses, adem\u00e1s del consultorio de la ma\u00f1ana, est\u00e1 funcionando esta nueva\ntecnolog\u00eda\u201d, &nbsp;destac\u00f3 para luego cederle\nla palabra a uno de los profesionales del \u00e1rea. <\/p>\n\n\n\n<p>Francis Vergel, uno de los odont\u00f3logos de la Universidad\nNacional de La Plata que realiza su residencia en la ciudad de Mercedes, oriundo\nde Toay (La Pampa), explic\u00f3 que la nueva aparatolog\u00eda permitir\u00e1 realizar\nmejores diagn\u00f3sticos, ya que realiza placas de rayos x. \u201cEste equipo nos\npermitir\u00e1 abordar los tratamientos desde otra perspectiva. Nos hac\u00eda falta para\ncompletar el diagn\u00f3stico. Nos permitir\u00e1 ver, mediante radiograf\u00edas, si una\npieza est\u00e1 complicada para ser extra\u00edda o si debemos hacer un tratamiento de\nconducto, por ejemplo. Nos permite abordar la problem\u00e1tica odontol\u00f3gica del\npaciente de manera integral y as\u00ed optar por los diferentes tratamientos que\npodremos llevar a cabo\u201d, explic\u00f3 el profesional de la salud.<\/p>\n\n\n\n<p>El equipo de odont\u00f3logos conformados a partir del convenio\nrealizado con la UNLP se encuentra realizando guardias nocturnas en el CIC\n(calle 10 y 65), pero tambi\u00e9n atienden por la ma\u00f1ana en el consultorio de all\u00ed\ny en los consultorios dispuestos en algunos de los Centro de Atenci\u00f3n Primaria\nde la Salud. <\/p>\n\n\n\n<p>Finalmente, el Jefe Comunal hizo un racconto del proyecto sanitario y reconoci\u00f3 el trabajo del equipo que participar del programa de salud bucal que \u201crecibe a muchos pacientes y le devuelven una sonrisa\u201d. <\/p>\n\n\n\n<figure class=\"wp-block-image size-large\"><img loading=\"lazy\" decoding=\"async\" width=\"800\" height=\"600\" data-attachment-id=\"102299\" data-permalink=\"https:\/\/www.hoymercedes.com.ar\/principal\/img_20191112_112729022\/\" data-orig-file=\"https:\/\/www.hoymercedes.com.ar\/principal\/wp-content\/uploads\/2019\/11\/IMG_20191112_112729022.jpg\" data-orig-size=\"800,600\" data-comments-opened=\"0\" data-image-meta=\"{&quot;aperture&quot;:&quot;0&quot;,&quot;credit&quot;:&quot;&quot;,&quot;camera&quot;:&quot;&quot;,&quot;caption&quot;:&quot;&quot;,&quot;created_timestamp&quot;:&quot;0&quot;,&quot;copyright&quot;:&quot;&quot;,&quot;focal_length&quot;:&quot;0&quot;,&quot;iso&quot;:&quot;0&quot;,&quot;shutter_speed&quot;:&quot;0&quot;,&quot;title&quot;:&quot;&quot;,&quot;orientation&quot;:&quot;0&quot;}\" data-image-title=\"IMG_20191112_112729022\" data-image-description=\"\" data-image-caption=\"\" data-large-file=\"https:\/\/www.hoymercedes.com.ar\/principal\/wp-content\/uploads\/2019\/11\/IMG_20191112_112729022.jpg\" src=\"https:\/\/www.hoymercedes.com.ar\/principal\/wp-content\/uploads\/2019\/11\/IMG_20191112_112729022.jpg\" alt=\"\" class=\"wp-image-102299\" srcset=\"https:\/\/www.hoymercedes.com.ar\/principal\/wp-content\/uploads\/2019\/11\/IMG_20191112_112729022.jpg 800w, https:\/\/www.hoymercedes.com.ar\/principal\/wp-content\/uploads\/2019\/11\/IMG_20191112_112729022-630x473.jpg 630w, https:\/\/www.hoymercedes.com.ar\/principal\/wp-content\/uploads\/2019\/11\/IMG_20191112_112729022-150x113.jpg 150w\" sizes=\"auto, (max-width: 800px) 100vw, 800px\" \/><\/figure>\n","protected":false},"excerpt":{"rendered":"<p>Est\u00e1 instalado en el CIC donde funciona la guardia odontol\u00f3gica que atienden odont\u00f3logos de la Universidad de La Plata que &#8230; <a title=\"Nuevo equipo de rayos odontol\u00f3gico para consultorio municipal\" class=\"read-more\" href=\"https:\/\/www.hoymercedes.com.ar\/principal\/2019\/11\/13\/nuevo-equipo-de-rayos-odontologico-para-consultorio-municipal\/\" aria-label=\"Leer m\u00e1s sobre Nuevo equipo de rayos odontol\u00f3gico para consultorio municipal\">Leer m\u00e1s<\/a><\/p>\n","protected":false},"author":1,"featured_media":102299,"comment_status":"closed","ping_status":"open","sticky":false,"template":"","format":"standard","meta":{"_monsterinsights_skip_tracking":false,"_monsterinsights_sitenote_active":false,"_monsterinsights_sitenote_note":"","_monsterinsights_sitenote_category":0,"jetpack_post_was_ever_published":false,"_jetpack_newsletter_access":"","_jetpack_dont_email_post_to_subs":false,"_jetpack_newsletter_tier_id":0,"_jetpack_memberships_contains_paywalled_content":false,"_jetpack_memberships_contains_paid_content":false,"footnotes":"","jetpack_publicize_message":"","jetpack_publicize_feature_enabled":true,"jetpack_social_post_already_shared":true,"jetpack_social_options":{"image_generator_settings":{"template":"highway","default_image_id":0,"font":"","enabled":false},"version":2},"_wpas_customize_per_network":false},"categories":[30],"tags":[244,9778,134],"class_list":["post-102334","post","type-post","status-publish","format-standard","has-post-thumbnail","hentry","category-municipio","tag-municipio-2","tag-odontologia","tag-salud","generate-columns","tablet-grid-50","mobile-grid-100","grid-parent","grid-50"],"jetpack_publicize_connections":[],"jetpack_featured_media_url":"https:\/\/www.hoymercedes.com.ar\/principal\/wp-content\/uploads\/2019\/11\/IMG_20191112_112729022.jpg","wps_subtitle":"Atenci\u00f3n odontol\u00f3gica","jetpack_sharing_enabled":true,"_links":{"self":[{"href":"https:\/\/www.hoymercedes.com.ar\/principal\/wp-json\/wp\/v2\/posts\/102334","targetHints":{"allow":["GET"]}}],"collection":[{"href":"https:\/\/www.hoymercedes.com.ar\/principal\/wp-json\/wp\/v2\/posts"}],"about":[{"href":"https:\/\/www.hoymercedes.com.ar\/principal\/wp-json\/wp\/v2\/types\/post"}],"author":[{"embeddable":true,"href":"https:\/\/www.hoymercedes.com.ar\/principal\/wp-json\/wp\/v2\/users\/1"}],"replies":[{"embeddable":true,"href":"https:\/\/www.hoymercedes.com.ar\/principal\/wp-json\/wp\/v2\/comments?post=102334"}],"version-history":[{"count":0,"href":"https:\/\/www.hoymercedes.com.ar\/principal\/wp-json\/wp\/v2\/posts\/102334\/revisions"}],"wp:featuredmedia":[{"embeddable":true,"href":"https:\/\/www.hoymercedes.com.ar\/principal\/wp-json\/wp\/v2\/media\/102299"}],"wp:attachment":[{"href":"https:\/\/www.hoymercedes.com.ar\/principal\/wp-json\/wp\/v2\/media?parent=102334"}],"wp:term":[{"taxonomy":"category","embeddable":true,"href":"https:\/\/www.hoymercedes.com.ar\/principal\/wp-json\/wp\/v2\/categories?post=102334"},{"taxonomy":"post_tag","embeddable":true,"href":"https:\/\/www.hoymercedes.com.ar\/principal\/wp-json\/wp\/v2\/tags?post=102334"}],"curies":[{"name":"wp","href":"https:\/\/api.w.org\/{rel}","templated":true}]}}