{"id":102343,"date":"2019-11-14T14:16:00","date_gmt":"2019-11-14T17:16:00","guid":{"rendered":"http:\/\/www.hoymercedes.com.ar\/principal\/?p=102343"},"modified":"2019-11-14T17:47:45","modified_gmt":"2019-11-14T20:47:45","slug":"lujan-un-detenido-por-robo-en-un-almacen","status":"publish","type":"post","link":"https:\/\/www.hoymercedes.com.ar\/principal\/2019\/11\/14\/lujan-un-detenido-por-robo-en-un-almacen\/","title":{"rendered":"Luj\u00e1n: Un detenido por robo en un almac\u00e9n"},"content":{"rendered":"\n<p><em>A ra\u00edz de una investigaci\u00f3n\niniciada en agosto pasado, el d\u00eda martes detuvieron a un hombre de 22 a\u00f1os acusado\nde \u00abrobo agravado por el uso de arma de fuego cuya aptitud a\u00fan no ha sido\nacreditada, encubrimiento simple y tenencia ilegal de arma de fuego de uso\ncivil y de arma de fuego de guerra\u201d <\/em><\/p>\n\n\n\n<p>&nbsp;El pasado 27\nde agosto, en horas de la noche, dos sujetos ingresaron armados a un comercio\ndel rubro almac\u00e9n en la zona c\u00e9ntrica de la localidad de Luj\u00e1n. All\u00ed, tras\namedrentar a la v\u00edctima, amenazarla, apuntarle con un arma de fuego&nbsp; y provocarle golpes le exigieron la entrega\nde dinero. Se hicieron de una suma que se encontraba en la caja registradora,\nalgunos elementos del comercio. Tras ello, se subieron a una motocicleta y se\ndieron a la fuga.<\/p>\n\n\n\n<p>La v\u00edctima realiz\u00f3 la denuncia y se instruy\u00f3 una\ninvestigaci\u00f3n penal preparatoria a instancias de la e la UFI N.\u00ba 9 de Lujan,\ndel Departamento Judicial de Mercedes, a cargo de la doctora Mar\u00eda Laura\nCordiviola.<\/p>\n\n\n\n<p>Tras tareas investigativas se arrib\u00f3 a un posible\nsospechoso de la comisi\u00f3n del hecho. Es as\u00ed como se solicit\u00f3 al Juzgado de\nGarant\u00edas N.\u00ba 1 departamental, a cargo del dr. Marcelo Romero una orden de\nallanamiento y detenci\u00f3n para el imputado. La misma fue concedida y\nefectivizada el martes 12 del corriente por parte de personal policial de la\nlocalidad.<\/p>\n\n\n\n<p>Vale destacar que en momentos en que se dirig\u00edan\na dar cumplimiento a la diligencia en cercan\u00edas del domicilio donde deb\u00eda\nllevarse a cabo observaron al sospechado conduciendo un motoveh\u00edculo marca\n\u00abYamaha YBR\u00bb 125. Dieron la voz de alto e interceptaron al sujeto\nprocediendo a efectivizar su detenci\u00f3n. A su vez, se pudo determinar que el\nrodado en que se desplazaba ten\u00eda pedido de secuestro activo del Destacamento\nEstaci\u00f3n de Lujan por sustracci\u00f3n del mismo.<\/p>\n\n\n\n<p>M\u00e1s tarde tambi\u00e9n se desarroll\u00f3 el allanamiento\nprevisto en barrio \u00abLa Palomita\u00bb de la ciudad de Luj\u00e1n, en el\ndomicilio del imputado. All\u00ed se procedi\u00f3 al secuestro de un arma de fuego de\npu\u00f1o y una escopeta; como as\u00ed tambi\u00e9n una mochila la cual en su interior pose\u00eda\n40 cartuchos y 35 municiones. Vale destacar que el sospechado carece de todo\ntipo de autorizaci\u00f3n legal para tener o portar armas de fuego de conformidad\ncon la Ley Nacional de Armas y sus decretos reglamentarios. <\/p>\n\n\n\n<p>El sujeto (de 22 a\u00f1os de edad) qued\u00f3 detenido por\nel delito de \u201cRobo agravado por el uso de arma de fuego cuya aptitud a\u00fan no ha\nsido acreditada, encubrimiento simple y tenencia ilegal de arma de fuego de uso\ncivil y de arma de fuego de guerra\u201d y&nbsp;\ncompareci\u00f3 el mi\u00e9rcoles 13 ante la agente fiscal en el marco de la\naudiencia de declaraci\u00f3n en los t\u00e9rminos del art. 308 del C\u00f3digo Procesal\nPenal. <\/p>\n","protected":false},"excerpt":{"rendered":"<p>A ra\u00edz de una investigaci\u00f3n iniciada en agosto pasado, el d\u00eda martes detuvieron a un hombre de 22 a\u00f1os acusado &#8230; <a title=\"Luj\u00e1n: Un detenido por robo en un almac\u00e9n\" class=\"read-more\" href=\"https:\/\/www.hoymercedes.com.ar\/principal\/2019\/11\/14\/lujan-un-detenido-por-robo-en-un-almacen\/\" aria-label=\"Leer m\u00e1s sobre Luj\u00e1n: Un detenido por robo en un almac\u00e9n\">Leer m\u00e1s<\/a><\/p>\n","protected":false},"author":1,"featured_media":99825,"comment_status":"closed","ping_status":"open","sticky":false,"template":"","format":"standard","meta":{"_monsterinsights_skip_tracking":false,"_monsterinsights_sitenote_active":false,"_monsterinsights_sitenote_note":"","_monsterinsights_sitenote_category":0,"jetpack_post_was_ever_published":false,"_jetpack_newsletter_access":"","_jetpack_dont_email_post_to_subs":false,"_jetpack_newsletter_tier_id":0,"_jetpack_memberships_contains_paywalled_content":false,"_jetpack_memberships_contains_paid_content":false,"footnotes":"","jetpack_publicize_message":"","jetpack_publicize_feature_enabled":true,"jetpack_social_post_already_shared":true,"jetpack_social_options":{"image_generator_settings":{"template":"highway","default_image_id":0,"font":"","enabled":false},"version":2},"_wpas_customize_per_network":false},"categories":[85],"tags":[10581,86,96],"class_list":["post-102343","post","type-post","status-publish","format-standard","has-post-thumbnail","hentry","category-policial","tag-fiscalia","tag-lujan","tag-policial-2","generate-columns","tablet-grid-50","mobile-grid-100","grid-parent","grid-50"],"jetpack_publicize_connections":[],"jetpack_featured_media_url":"https:\/\/www.hoymercedes.com.ar\/principal\/wp-content\/uploads\/2019\/09\/14-policial-lujan.jpg","wps_subtitle":"Regional","jetpack_sharing_enabled":true,"_links":{"self":[{"href":"https:\/\/www.hoymercedes.com.ar\/principal\/wp-json\/wp\/v2\/posts\/102343","targetHints":{"allow":["GET"]}}],"collection":[{"href":"https:\/\/www.hoymercedes.com.ar\/principal\/wp-json\/wp\/v2\/posts"}],"about":[{"href":"https:\/\/www.hoymercedes.com.ar\/principal\/wp-json\/wp\/v2\/types\/post"}],"author":[{"embeddable":true,"href":"https:\/\/www.hoymercedes.com.ar\/principal\/wp-json\/wp\/v2\/users\/1"}],"replies":[{"embeddable":true,"href":"https:\/\/www.hoymercedes.com.ar\/principal\/wp-json\/wp\/v2\/comments?post=102343"}],"version-history":[{"count":0,"href":"https:\/\/www.hoymercedes.com.ar\/principal\/wp-json\/wp\/v2\/posts\/102343\/revisions"}],"wp:featuredmedia":[{"embeddable":true,"href":"https:\/\/www.hoymercedes.com.ar\/principal\/wp-json\/wp\/v2\/media\/99825"}],"wp:attachment":[{"href":"https:\/\/www.hoymercedes.com.ar\/principal\/wp-json\/wp\/v2\/media?parent=102343"}],"wp:term":[{"taxonomy":"category","embeddable":true,"href":"https:\/\/www.hoymercedes.com.ar\/principal\/wp-json\/wp\/v2\/categories?post=102343"},{"taxonomy":"post_tag","embeddable":true,"href":"https:\/\/www.hoymercedes.com.ar\/principal\/wp-json\/wp\/v2\/tags?post=102343"}],"curies":[{"name":"wp","href":"https:\/\/api.w.org\/{rel}","templated":true}]}}