{"id":102358,"date":"2019-11-15T09:27:00","date_gmt":"2019-11-15T12:27:00","guid":{"rendered":"http:\/\/www.hoymercedes.com.ar\/principal\/?p=102358"},"modified":"2019-11-14T17:30:02","modified_gmt":"2019-11-14T20:30:02","slug":"plantaran-45-arboles-en-memoria-de-las-victimas-de-siniestros-viales","status":"publish","type":"post","link":"https:\/\/www.hoymercedes.com.ar\/principal\/2019\/11\/15\/plantaran-45-arboles-en-memoria-de-las-victimas-de-siniestros-viales\/","title":{"rendered":"Plantar\u00e1n 45 \u00e1rboles en memoria de las v\u00edctimas de siniestros viales"},"content":{"rendered":"\n<p><em>\u201cEl Bosque de la Consciencia\u201d recordar\u00e1 a las v\u00edctimas fatales de accidentes de tr\u00e1nsito. Lo instalar\u00e1n a orillas del r\u00edo Luj\u00e1n y 29 en la tarde del s\u00e1bado. En la ma\u00f1ana del domingo, el homenaje se har\u00e1 en la Plaza San Luis. La semana siguiente, una nueva estrella se colocar\u00e1 en 23 y 42 a la memoria de Alejandro \u201cCacho\u201d Vergara. <\/em><\/p>\n\n\n\n<figure class=\"wp-block-image size-large\"><img loading=\"lazy\" decoding=\"async\" width=\"769\" height=\"768\" data-attachment-id=\"102353\" data-permalink=\"https:\/\/www.hoymercedes.com.ar\/principal\/2019\/11\/14\/alumnos-de-la-escuela-tecnica-de-gowland-limpiaron-el-arroyo-balta\/victimas-viales\/#main\" data-orig-file=\"https:\/\/www.hoymercedes.com.ar\/principal\/wp-content\/uploads\/2019\/11\/Victimas-Viales.png\" data-orig-size=\"769,768\" data-comments-opened=\"0\" data-image-meta=\"{&quot;aperture&quot;:&quot;0&quot;,&quot;credit&quot;:&quot;&quot;,&quot;camera&quot;:&quot;&quot;,&quot;caption&quot;:&quot;&quot;,&quot;created_timestamp&quot;:&quot;0&quot;,&quot;copyright&quot;:&quot;&quot;,&quot;focal_length&quot;:&quot;0&quot;,&quot;iso&quot;:&quot;0&quot;,&quot;shutter_speed&quot;:&quot;0&quot;,&quot;title&quot;:&quot;&quot;,&quot;orientation&quot;:&quot;0&quot;}\" data-image-title=\"Victimas Viales\" data-image-description=\"\" data-image-caption=\"\" data-large-file=\"https:\/\/www.hoymercedes.com.ar\/principal\/wp-content\/uploads\/2019\/11\/Victimas-Viales.png\" src=\"https:\/\/www.hoymercedes.com.ar\/principal\/wp-content\/uploads\/2019\/11\/Victimas-Viales.png\" alt=\"\" class=\"wp-image-102353\" srcset=\"https:\/\/www.hoymercedes.com.ar\/principal\/wp-content\/uploads\/2019\/11\/Victimas-Viales.png 769w, https:\/\/www.hoymercedes.com.ar\/principal\/wp-content\/uploads\/2019\/11\/Victimas-Viales-621x620.png 621w, https:\/\/www.hoymercedes.com.ar\/principal\/wp-content\/uploads\/2019\/11\/Victimas-Viales-150x150.png 150w\" sizes=\"auto, (max-width: 769px) 100vw, 769px\" \/><\/figure>\n\n\n\n<p>El mes de noviembre es el mes de la seguridad vial y el\ntercer domingo del mes es el D\u00eda Mundial de las V\u00edctimas de Siniestros Viales.\nUna fecha que se instaur\u00f3 en 1993 por iniciativa de una organizaci\u00f3n no\ngubernamental inglesa. La ONU adhiri\u00f3 a la propuesta con el fin de alertas\nsobre las consecuencias y costos de los siniestros viales. <\/p>\n\n\n\n<p>Este a\u00f1o el Grupo Estrellas Amarillas Mercedes junto al\nMunicipio de Mercedes y TECPREMER llevar\u00e1n adelante tres actividades que se\niniciar\u00e1n el s\u00e1bado por la tarde, continuar\u00e1n en la ma\u00f1ana del domingo y se\ncompletar\u00e1 con la instalaci\u00f3n de una nueva se\u00f1al vertical que recordar\u00e1 a una\nv\u00edctima fatal. <\/p>\n\n\n\n<p>La primera de las actividades ser\u00e1 el s\u00e1bado 16 de\nnoviembre, a la hora 18. Detr\u00e1s de la Pulper\u00eda de Cacho Dicatarina, a orillas\ndel R\u00edo Luj\u00e1n, se crear\u00e1 \u201cEl Bosque de la Consciencia\u201d. All\u00ed se plantar\u00e1n 45\n\u00e1rboles aut\u00f3ctonos con los nombres de las v\u00edctimas fatales a causa de\nsiniestros viales, cuyos familiares forman parte del Grupo Estrellas Amarillas.\nEntre los \u00e1rboles, uno representar\u00e1 a todas las v\u00edctimas fatales de la ciudad a\nlo largo de la historia. <\/p>\n\n\n\n<p>\u201cLa idea surgi\u00f3 ante la convocatoria del \u00e1rea de ambiente\npara que instituciones se sumen a la forestaci\u00f3n de la ciudad. Le preguntamos\nsi pod\u00edamos hacer un bosque de la vida con el nombre de nuestras estrellitas.\nNos dijeron que s\u00ed y empezamos a armar el acto que sufri\u00f3 una suspensi\u00f3n en\noctubre, pero decidimos hacerlo esta semana en el marco del D\u00eda Mundial en\nmemoria de las v\u00edctimas por siniestros viales\u201d, cont\u00f3 Ana Torres, integrante\nfundadora del Grupo Estrellas Amarillas Mercedes. <\/p>\n\n\n\n<p>\u201cEl Bosque de la Consciencia buscar\u00e1 que los vecinos\ntomen mayor conciencia de lo que sucede en las calles y rutas de la ciudad. Ese\nlugar ser\u00e1 un espacio de reflexi\u00f3n para pensar que en las calles nos tenemos\nque cuidar todos. Habr\u00e1 un \u00e1rbol por cada una de las estrellas colocadas en\nestos tres a\u00f1os. Uno ser\u00e1 por todas las v\u00edctimas de siniestros viales,\nrepresentando a los familiares que por distintos motivos no forman parte del\ngrupo\u201d, agreg\u00f3 Ana Torres. <\/p>\n\n\n\n<p>Asimismo, destac\u00f3 que uno de los \u00e1rboles a plantar\nrecordar\u00e1 a un joven, familiar de una de las v\u00edctimas de siniestros viales de\nla ciudad, que falleci\u00f3 por decisi\u00f3n propia. Su madre, solicit\u00f3 un \u00e1rbol\nespecial en memoria de ese joven para que tambi\u00e9n se reflexione sobre el\nsuicidio. <\/p>\n\n\n\n<p>Por otra parte, el domingo 17, fecha exacta en donde a\nnivel mundial se recuerda a las v\u00edctimas de siniestros viales, se har\u00e1 un acto\nen el monumento inaugurado este a\u00f1o en la Plaza San Luis a la hora 10. En ese\ncontexto se leer\u00e1 la resoluci\u00f3n de declaraci\u00f3n de inter\u00e9s municipal los actos\nen memoria de las v\u00edctimas de siniestros viales. <\/p>\n\n\n\n<p>Asimismo, el d\u00eda 23 de noviembre, en la intersecci\u00f3n de\ncalle 23 y 42, se descubrir\u00e1 una nueva se\u00f1al con una estrella amarilla. Esta\nestrella recordar\u00e1 a Alejandro \u201cCacho\u201d Vergara a un a\u00f1o de su muerte tras un\nsiniestro vial en esa esquina. <\/p>\n","protected":false},"excerpt":{"rendered":"<p>\u201cEl Bosque de la Consciencia\u201d recordar\u00e1 a las v\u00edctimas fatales de accidentes de tr\u00e1nsito. Lo instalar\u00e1n a orillas del r\u00edo &#8230; <a title=\"Plantar\u00e1n 45 \u00e1rboles en memoria de las v\u00edctimas de siniestros viales\" class=\"read-more\" href=\"https:\/\/www.hoymercedes.com.ar\/principal\/2019\/11\/15\/plantaran-45-arboles-en-memoria-de-las-victimas-de-siniestros-viales\/\" aria-label=\"Leer m\u00e1s sobre Plantar\u00e1n 45 \u00e1rboles en memoria de las v\u00edctimas de siniestros viales\">Leer m\u00e1s<\/a><\/p>\n","protected":false},"author":1,"featured_media":102353,"comment_status":"closed","ping_status":"open","sticky":false,"template":"","format":"standard","meta":{"_monsterinsights_skip_tracking":false,"_monsterinsights_sitenote_active":false,"_monsterinsights_sitenote_note":"","_monsterinsights_sitenote_category":0,"jetpack_post_was_ever_published":false,"_jetpack_newsletter_access":"","_jetpack_dont_email_post_to_subs":false,"_jetpack_newsletter_tier_id":0,"_jetpack_memberships_contains_paywalled_content":false,"_jetpack_memberships_contains_paid_content":false,"footnotes":"","jetpack_publicize_message":"","jetpack_publicize_feature_enabled":true,"jetpack_social_post_already_shared":true,"jetpack_social_options":{"image_generator_settings":{"template":"highway","default_image_id":0,"font":"","enabled":false},"version":2},"_wpas_customize_per_network":false},"categories":[8],"tags":[9451,802,7802,15913],"class_list":["post-102358","post","type-post","status-publish","format-standard","has-post-thumbnail","hentry","category-sociedad","tag-estrellas-amarillas","tag-seguridad","tag-sociedad","tag-vial","generate-columns","tablet-grid-50","mobile-grid-100","grid-parent","grid-50"],"jetpack_publicize_connections":[],"jetpack_featured_media_url":"https:\/\/www.hoymercedes.com.ar\/principal\/wp-content\/uploads\/2019\/11\/Victimas-Viales.png","wps_subtitle":"En el mes de la seguridad vial","jetpack_sharing_enabled":true,"_links":{"self":[{"href":"https:\/\/www.hoymercedes.com.ar\/principal\/wp-json\/wp\/v2\/posts\/102358","targetHints":{"allow":["GET"]}}],"collection":[{"href":"https:\/\/www.hoymercedes.com.ar\/principal\/wp-json\/wp\/v2\/posts"}],"about":[{"href":"https:\/\/www.hoymercedes.com.ar\/principal\/wp-json\/wp\/v2\/types\/post"}],"author":[{"embeddable":true,"href":"https:\/\/www.hoymercedes.com.ar\/principal\/wp-json\/wp\/v2\/users\/1"}],"replies":[{"embeddable":true,"href":"https:\/\/www.hoymercedes.com.ar\/principal\/wp-json\/wp\/v2\/comments?post=102358"}],"version-history":[{"count":0,"href":"https:\/\/www.hoymercedes.com.ar\/principal\/wp-json\/wp\/v2\/posts\/102358\/revisions"}],"wp:featuredmedia":[{"embeddable":true,"href":"https:\/\/www.hoymercedes.com.ar\/principal\/wp-json\/wp\/v2\/media\/102353"}],"wp:attachment":[{"href":"https:\/\/www.hoymercedes.com.ar\/principal\/wp-json\/wp\/v2\/media?parent=102358"}],"wp:term":[{"taxonomy":"category","embeddable":true,"href":"https:\/\/www.hoymercedes.com.ar\/principal\/wp-json\/wp\/v2\/categories?post=102358"},{"taxonomy":"post_tag","embeddable":true,"href":"https:\/\/www.hoymercedes.com.ar\/principal\/wp-json\/wp\/v2\/tags?post=102358"}],"curies":[{"name":"wp","href":"https:\/\/api.w.org\/{rel}","templated":true}]}}