{"id":102361,"date":"2019-11-15T12:28:00","date_gmt":"2019-11-15T15:28:00","guid":{"rendered":"http:\/\/www.hoymercedes.com.ar\/principal\/?p=102361"},"modified":"2019-11-15T11:59:10","modified_gmt":"2019-11-15T14:59:10","slug":"realizaran-encuentro-informativo-sobre-dislexia","status":"publish","type":"post","link":"https:\/\/www.hoymercedes.com.ar\/principal\/2019\/11\/15\/realizaran-encuentro-informativo-sobre-dislexia\/","title":{"rendered":"Realizar\u00e1n encuentro informativo sobre Dislexia"},"content":{"rendered":"\n<p><em>A partir de las 9:30 del\ns\u00e1bado 16 ser\u00e1 la charla sobre dificultades espec\u00edficas del aprendizaje.\nGratuita y abierta al p\u00fablico general, el encuentro es en el HCD, primer piso\ndel Municipio. <\/em><\/p>\n\n\n\n<p>El\nvenidero s\u00e1bado 16 de noviembre, el recinto del Concejo Deliberante de\nMercedes, ser\u00e1 escenario de un encuentro que tendr\u00e1 como tem\u00e1tica principal la\ndislexia y otras dificultades espec\u00edficas del aprendizaje (DEA)<\/p>\n\n\n\n<p>Entre\nlas 9:30 y las 11:30 de dicho d\u00eda, la charla se centrar\u00e1 en las herramientas\npara atender las dificultades en el aprendizaje que muchas veces llevan al\nfracaso o deserci\u00f3n escolar en los estudiantes. <\/p>\n\n\n\n<p>Bajo\nel t\u00edtulo \u201cDislexia y otras DEA \u00bfAprendemos Juntos?\u201d, el evento est\u00e1 organizado\npor el Municipio de Mercedes, el HCD Mercedes y DISFAM Argentina. <\/p>\n\n\n\n<p>\u201cEs\nnuestro objetivo informar a la comunidad toda, sobre qu\u00e9 es la dislexia, y\ncu\u00e1les son sus consecuencias, para su correcto enfoque. Nos acompa\u00f1an\nprofesionales que se especializaron en las DEA como pediatras, psicopedagogos,\npsiquiatras y fonoaudi\u00f3logos\u201d se\u00f1alaron desde la organizaci\u00f3n.<\/p>\n\n\n\n<p>Cabe\ndestacarse que la dislexia es un trastorno\ndel aprendizaje de la lectoescritura, de car\u00e1cter persistente y espec\u00edfico, que\nse da en ni\u00f1os que no presentan ning\u00fan h\u00e1ndicap f\u00edsico, ps\u00edquico ni\nsociocultural y cuyo origen parece derivar de una alteraci\u00f3n del\nneurodesarrollo.&nbsp;<\/p>\n\n\n\n<p>La\ncharla ser\u00e1 abierta al p\u00fablico en general. En el primer piso del Palacio\nMunicipal de Avenida 29, entre 24 y 26. <\/p>\n","protected":false},"excerpt":{"rendered":"<p>A partir de las 9:30 del s\u00e1bado 16 ser\u00e1 la charla sobre dificultades espec\u00edficas del aprendizaje. Gratuita y abierta al &#8230; <a title=\"Realizar\u00e1n encuentro informativo sobre Dislexia\" class=\"read-more\" href=\"https:\/\/www.hoymercedes.com.ar\/principal\/2019\/11\/15\/realizaran-encuentro-informativo-sobre-dislexia\/\" aria-label=\"Leer m\u00e1s sobre Realizar\u00e1n encuentro informativo sobre Dislexia\">Leer m\u00e1s<\/a><\/p>\n","protected":false},"author":1,"featured_media":102363,"comment_status":"closed","ping_status":"open","sticky":false,"template":"","format":"standard","meta":{"_monsterinsights_skip_tracking":false,"_monsterinsights_sitenote_active":false,"_monsterinsights_sitenote_note":"","_monsterinsights_sitenote_category":0,"jetpack_post_was_ever_published":false,"_jetpack_newsletter_access":"","_jetpack_dont_email_post_to_subs":false,"_jetpack_newsletter_tier_id":0,"_jetpack_memberships_contains_paywalled_content":false,"_jetpack_memberships_contains_paid_content":false,"footnotes":"","jetpack_publicize_message":"","jetpack_publicize_feature_enabled":true,"jetpack_social_post_already_shared":true,"jetpack_social_options":{"image_generator_settings":{"template":"highway","default_image_id":0,"font":"","enabled":false},"version":2},"_wpas_customize_per_network":false},"categories":[30],"tags":[15914,47,244,134],"class_list":["post-102361","post","type-post","status-publish","format-standard","has-post-thumbnail","hentry","category-municipio","tag-dislexia","tag-educacion-2","tag-municipio-2","tag-salud","generate-columns","tablet-grid-50","mobile-grid-100","grid-parent","grid-50"],"jetpack_publicize_connections":[],"jetpack_featured_media_url":"https:\/\/www.hoymercedes.com.ar\/principal\/wp-content\/uploads\/2019\/11\/14-Charla-Dislexia.jpeg","wps_subtitle":"En la ma\u00f1ana del s\u00e1bado","jetpack_sharing_enabled":true,"_links":{"self":[{"href":"https:\/\/www.hoymercedes.com.ar\/principal\/wp-json\/wp\/v2\/posts\/102361","targetHints":{"allow":["GET"]}}],"collection":[{"href":"https:\/\/www.hoymercedes.com.ar\/principal\/wp-json\/wp\/v2\/posts"}],"about":[{"href":"https:\/\/www.hoymercedes.com.ar\/principal\/wp-json\/wp\/v2\/types\/post"}],"author":[{"embeddable":true,"href":"https:\/\/www.hoymercedes.com.ar\/principal\/wp-json\/wp\/v2\/users\/1"}],"replies":[{"embeddable":true,"href":"https:\/\/www.hoymercedes.com.ar\/principal\/wp-json\/wp\/v2\/comments?post=102361"}],"version-history":[{"count":0,"href":"https:\/\/www.hoymercedes.com.ar\/principal\/wp-json\/wp\/v2\/posts\/102361\/revisions"}],"wp:featuredmedia":[{"embeddable":true,"href":"https:\/\/www.hoymercedes.com.ar\/principal\/wp-json\/wp\/v2\/media\/102363"}],"wp:attachment":[{"href":"https:\/\/www.hoymercedes.com.ar\/principal\/wp-json\/wp\/v2\/media?parent=102361"}],"wp:term":[{"taxonomy":"category","embeddable":true,"href":"https:\/\/www.hoymercedes.com.ar\/principal\/wp-json\/wp\/v2\/categories?post=102361"},{"taxonomy":"post_tag","embeddable":true,"href":"https:\/\/www.hoymercedes.com.ar\/principal\/wp-json\/wp\/v2\/tags?post=102361"}],"curies":[{"name":"wp","href":"https:\/\/api.w.org\/{rel}","templated":true}]}}