{"id":102379,"date":"2019-11-14T21:14:00","date_gmt":"2019-11-15T00:14:00","guid":{"rendered":"http:\/\/www.hoymercedes.com.ar\/principal\/?p=102379"},"modified":"2019-11-14T18:01:48","modified_gmt":"2019-11-14T21:01:48","slug":"homenajean-al-prof-ricardo-tabossi-imponiendo-su-nombre-a-la-calle-27-entre-28-y-30","status":"publish","type":"post","link":"https:\/\/www.hoymercedes.com.ar\/principal\/2019\/11\/14\/homenajean-al-prof-ricardo-tabossi-imponiendo-su-nombre-a-la-calle-27-entre-28-y-30\/","title":{"rendered":"Homenajean al Prof. Ricardo Tabossi imponiendo su nombre a la calle 27, entre 28 y 30"},"content":{"rendered":"\n<p><em>Los concejales aprobaron el proyecto presentado por el Instituto Juan Manuel de Rosas, instituci\u00f3n que el profesor Tabossi integr\u00f3 y del cual era presidente honorario. Los legisladores aprovecharon la oportunidad para recordar el docente e historiador fallecido en marzo pasado. <\/em><\/p>\n\n\n\n<figure class=\"wp-block-image size-large\"><img loading=\"lazy\" decoding=\"async\" width=\"800\" height=\"600\" data-attachment-id=\"102352\" data-permalink=\"https:\/\/www.hoymercedes.com.ar\/principal\/2019\/11\/14\/alumnos-de-la-escuela-tecnica-de-gowland-limpiaron-el-arroyo-balta\/tabossi-calle\/#main\" data-orig-file=\"https:\/\/www.hoymercedes.com.ar\/principal\/wp-content\/uploads\/2019\/11\/Tabossi-Calle.jpg\" data-orig-size=\"800,600\" data-comments-opened=\"0\" data-image-meta=\"{&quot;aperture&quot;:&quot;0&quot;,&quot;credit&quot;:&quot;&quot;,&quot;camera&quot;:&quot;&quot;,&quot;caption&quot;:&quot;&quot;,&quot;created_timestamp&quot;:&quot;0&quot;,&quot;copyright&quot;:&quot;&quot;,&quot;focal_length&quot;:&quot;0&quot;,&quot;iso&quot;:&quot;0&quot;,&quot;shutter_speed&quot;:&quot;0&quot;,&quot;title&quot;:&quot;&quot;,&quot;orientation&quot;:&quot;0&quot;}\" data-image-title=\"Tabossi Calle\" data-image-description=\"\" data-image-caption=\"\" data-large-file=\"https:\/\/www.hoymercedes.com.ar\/principal\/wp-content\/uploads\/2019\/11\/Tabossi-Calle.jpg\" src=\"https:\/\/www.hoymercedes.com.ar\/principal\/wp-content\/uploads\/2019\/11\/Tabossi-Calle.jpg\" alt=\"\" class=\"wp-image-102352\" srcset=\"https:\/\/www.hoymercedes.com.ar\/principal\/wp-content\/uploads\/2019\/11\/Tabossi-Calle.jpg 800w, https:\/\/www.hoymercedes.com.ar\/principal\/wp-content\/uploads\/2019\/11\/Tabossi-Calle-630x473.jpg 630w, https:\/\/www.hoymercedes.com.ar\/principal\/wp-content\/uploads\/2019\/11\/Tabossi-Calle-150x113.jpg 150w\" sizes=\"auto, (max-width: 800px) 100vw, 800px\" \/><\/figure>\n\n\n\n<p>En el marco de una nueva sesi\u00f3n ordinaria, la ante\u00faltima\nde este per\u00edodo, los Concejales de la ciudad se conformaron en comisi\u00f3n para\ntratar y aprobar un proyecto. Se trata de la imposici\u00f3n del nombre de \u201cProf.\nRicardo Tabossi\u201d a la cuadra de calle 27, entre 28 y 30, proyecto que present\u00f3\nel Instituto Juan Manuel de Rosas.&nbsp; <\/p>\n\n\n\n<p>Promediando la sesi\u00f3n, los concejales trataron el\nexpediente que se inici\u00f3 como una petici\u00f3n particular del Instituto Juan Manuel\nde Rosas, instituci\u00f3n que el profesor Ricardo Tabossi, recientemente fallecido,\nsupo integrar y del cual fue Presidente Honorario. La petici\u00f3n de los vecinos\nmotiv\u00f3 a los concejales a expresar palabras de admiraci\u00f3n y reconocimiento al\nhistoriador fallecido en marzo de este a\u00f1o. <\/p>\n\n\n\n<p>El primero en tomar la palabra fue el Concejal Santiago\nAltube que manifest\u00f3 \u201clo parad\u00f3jico\u201d de la sesi\u00f3n en donde modificaron una\nordenanza en la cual hab\u00eda trabajado Ricardo Tabossi. \u201cCuando la Secretar\u00eda\ncoment\u00f3 el haber encontrado los libros del Concejo Deliberante de 1860 a 1880 y\nlo que significaba para el profesor Tabossi ese hallazgo. El esfuerzo que \u00e9l\nhac\u00eda para que la gente de Mercedes entienda la historia de la ciudad y lo que\nimplicaba el tener el libro 1 del Concejo Deliberante. Con la ordenanza 1\u201d,\ndijo y record\u00f3 la edici\u00f3n del \u00faltimo libro del profesor Tabossi que recopilaba\nla historia de la Parroquia San Luis, edici\u00f3n que se realiz\u00f3 en el marco de la\nComisi\u00f3n Municipal de Patrimonio que integran los legisladores locales,\nmientras que otros de sus libros sobre las invasiones inglesas fue patrocinado\npor el Concejo Deliberante de Mercedes y presentado en el recinto. <\/p>\n\n\n\n<p>\u201cEn personas como \u00e9l que tanto esfuerzo hicieron y\ndedicaron su vida a que nuestra sociedad conozca su historia. En los \u00faltimos\na\u00f1os, habl\u00e9 bastante de la historia de Mercedes con \u00e9l. Ricardo me planteaba la\nnecesidad, y tal vez, la iniciativa, de hacer algo similar a lo que hizo el Dr.\nTama\u00f1o mientras fue Intendente de la ciudad. Que era hacer libros chicos de la\nhistoria de Mercedes para que se lean en las escuelas. Era una buena idea que\nhay que tener en cuenta. Mercedes es una ciudad con mucha historia que Ricardo\ninvestigaba y difund\u00eda\u201d, marc\u00f3 Altube. <\/p>\n\n\n\n<p>A su t\u00e9rmino, Celeste Burone agreg\u00f3 que recorrieron las\nescuelas con los concejales para difundir sus libros mostrando la aceptaci\u00f3n\npor parte de los estudiantes secundarios m\u00e1s all\u00e1 de haber dejado el ejercicio\nde la docencia varios a\u00f1os antes. Carlos Milhomme, por su parte, reconoci\u00f3 la\nlabor del profesor Tabossi como historiador e investigador de la tarea\nlegislativa de la ciudad. \u201cSiempre ten\u00eda una historia y era algo que nos\nilustraba de Mercedes. Pero adem\u00e1s, los que tuvimos el placer de que haya sido\nprofesor de nuestros hijos, reconocemos en Ricardo una caracter\u00edstica poco\nhabitual. Era exigente, como tiene que ser, pero generaba en los alumnos una\nempat\u00eda que hac\u00eda que despu\u00e9s se acordasen de \u00e9l siempre. C\u00f3mo ense\u00f1aba, c\u00f3mo\nera como persona, su sentido del humor, como se expresaba ante los alumnos. Esa\ncapacidad era una de las tantas que ten\u00eda Ricardo. Ser\u00e1 un hecho importante que\ncada vez que pasemos por esa cuadra, lo recordemos y lo recuerden sus alumnos y\nlos hijos de sus alumnos\u201d, agreg\u00f3 Milhomme. <\/p>\n\n\n\n<p>La ordenanza implic\u00f3 una modificaci\u00f3n de la norma de 1906\nque impon\u00eda otro nombre para la cuadra elegida. Entre 28 y 30, de la calle 27,\ncuadra donde supo vivir el Profesor Tabossi, llevar\u00e1 su nombre. Una placa con\nuna estrella federal recordar\u00e1 al profesor de historia. El acto de imposici\u00f3n\nde nombre no tiene fecha certera. Depender\u00e1 de la decisi\u00f3n del departamento\nejecutivo con la anuencia de la familia Tabossi y de los integrantes del\nInstituto Juan Manuel de Rosas. <\/p>\n","protected":false},"excerpt":{"rendered":"<p>Los concejales aprobaron el proyecto presentado por el Instituto Juan Manuel de Rosas, instituci\u00f3n que el profesor Tabossi integr\u00f3 y &#8230; <a title=\"Homenajean al Prof. Ricardo Tabossi imponiendo su nombre a la calle 27, entre 28 y 30\" class=\"read-more\" href=\"https:\/\/www.hoymercedes.com.ar\/principal\/2019\/11\/14\/homenajean-al-prof-ricardo-tabossi-imponiendo-su-nombre-a-la-calle-27-entre-28-y-30\/\" aria-label=\"Leer m\u00e1s sobre Homenajean al Prof. Ricardo Tabossi imponiendo su nombre a la calle 27, entre 28 y 30\">Leer m\u00e1s<\/a><\/p>\n","protected":false},"author":1,"featured_media":90115,"comment_status":"closed","ping_status":"open","sticky":false,"template":"","format":"standard","meta":{"_monsterinsights_skip_tracking":false,"_monsterinsights_sitenote_active":false,"_monsterinsights_sitenote_note":"","_monsterinsights_sitenote_category":0,"jetpack_post_was_ever_published":false,"_jetpack_newsletter_access":"","_jetpack_dont_email_post_to_subs":false,"_jetpack_newsletter_tier_id":0,"_jetpack_memberships_contains_paywalled_content":false,"_jetpack_memberships_contains_paid_content":false,"footnotes":"","jetpack_publicize_message":"","jetpack_publicize_feature_enabled":true,"jetpack_social_post_already_shared":true,"jetpack_social_options":{"image_generator_settings":{"template":"highway","default_image_id":0,"font":"","enabled":false},"version":2},"_wpas_customize_per_network":false},"categories":[11],"tags":[10616,236,8834,9653,15919],"class_list":["post-102379","post","type-post","status-publish","format-standard","has-post-thumbnail","hentry","category-ciudad","tag-calles","tag-concejo-deliberante","tag-homenaje","tag-ordenanza","tag-prof-tabossi","generate-columns","tablet-grid-50","mobile-grid-100","grid-parent","grid-50"],"jetpack_publicize_connections":[],"jetpack_featured_media_url":"https:\/\/www.hoymercedes.com.ar\/principal\/wp-content\/uploads\/2019\/03\/25-tabossi.jpg","wps_subtitle":"Aprobado por los concejales","jetpack_sharing_enabled":true,"_links":{"self":[{"href":"https:\/\/www.hoymercedes.com.ar\/principal\/wp-json\/wp\/v2\/posts\/102379","targetHints":{"allow":["GET"]}}],"collection":[{"href":"https:\/\/www.hoymercedes.com.ar\/principal\/wp-json\/wp\/v2\/posts"}],"about":[{"href":"https:\/\/www.hoymercedes.com.ar\/principal\/wp-json\/wp\/v2\/types\/post"}],"author":[{"embeddable":true,"href":"https:\/\/www.hoymercedes.com.ar\/principal\/wp-json\/wp\/v2\/users\/1"}],"replies":[{"embeddable":true,"href":"https:\/\/www.hoymercedes.com.ar\/principal\/wp-json\/wp\/v2\/comments?post=102379"}],"version-history":[{"count":0,"href":"https:\/\/www.hoymercedes.com.ar\/principal\/wp-json\/wp\/v2\/posts\/102379\/revisions"}],"wp:featuredmedia":[{"embeddable":true,"href":"https:\/\/www.hoymercedes.com.ar\/principal\/wp-json\/wp\/v2\/media\/90115"}],"wp:attachment":[{"href":"https:\/\/www.hoymercedes.com.ar\/principal\/wp-json\/wp\/v2\/media?parent=102379"}],"wp:term":[{"taxonomy":"category","embeddable":true,"href":"https:\/\/www.hoymercedes.com.ar\/principal\/wp-json\/wp\/v2\/categories?post=102379"},{"taxonomy":"post_tag","embeddable":true,"href":"https:\/\/www.hoymercedes.com.ar\/principal\/wp-json\/wp\/v2\/tags?post=102379"}],"curies":[{"name":"wp","href":"https:\/\/api.w.org\/{rel}","templated":true}]}}