{"id":102392,"date":"2019-11-15T11:55:13","date_gmt":"2019-11-15T14:55:13","guid":{"rendered":"http:\/\/www.hoymercedes.com.ar\/principal\/?p=102392"},"modified":"2019-11-15T11:59:38","modified_gmt":"2019-11-15T14:59:38","slug":"tres-dias-de-festejo-por-la-tradicion-argentina","status":"publish","type":"post","link":"https:\/\/www.hoymercedes.com.ar\/principal\/2019\/11\/15\/tres-dias-de-festejo-por-la-tradicion-argentina\/","title":{"rendered":"Tres d\u00edas de festejo por la Tradici\u00f3n Argentina"},"content":{"rendered":"\n<p>Desde este viernes y hasta la noche del domingo, la ciudad de Mercedes festejar\u00e1 el D\u00eda de la Tradici\u00f3n con distintas actividades que se centrar\u00e1n en diferentes puntos de la ciudad. Este 15 de noviembre, el festejo ser\u00e1 en el barrio Ravello, mientras que el s\u00e1bado y domingo por la tarde la Fiesta de la Tradici\u00f3n se mudar\u00e1 al Parque Municipal y finalmente el domingo en el Centro Cultural La Trocha habr\u00e1 desfile gaucho.<\/p>\n\n\n\n<figure class=\"wp-block-image size-large\"><img loading=\"lazy\" decoding=\"async\" width=\"800\" height=\"533\" data-attachment-id=\"102396\" data-permalink=\"https:\/\/www.hoymercedes.com.ar\/principal\/2019\/11\/15\/tres-dias-de-festejo-por-la-tradicion-argentina\/15-tradicion-2\/#main\" data-orig-file=\"https:\/\/www.hoymercedes.com.ar\/principal\/wp-content\/uploads\/2019\/11\/15-Tradicion-2.jpg\" data-orig-size=\"800,533\" data-comments-opened=\"0\" data-image-meta=\"{&quot;aperture&quot;:&quot;0&quot;,&quot;credit&quot;:&quot;SEBASTIANAMBROSSIO&quot;,&quot;camera&quot;:&quot;&quot;,&quot;caption&quot;:&quot;&quot;,&quot;created_timestamp&quot;:&quot;0&quot;,&quot;copyright&quot;:&quot;SebastianAmbrossio&quot;,&quot;focal_length&quot;:&quot;0&quot;,&quot;iso&quot;:&quot;0&quot;,&quot;shutter_speed&quot;:&quot;0&quot;,&quot;title&quot;:&quot;&quot;,&quot;orientation&quot;:&quot;0&quot;}\" data-image-title=\"15 Tradicion-2\" data-image-description=\"\" data-image-caption=\"\" data-large-file=\"https:\/\/www.hoymercedes.com.ar\/principal\/wp-content\/uploads\/2019\/11\/15-Tradicion-2.jpg\" src=\"https:\/\/www.hoymercedes.com.ar\/principal\/wp-content\/uploads\/2019\/11\/15-Tradicion-2.jpg\" alt=\"\" class=\"wp-image-102396\" srcset=\"https:\/\/www.hoymercedes.com.ar\/principal\/wp-content\/uploads\/2019\/11\/15-Tradicion-2.jpg 800w, https:\/\/www.hoymercedes.com.ar\/principal\/wp-content\/uploads\/2019\/11\/15-Tradicion-2-630x420.jpg 630w, https:\/\/www.hoymercedes.com.ar\/principal\/wp-content\/uploads\/2019\/11\/15-Tradicion-2-150x100.jpg 150w, https:\/\/www.hoymercedes.com.ar\/principal\/wp-content\/uploads\/2019\/11\/15-Tradicion-2-700x465.jpg 700w\" sizes=\"auto, (max-width: 800px) 100vw, 800px\" \/><\/figure>\n\n\n\n<p>De acuerdo a la grilla enviada por el Municipio las celebraciones por las costumbres rurales y gauchas, comenzar\u00e1n el viernes 15 en \u00abBoliche Los Vascos\u00bb de 10 entre 83 y 85. Desde la hora 20:30, all\u00ed actuar\u00e1n Estilo Arte Malambo.<\/p>\n\n\n\n<p>El s\u00e1bado, el Parque Municipal ser\u00e1 la sede de los festejos. A partir de la hora 14, actuar\u00e1n&nbsp;Herederos de mi tierra, Fernando Pazos y la Yunta, Ballet Almafuerte, Gonzalo Jes\u00fas, Pasi\u00f3n gaucha, Semilla agreste, El bagual, Sachapampa, Ballet virgencita de Luj\u00e1n, Los L\u00f3pez Heredia, Juanjo Abreg\u00fa, y Candela Mazza.<\/p>\n\n\n\n<p>Mientras que&nbsp;el domingo el escenario ser\u00e1 el Centro Cultural La Trocha con el Desfile Gaucho, cuerpos de danzas y agrupaciones gauchas. Desde la hora 10:30 har\u00e1n sus presentaciones. Por lo tarde, de nuevo en el Parque Municipal, actuar\u00e1n&nbsp;Ayek\u00e1n, Sebasti\u00e1n Giovanetone, Pehuamayen, Pablo Aschero, Ballet Nuestra se\u00f1ora de las Mercedes, Oscar Rosello, Ballet municipal, Nico Cercola, Kino y Marcelo Miraglia.<\/p>\n","protected":false},"excerpt":{"rendered":"<p>Desde este viernes y hasta la noche del domingo, la ciudad de Mercedes festejar\u00e1 el D\u00eda de la Tradici\u00f3n con &#8230; <a title=\"Tres d\u00edas de festejo por la Tradici\u00f3n Argentina\" class=\"read-more\" href=\"https:\/\/www.hoymercedes.com.ar\/principal\/2019\/11\/15\/tres-dias-de-festejo-por-la-tradicion-argentina\/\" aria-label=\"Leer m\u00e1s sobre Tres d\u00edas de festejo por la Tradici\u00f3n Argentina\">Leer m\u00e1s<\/a><\/p>\n","protected":false},"author":1,"featured_media":102396,"comment_status":"closed","ping_status":"open","sticky":false,"template":"","format":"standard","meta":{"_monsterinsights_skip_tracking":false,"_monsterinsights_sitenote_active":false,"_monsterinsights_sitenote_note":"","_monsterinsights_sitenote_category":0,"jetpack_post_was_ever_published":false,"_jetpack_newsletter_access":"","_jetpack_dont_email_post_to_subs":false,"_jetpack_newsletter_tier_id":0,"_jetpack_memberships_contains_paywalled_content":false,"_jetpack_memberships_contains_paid_content":false,"footnotes":"","jetpack_publicize_message":"","jetpack_publicize_feature_enabled":true,"jetpack_social_post_already_shared":true,"jetpack_social_options":{"image_generator_settings":{"template":"highway","default_image_id":0,"font":"","enabled":false},"version":2},"_wpas_customize_per_network":false},"categories":[30],"tags":[],"class_list":["post-102392","post","type-post","status-publish","format-standard","has-post-thumbnail","hentry","category-municipio","generate-columns","tablet-grid-50","mobile-grid-100","grid-parent","grid-50"],"jetpack_publicize_connections":[],"jetpack_featured_media_url":"https:\/\/www.hoymercedes.com.ar\/principal\/wp-content\/uploads\/2019\/11\/15-Tradicion-2.jpg","wps_subtitle":"Viernes, s\u00e1bado y domingo","jetpack_sharing_enabled":true,"_links":{"self":[{"href":"https:\/\/www.hoymercedes.com.ar\/principal\/wp-json\/wp\/v2\/posts\/102392","targetHints":{"allow":["GET"]}}],"collection":[{"href":"https:\/\/www.hoymercedes.com.ar\/principal\/wp-json\/wp\/v2\/posts"}],"about":[{"href":"https:\/\/www.hoymercedes.com.ar\/principal\/wp-json\/wp\/v2\/types\/post"}],"author":[{"embeddable":true,"href":"https:\/\/www.hoymercedes.com.ar\/principal\/wp-json\/wp\/v2\/users\/1"}],"replies":[{"embeddable":true,"href":"https:\/\/www.hoymercedes.com.ar\/principal\/wp-json\/wp\/v2\/comments?post=102392"}],"version-history":[{"count":0,"href":"https:\/\/www.hoymercedes.com.ar\/principal\/wp-json\/wp\/v2\/posts\/102392\/revisions"}],"wp:featuredmedia":[{"embeddable":true,"href":"https:\/\/www.hoymercedes.com.ar\/principal\/wp-json\/wp\/v2\/media\/102396"}],"wp:attachment":[{"href":"https:\/\/www.hoymercedes.com.ar\/principal\/wp-json\/wp\/v2\/media?parent=102392"}],"wp:term":[{"taxonomy":"category","embeddable":true,"href":"https:\/\/www.hoymercedes.com.ar\/principal\/wp-json\/wp\/v2\/categories?post=102392"},{"taxonomy":"post_tag","embeddable":true,"href":"https:\/\/www.hoymercedes.com.ar\/principal\/wp-json\/wp\/v2\/tags?post=102392"}],"curies":[{"name":"wp","href":"https:\/\/api.w.org\/{rel}","templated":true}]}}